{"id":546003,"date":"2022-05-11T00:08:09","date_gmt":"2022-05-11T05:08:09","guid":{"rendered":"https:\/\/www.diarioimagen.net\/?p=546003"},"modified":"2022-05-11T01:36:19","modified_gmt":"2022-05-11T06:36:19","slug":"dos-periodistas-mas","status":"publish","type":"post","link":"https:\/\/www.diarioimagen.net\/?p=546003","title":{"rendered":"Dos periodistas m\u00e1s"},"content":{"rendered":"<h2>Detr\u00e1s del Poder<\/h2>\n<h5>Jos\u00e9 Antonio L\u00f3pez Sosa<\/h5>\n<p>&nbsp;<\/p>\n<p>Esta ola de asesinatos a colegas periodistas parece no tener fin. Y no lo tiene porque ninguno de los involucrados con la seguridad de los periodistas y ciudadanos tiene la voluntad que as\u00ed suceda.<\/p>\n<p>Mientras siguen matando a nuestros colegas, desde el gobierno de M\u00e9xico se sigue analizando qui\u00e9n es conservador y qui\u00e9n es neoliberal.<\/p>\n<p>Transcribo textualmente el posicionamiento de nuestra Academia Nacional de Periodistas de Radio y Televisi\u00f3n, A.C., presidida por mi colega Miguel \u00c1ngel L\u00f3pez Far\u00edas con relaci\u00f3n a esta terrible situaci\u00f3n:<\/p>\n<p><strong>Y el se\u00f1or presidente&#8230;\u00a0 \u00bfDuerme tranquilo?<\/strong><\/p>\n<p><strong><em>Presidente Andr\u00e9s Manuel L\u00f3pez Obrador<\/em><\/strong><em>, usted y el gobernador de Veracruz,<strong>Cuitl\u00e1huac Garc\u00eda Jim\u00e9nez<\/strong>, pueden dormir?&#8230; y si as\u00ed fuere \u00bfduermen tranquilos?<\/em><\/p>\n<p><em>El gremio period\u00edstico \u00bfdebe creer aqu\u00e9llo de que las autoridades \u201cllegar\u00e1n hasta sus \u00faltimas consecuencias?\u201d.<\/em><\/p>\n<p><em>Los territorios geogr\u00e1ficos de Morena, su partido, se han convertido en inevitables tumbas para las y los periodistas, y ahora albergan en sus conciencias -si es que tienen-, los arteros asesinatos de\u00a0<strong>Yesenia Mollinedo Falconi<\/strong>, directora de la publicaci\u00f3n El Veraz, y su camar\u00f3grafa,\u00a0<strong>Sheila Johana Garc\u00eda Olivera<\/strong>.<\/em><\/p>\n<p><em>El pueblo de M\u00e9xico a\u00fan no se da cuenta que respiramos en el infierno y convivimos con la barbarie; quienes poseemos informaci\u00f3n y trabajamos con las noticias como materia prima, somos las y los periodistas, quienes muy a nuestro pesar seguimos visibilizando a un M\u00e9xico de sangre y brutalidad.<\/em><\/p>\n<p><strong><em>Lo decimos EN VOZ ALTA, \u00a1aunque las balas nos busquen para callarnos &#8230; aunque este infierno nos queme!<\/em><\/strong><\/p>\n<p><em>Con estos dos cr\u00edmenes de nuestras colegas\u00a0<strong>Yesenia Mollinedo Falconi\u00a0<\/strong>y<strong>Sheila Johana Garc\u00eda Olivera<\/strong>, suman ya 11 los asesinatos de periodistas en nuestro pa\u00eds, como si el Gobierno de la Rep\u00fablica pretendiera alcanzar el n\u00famero de asesinatos en otras geograf\u00edas sometidas a invasiones militares, es decir, zonas de guerra.<\/em><\/p>\n<p><em>Es evidente que hay un ambiente de linchamiento desde el Estado contra el gremio period\u00edstico mexicano, que -de no detenerse-, seguir\u00e1 sumando asesinatos como si fueran trofeos.<\/em><\/p>\n<p><strong><em>Que no se le olvide Se\u00f1or Presidente Andr\u00e9s Manuel L\u00f3pez Obrador, que El Estado Mexicano est\u00e1 obligado a proteger y garantizar la vida y seguridad de las y los profesionales del Periodismo. No manipule la br\u00fajula con fuegos artificiales. Academia Nacional de Periodistas en Radio y Televisi\u00f3n, A.C.<\/em><\/strong><\/p>\n<p><em><a href=\"http:\/\/www.lopezsosa.com\" target=\"_blank\" rel=\"noopener\">www.lopezsosa.com<\/a><\/em><br \/>\n<em><a href=\"mailto:joseantonio@lopezsosa.com\" target=\"_blank\" rel=\"noopener\">joseantonio@lopezsosa.com<\/a><\/em><br \/>\n<em><a href=\"http:\/\/twitter.com\/joseantonio1977\" target=\"_blank\" rel=\"noopener\">@joseantonio197<\/a><\/em><\/p>\n","protected":false},"excerpt":{"rendered":"<p><span style=\"color: #005497;\"><strong>Jos\u00e9 Antonio L\u00f3pez Sosa<\/strong><\/span><\/p>\n","protected":false},"author":3,"featured_media":0,"comment_status":"open","ping_status":"open","sticky":false,"template":"","format":"standard","meta":{"_monsterinsights_skip_tracking":false,"_monsterinsights_sitenote_active":false,"_monsterinsights_sitenote_note":"","_monsterinsights_sitenote_category":0,"footnotes":""},"categories":[637],"tags":[638,43690,43674],"class_list":["post-546003","post","type-post","status-publish","format-standard","hentry","category-jose-antonio-lopez-sosa","tag-detras-del-poder","tag-jose-antonio-lopez-sosa","tag-opinion"],"_links":{"self":[{"href":"https:\/\/www.diarioimagen.net\/index.php?rest_route=\/wp\/v2\/posts\/546003","targetHints":{"allow":["GET"]}}],"collection":[{"href":"https:\/\/www.diarioimagen.net\/index.php?rest_route=\/wp\/v2\/posts"}],"about":[{"href":"https:\/\/www.diarioimagen.net\/index.php?rest_route=\/wp\/v2\/types\/post"}],"author":[{"embeddable":true,"href":"https:\/\/www.diarioimagen.net\/index.php?rest_route=\/wp\/v2\/users\/3"}],"replies":[{"embeddable":true,"href":"https:\/\/www.diarioimagen.net\/index.php?rest_route=%2Fwp%2Fv2%2Fcomments&post=546003"}],"version-history":[{"count":0,"href":"https:\/\/www.diarioimagen.net\/index.php?rest_route=\/wp\/v2\/posts\/546003\/revisions"}],"wp:attachment":[{"href":"https:\/\/www.diarioimagen.net\/index.php?rest_route=%2Fwp%2Fv2%2Fmedia&parent=546003"}],"wp:term":[{"taxonomy":"category","embeddable":true,"href":"https:\/\/www.diarioimagen.net\/index.php?rest_route=%2Fwp%2Fv2%2Fcategories&post=546003"},{"taxonomy":"post_tag","embeddable":true,"href":"https:\/\/www.diarioimagen.net\/index.php?rest_route=%2Fwp%2Fv2%2Ftags&post=546003"}],"curies":[{"name":"wp","href":"https:\/\/api.w.org\/{rel}","templated":true}]}}