{"id":546004,"date":"2022-05-11T00:10:14","date_gmt":"2022-05-11T05:10:14","guid":{"rendered":"https:\/\/www.diarioimagen.net\/?p=546004"},"modified":"2022-05-11T01:37:34","modified_gmt":"2022-05-11T06:37:34","slug":"indiferencia-criminal-en-la-4t","status":"publish","type":"post","link":"https:\/\/www.diarioimagen.net\/?p=546004","title":{"rendered":"Indiferencia criminal en la 4T"},"content":{"rendered":"<h2>Triple Erre<\/h2>\n<h5>Francisco Reynoso<\/h5>\n<p>&nbsp;<\/p>\n<p>Con el mismo ego\u00edsmo criminal con el que L\u00f3pez Obrador destruye parte de la selva maya, el m\u00e1s malito de sus pupilos: David Monreal, permite que el fuego arrase una extensa zona del semidesierto de Zacatecas.<\/p>\n<p>Est\u00e1 plenamente comprobado en los hechos que la 4T es enemiga del medio ambiente, de los recursos naturales y de la riqu\u00edsima biodiversidad que hasta ahora puede presumir M\u00e9xico.<\/p>\n<p>En Zacatecas, hace m\u00e1s de un mes estall\u00f3 un incendio en los l\u00edmites de los municipios mineros de Mazapil y Concepci\u00f3n del Oro. El lunes pasado, habitantes de los dos lugares bloquearon la carretera a Coahuila en demanda de apoyo del gobierno federal y del estatal porque las llamas han causado da\u00f1os inmensos en alrededor de 550 hect\u00e1reas.<\/p>\n<p>Los lugare\u00f1os consideran indispensable que el incendio se combata por aire, con uno o varios helic\u00f3pteros. A ras de tierra, las brigadas de Protecci\u00f3n Civil de los dos municipios, y de otros cuatro que mandaron voluntarios, han tenido resultados muy pobres.<\/p>\n<p style=\"text-align: center;\"><strong>AMLO secuestr\u00f3 impuestos mineros <\/strong><\/p>\n<p>La petici\u00f3n de ayuda a\u00e9rea encontr\u00f3 o\u00eddos sordos en el Ejecutivo estatal. David Monreal mand\u00f3 decir a los ciudadanos que se rostizan por el calor del fuego y de la temperatura: \u201cNo est\u00e1n solos\u201d. Y mand\u00f3 20 elementos de Protecci\u00f3n Civil Estatal con su jefe Je\u00fa M\u00e1rquez al frente. De la petici\u00f3n del helic\u00f3ptero, nada.<\/p>\n<p>Los alcaldes de Mazapil y Concha del Oro, Mario Mac\u00edas y Jos\u00e9 Luis Mart\u00ednez, gestionaron con las poderosas empresas mineras de la zona: Pe\u00f1oles y Pe\u00f1asquito, \u00e9sta la m\u00e1s grande productora de oro de Am\u00e9rica Latina, la contrataci\u00f3n de un helic\u00f3ptero. Pero llegar\u00eda hasta la semana pr\u00f3xima.<\/p>\n<p>Antes de que L\u00f3pez Obrador secuestrara el impuesto minero, los municipios como Mazapil y Concha del Oro recib\u00edan cuantiosos recursos para obras sociales. Ahora no tienen ni para comprar pipas de agua de 500 pesos.<\/p>\n<p style=\"text-align: center;\"><strong>H\u00e1bitat del \u00e1guila real<\/strong><\/p>\n<p>El semidesierto de Zacatecas abarca una superficie de 2.5 millones de hect\u00e1reas. Es el m\u00e1s extenso e inexplorado de Norteam\u00e9rica. Alberga 60% de la superficie \u00e1rida de M\u00e9xico. Contiene riquezas naturales enormes, adem\u00e1s de los minerales que los consorcios internacionales saquean impunemente. Ah\u00ed se localiza la mayor cantidad de ejemplares del \u00e1guila real, la especie emblem\u00e1tica del M\u00e9xico.<\/p>\n<p>Viven tambi\u00e9n en el semidesierto de Zacatecas otras especies, como el \u00e1guila real, en peligro de extinci\u00f3n, como el halc\u00f3n peregrino, murci\u00e9lago de cabeza plana, oso negro, perrito de la pradera y mariposa monarca.<\/p>\n<p>En 2015, el presidente Enrique Pe\u00f1a Nieto present\u00f3 un proyecto de decreto para declarar zona natural protegida a los 2.5 millones de hect\u00e1reas del semidesierto.<\/p>\n<p>El entonces gobernador Miguel Alonso y Alejandro del Mazo, comisionado de \u00c1reas Naturales Protegidas lo discutieron con los empresarios mineros y las autoridades de los municipios involucrados. Hubo una gran presi\u00f3n desde Canad\u00e1 para que el decreto no prosperara. Y al final de cuentas no prosper\u00f3.<\/p>\n<p>Y ah\u00ed sigue el semidesierto, ofreciendo sus riquezas a las mineras Pe\u00f1oles, Pe\u00f1asquito y a las del grupo Frisco de Carlos Slim.<\/p>\n<p>De 2015 a 2019, las minas de Zacatecas produjeron 121 mil toneladas de oro, con valor de 20 mil millones de pesos. Y 13 millones de toneladas de plata con valor de 19 mil millones de pesos.<\/p>\n<p>Hasta la llegada de L\u00f3pez Obrador al poder, el impuesto minero que pagan las empresas de acuerdo a sus vol\u00famenes de extracci\u00f3n y ventas, se repart\u00edan a los municipios. Una parte m\u00ednima era retenida por la federaci\u00f3n y otra por los estados.<\/p>\n<p>En 2019, reci\u00e9n instalado en Palacio Nacional, L\u00f3pez Obrador decidi\u00f3 que 100% del impuesto minera quedara en la Federaci\u00f3n para salvarlo de la corrupci\u00f3n del neoliberalismo.<\/p>\n<p>Municipios como Mazapil y Concepci\u00f3n del Oro quedaron en la miseria.<\/p>\n<p>Y abandonados de la 4T y del gobierno del estado que, como los changuitos, los ven, no los oyen, no les hablan.<\/p>\n<p style=\"text-align: center;\"><strong>M\u00e1s miedo a la delincuencia<\/strong><\/p>\n<p>Los ciudadanos de Mazapil y Concha del Oro que bloquearon la carretera dijeron: \u201cDebemos presionar para que nos hagan caso las autoridades estatales y federales. El viejito (L\u00f3pez Obrador) dice que el pueblo manda; es el que pone y el que quita a sus gobernantes\u201d.<\/p>\n<p>De la nueva gobernanza de David Monreal dijeron: \u201cNo voltea a vernos. La respuesta y ayuda que nos ha mandado es insignificante contra el tama\u00f1o del siniestro. Con Monreal todo es in\u00fatil. Estamos muy mal\u201d.<\/p>\n<p>El bloqueo dur\u00f3 alrededor de 12 horas. Inici\u00f3 a las 8 de la ma\u00f1ana y se levant\u00f3 a las 8 de la noche. Los ciudadanos decidieron retirarse por cansancio. Y por decepci\u00f3n, ya que ninguna autoridad lleg\u00f3 a negociar con ellos. Los dejaron que hicieran lo que quisieran. No los pelaron.<\/p>\n<p>Y se levantaron porque despu\u00e9s de las 8 de la noche, la carretera se vuelve muy peligrosa por el ir y venir de los grupos de sicarios de las bandas del crimen organizado.<\/p>\n<p>As\u00ed que la gente volvi\u00f3 a sus casas. Le tuvieron m\u00e1s miedo a los matones de los c\u00e1rteles que al fuego.<\/p>\n<p><a href=\"mailto:donrunrun@yahoo.es\" target=\"_blank\" rel=\"noopener\"><em>donrunrun@yahoo.es<\/em><\/a><\/p>\n","protected":false},"excerpt":{"rendered":"<p><span style=\"color: #005497;\"><strong>Francisco Reynoso<\/strong><\/span><br \/>\n<br \/>\nCon el mismo ego\u00edsmo criminal con el que L\u00f3pez Obrador destruye parte de la selva maya, el m\u00e1s malito de sus pupilos: David Monreal, permite que el fuego arrase una extensa zona del semidesierto de Zacatecas.<\/p>\n","protected":false},"author":3,"featured_media":0,"comment_status":"open","ping_status":"open","sticky":false,"template":"","format":"standard","meta":{"_monsterinsights_skip_tracking":false,"_monsterinsights_sitenote_active":false,"_monsterinsights_sitenote_note":"","_monsterinsights_sitenote_category":0,"footnotes":""},"categories":[94855],"tags":[94857,43674,94856],"class_list":["post-546004","post","type-post","status-publish","format-standard","hentry","category-francisco-reynoso","tag-francisco-reynoso","tag-opinion","tag-triple-erre"],"_links":{"self":[{"href":"https:\/\/www.diarioimagen.net\/index.php?rest_route=\/wp\/v2\/posts\/546004","targetHints":{"allow":["GET"]}}],"collection":[{"href":"https:\/\/www.diarioimagen.net\/index.php?rest_route=\/wp\/v2\/posts"}],"about":[{"href":"https:\/\/www.diarioimagen.net\/index.php?rest_route=\/wp\/v2\/types\/post"}],"author":[{"embeddable":true,"href":"https:\/\/www.diarioimagen.net\/index.php?rest_route=\/wp\/v2\/users\/3"}],"replies":[{"embeddable":true,"href":"https:\/\/www.diarioimagen.net\/index.php?rest_route=%2Fwp%2Fv2%2Fcomments&post=546004"}],"version-history":[{"count":0,"href":"https:\/\/www.diarioimagen.net\/index.php?rest_route=\/wp\/v2\/posts\/546004\/revisions"}],"wp:attachment":[{"href":"https:\/\/www.diarioimagen.net\/index.php?rest_route=%2Fwp%2Fv2%2Fmedia&parent=546004"}],"wp:term":[{"taxonomy":"category","embeddable":true,"href":"https:\/\/www.diarioimagen.net\/index.php?rest_route=%2Fwp%2Fv2%2Fcategories&post=546004"},{"taxonomy":"post_tag","embeddable":true,"href":"https:\/\/www.diarioimagen.net\/index.php?rest_route=%2Fwp%2Fv2%2Ftags&post=546004"}],"curies":[{"name":"wp","href":"https:\/\/api.w.org\/{rel}","templated":true}]}}