{"id":546010,"date":"2022-05-11T00:12:28","date_gmt":"2022-05-11T05:12:28","guid":{"rendered":"https:\/\/www.diarioimagen.net\/?p=546010"},"modified":"2022-05-12T05:11:52","modified_gmt":"2022-05-12T10:11:52","slug":"es-buche-y-pluma-dicen-los-cubanos-para-senalar-a-un-hablador","status":"publish","type":"post","link":"https:\/\/www.diarioimagen.net\/?p=546010","title":{"rendered":"Es \u201cbuche y pluma\u201d, dicen los cubanos para se\u00f1alar a un hablador"},"content":{"rendered":"<h2>Tras la puerta del poder<\/h2>\n<h5>Roberto Vizca\u00edno<\/h5>\n<p>&nbsp;<\/p>\n<p>\u00bfHubo en serio alguien que se sorprendiera con la declaraci\u00f3n de\u00a0<strong>Andr\u00e9s Manuel L\u00f3pez Obrador<\/strong>\u00a0de que, si\u00a0<strong>Joe Biden<\/strong>\u00a0no invita a la Cumbre de Las Am\u00e9ricas a\u00a0<strong>Miguel D\u00edaz-Canel<\/strong>, a\u00a0<strong>Nicol\u00e1s Maduro<\/strong>\u00a0y a\u00a0<strong>Daniel Ortega,<\/strong>\u00a0\u00e9l no va?<\/p>\n<p>\u00bfO de que en su visita a Cuba le haya pedido a su\u00a0<em>amigou<\/em>\u00a0<strong>Biden\u00a0<\/strong>que \u00a1hombre! ya levante el bloqueo de 60 a\u00f1os de EU a La Isla?<\/p>\n<p>La neta, a mi hasta me decepcion\u00f3. Yo esperaba que luego de pisar la tierra del mojito y de\u00a0<strong>Fidel<\/strong> y de echarse un encuentro privado y de tener ah\u00ed para \u00e9l solito a\u00a0<strong>Ra\u00fal<\/strong>, hubiera alg\u00fan pronunciamiento algo m\u00e1s contundente, m\u00e1s\u00a0<em>revolucionario.<\/em><\/p>\n<p>Pero no, todo qued\u00f3 en pedir retirar el bloqueo y en anunciar que como no invitaron a sus amigos de Cuba, Venezuela y Nicaragua, \u00e9l no va a la cumbre. Que por M\u00e9xico va\u00a0<strong>Marcelo<\/strong>.<\/p>\n<p>Creo que\u00a0<strong>Biden<\/strong>\u00a0no s\u00f3lo sonri\u00f3 sentado en su despacho oval, sino que hasta suspiro de alivio.<\/p>\n<p>Mejor tener en la cumbre de junio en Los \u00c1ngeles a\u00a0<strong>Marcelo<\/strong>\u00a0que al \u2014<em>ehhh<\/em>\u2014 lento del tabasque\u00f1o, quien ni siquiera habla o entiende ingl\u00e9s. Con\u00a0<strong>Marcelo<\/strong>, est\u00e1 por dem\u00e1s probado, es m\u00e1s f\u00e1cil y contundente acordar decisiones de fondo, como el establecimiento del nuevo ret\u00e9n de inmigrantes en la frontera sur, un nuevo y efectivo muro de la guardia nacional a la\u00a0<strong>Trump<\/strong>.<\/p>\n<p>Y sin andar con rollos revolucionarios cubanos de los 60.<\/p>\n<p style=\"text-align: center;\"><strong>\u00bfConsecuencias?<\/strong><\/p>\n<p>La verdad creo que ninguna. Lo que le interesa a\u00a0<strong>Biden<\/strong>\u00a0y al\u00a0<em>establishmen<\/em>t, la seguridad interna de EU y a los empresarios y capitales de aquel pa\u00eds se est\u00e1 cumpliendo por el gobierno de\u00a0<strong>AMLO<\/strong>\u00a0sin mayores contratiempos a pesar del discurso provocador del tabasque\u00f1o.<\/p>\n<p>Luego de la amenaza de las pasadas semanas de una nueva ola de cientos de miles de migrantes, no s\u00f3lo centroamericanos, haitianos, venezolanos, africanos y hasta ucranianos, bast\u00f3 una charla por zoom entre\u00a0<strong>Biden\u00a0<\/strong>y\u00a0<strong>AMLO<\/strong>, y una r\u00e1pida visita de\u00a0<strong>Marcelo Ebrard<\/strong>\u00a0a Washington, para reinstalar a miles de la Guardia Nacional como muro de contenci\u00f3n en el Suchiate.<\/p>\n<p>Hoy ya casi nadie pasa otra vez.<\/p>\n<p>Y en materia de seguridad, aunque sea a rega\u00f1adientes, ya opera de nuevo la\u00a0<strong>DEA\u00a0<\/strong>en M\u00e9xico y en semanas, luego de meses de inactividad, comienzan a caer capos del narco por aqu\u00ed y por all\u00e1.<\/p>\n<p>En cuanto a los temores de empresarios y capitales nacionales e internacionales por la reforma el\u00e9ctrica, pues todo qued\u00f3 solucionado por el voto de la oposici\u00f3n que desech\u00f3 esa locura de\u00a0<strong>AMLO<\/strong>.<\/p>\n<p>Las pocas quejas que quedaron en el aire dentro del T-MEC, las est\u00e1n solucionando las secretarias de Econom\u00eda,\u00a0<strong>Tatiana Clouthier,<\/strong>\u00a0y la del Trabajo,\u00a0<strong>Luisa Mar\u00eda Alcalde Luj\u00e1n<\/strong>.<\/p>\n<p>As\u00ed que\u00a0<strong>L\u00f3pez Obrador\u00a0<\/strong>puede no ir a Los \u00c1ngeles en junio, que no pasar\u00e1 nada grave.<\/p>\n<p><strong>AMLO<\/strong>\u00a0puede seguir siendo\u00a0<em>buche y pluma<\/em>, puro rollo.<\/p>\n<p style=\"text-align: center;\"><strong>Pocos acuerdos legislativos<\/strong><\/p>\n<p>Luego de la alocada y muy emotiva reacci\u00f3n presidencial y de los diputados de Morena en contra de los legisladores que rechazaron la reforma el\u00e9ctrica, seguidos por las declaraciones de\u00a0<strong>Mario Delgado<\/strong>\u00a0y hasta del in\u00fatil de\u00a0<strong>Mart\u00ed Batres<\/strong>, quedaron pocos espacios de acuerdo en el Congreso.<\/p>\n<p>El ambiente se agri\u00f3 luego de tal manera con el se\u00f1alamiento de que no pasar\u00e1 tampoco la iniciativa de reforma electoral y mucho menos la que busca la integraci\u00f3n de la Guardia Nacional a la Secretar\u00eda de la Defensa Nacional, que casi se anunci\u00f3 la paralizaci\u00f3n legislativa de aqu\u00ed a 2024.<\/p>\n<p>Apenas se salv\u00f3 un poco el puente de di\u00e1logo y acuerdos tendido desde siempre por\u00a0<strong>Ricardo Monreal<\/strong>\u00a0en el Senado. Eso porque el zacatecano fue el \u00fanico que abog\u00f3 por reconocer y aceptar la decisi\u00f3n de los diputados de la Alianza Va por M\u00e9xico.<\/p>\n<p>Vale la pena advertirlo porque el ambiente comienza a enturbiarse de nuevo alrededor del liderazgo del zacatecano por su grupo opositor interno que ya comenz\u00f3 a moverse ante el cambio de presidencia del Senado.<\/p>\n<p>En septiembre, el siguiente periodo deber\u00e1 abrir con una nueva presidencia que de acuerdo a las reglas de porcentajes y mayor\u00edas le corresponde de nuevo a Morena.<\/p>\n<p>Se va, termina su periodo la ex ministra y ex titular de Gobernaci\u00f3n,\u00a0<strong>Olga S\u00e1nchez Cordero,<\/strong>\u00a0y ya las ambiciones de los opositores a\u00a0<strong>Monreal<\/strong>\u00a0ven un campo de batalla para doblegar al zacatecano.<\/p>\n<p>Ni qu\u00e9 decir que eso tiene que ver con las expectativas de ser el candidato presidencial de Morena a 2024.<\/p>\n<p>En este contexto de vilezas y peque\u00f1os egos y ambiciones, <strong>Monreal<\/strong> intentar\u00e1 en estos d\u00edas avanzar una iniciativa para acelerar los procesos de liberaci\u00f3n y que puedan generar mejores condiciones de vida para las mujeres presas.<\/p>\n<p>\u201cVamos a luchar y vamos a esforzarnos para que pronto modifiquemos la ley y modifiquemos el sistema normativo en materia de reclusi\u00f3n y de rehabilitaci\u00f3n en beneficio de ustedes\u201d, adelant\u00f3.<\/p>\n<p>El presidente de la Junta de Coordinaci\u00f3n Pol\u00edtica del Senado indic\u00f3 que modificar las leyes penales surge del hecho de que un 87 por ciento de las mujeres que est\u00e1n procesadas o sentenciadas son madres y no tienen la posibilidad de ver a sus hijos.<\/p>\n<p>El zacatecano reconoci\u00f3 que es terrible la soledad y la condici\u00f3n en la que viven las mujeres recluidas en penales en M\u00e9xico, por lo que pidi\u00f3 la asesor\u00eda de la fundaci\u00f3n Rebeca Lan que ha estado, dijo, acompa\u00f1\u00e1ndolas, asesor\u00e1ndolas y mitigando sus momentos de silencio y de dolor.<\/p>\n<p>El legislador se suma as\u00ed a los esfuerzos de esta fundaci\u00f3n y a fin de concientizar sobre la situaci\u00f3n de las presas en penales.<\/p>\n<p>El zacatecano buscar\u00e1 impulsar estas reformas durante los meses siguientes, no s\u00f3lo en beneficio de las mujeres en los penales, sino como un mecanismo de recuperaci\u00f3n del di\u00e1logo entre las fuerzas pol\u00edticas en el Congreso.<\/p>\n<p>Reabrir procesos de negociaci\u00f3n y di\u00e1logo tan necesarios para avanzar, dijo.<\/p>\n<p><em><a href=\"mailto:rvizcainoa@gmail.com\" target=\"_blank\" rel=\"noopener noreferrer\">vizcainoa@gmail.com<\/a><a href=\"mailto:rvizcainoa@gmail.com\" target=\"_blank\" rel=\"noopener noreferrer\"><br \/>\n<\/a><a href=\"http:\/\/endirecto.mx\" target=\"_blank\" rel=\"noopener noreferrer\">www.endirecto.mx<\/a><a href=\"mailto:rvizcainoa@gmail.com\" target=\"_blank\" rel=\"noopener noreferrer\"><br \/>\n<\/a><a href=\"https:\/\/twitter.com\/_rvizcaino\" target=\"_blank\" rel=\"noopener noreferrer\">@_RVizcaino<\/a><a href=\"mailto:rvizcainoa@gmail.com\" target=\"_blank\" rel=\"noopener noreferrer\"><br \/>\n<\/a><a href=\"https:\/\/www.facebook.com\/rvizcainoa\" target=\"_blank\" rel=\"noopener noreferrer\">facebook.com\/rvizcainoa<\/a><\/em><\/p>\n","protected":false},"excerpt":{"rendered":"<p><span style=\"color: #005497;\"><strong>Roberto Vizca\u00edno<\/strong><\/span><br \/>\n<br \/>\n\u00bfHubo en serio alguien que se sorprendiera con la declaraci\u00f3n de <strong>Andr\u00e9s Manuel L\u00f3pez Obrador<\/strong> de que, si <strong>Joe Biden<\/strong> no invita a la Cumbre de Las Am\u00e9ricas a <strong>Miguel D\u00edaz-Canel<\/strong>, a <strong>Nicol\u00e1s Maduro<\/strong> y a <strong>Daniel Ortega,<\/strong> \u00e9l no va?<\/p>\n","protected":false},"author":3,"featured_media":0,"comment_status":"open","ping_status":"open","sticky":false,"template":"","format":"standard","meta":{"_monsterinsights_skip_tracking":false,"_monsterinsights_sitenote_active":false,"_monsterinsights_sitenote_note":"","_monsterinsights_sitenote_category":0,"footnotes":""},"categories":[136],"tags":[43674,93,94],"class_list":["post-546010","post","type-post","status-publish","format-standard","hentry","category-roberto-vizcaino-opinion","tag-opinion","tag-roberto-vizcaino","tag-tras-la-puerta-del-poder"],"_links":{"self":[{"href":"https:\/\/www.diarioimagen.net\/index.php?rest_route=\/wp\/v2\/posts\/546010","targetHints":{"allow":["GET"]}}],"collection":[{"href":"https:\/\/www.diarioimagen.net\/index.php?rest_route=\/wp\/v2\/posts"}],"about":[{"href":"https:\/\/www.diarioimagen.net\/index.php?rest_route=\/wp\/v2\/types\/post"}],"author":[{"embeddable":true,"href":"https:\/\/www.diarioimagen.net\/index.php?rest_route=\/wp\/v2\/users\/3"}],"replies":[{"embeddable":true,"href":"https:\/\/www.diarioimagen.net\/index.php?rest_route=%2Fwp%2Fv2%2Fcomments&post=546010"}],"version-history":[{"count":0,"href":"https:\/\/www.diarioimagen.net\/index.php?rest_route=\/wp\/v2\/posts\/546010\/revisions"}],"wp:attachment":[{"href":"https:\/\/www.diarioimagen.net\/index.php?rest_route=%2Fwp%2Fv2%2Fmedia&parent=546010"}],"wp:term":[{"taxonomy":"category","embeddable":true,"href":"https:\/\/www.diarioimagen.net\/index.php?rest_route=%2Fwp%2Fv2%2Fcategories&post=546010"},{"taxonomy":"post_tag","embeddable":true,"href":"https:\/\/www.diarioimagen.net\/index.php?rest_route=%2Fwp%2Fv2%2Ftags&post=546010"}],"curies":[{"name":"wp","href":"https:\/\/api.w.org\/{rel}","templated":true}]}}