{"id":546014,"date":"2022-05-11T00:09:37","date_gmt":"2022-05-11T05:09:37","guid":{"rendered":"https:\/\/www.diarioimagen.net\/?p=546014"},"modified":"2022-05-11T01:55:46","modified_gmt":"2022-05-11T06:55:46","slug":"avaricia-y-tacaneria-fondo-del-colapso-de-la-linea-12","status":"publish","type":"post","link":"https:\/\/www.diarioimagen.net\/?p=546014","title":{"rendered":"Avaricia y taca\u00f1er\u00eda, fondo del colapso de la L\u00ednea 12"},"content":{"rendered":"<h2>Poder y dinero<\/h2>\n<h5>V\u00edctor S\u00e1nchez Ba\u00f1os<\/h5>\n<p>&nbsp;<\/p>\n<ul>\n<li><em><strong>\u00bfAfectar\u00e1 la sucesi\u00f3n Presidencial el percance?<\/strong><\/em><\/li>\n<li><em><strong>Mantenimiento y construcci\u00f3n, deficientes<\/strong><\/em><\/li>\n<li><em><strong>Las mentiras del gobierno de Sheinbaum<\/strong><\/em><\/li>\n<li><em><strong>No gastan en revisi\u00f3n de infraestructura<\/strong><\/em><\/li>\n<li><em><strong>CDMX no paga indemnizaciones<\/strong><\/em><\/li>\n<li><em><strong>GCarso lleg\u00f3 a acuerdos<\/strong><\/em><\/li>\n<li><em><strong>El olvido es por que los muertos no votan<\/strong><\/em><\/li>\n<li><em><strong>Sin revisi\u00f3n, ni mantenimiento, mexicanos en riesgo<\/strong><\/em><\/li>\n<li><em><strong>AMLO no va a la Reuni\u00f3n de las Am\u00e9ricas<\/strong><\/em><\/li>\n<li><em><strong>\u00bfPretexto para no viajar?<\/strong><\/em><\/li>\n<li><em><strong>Eli Lilly, empleo a j\u00f3venes<\/strong><\/em><\/li>\n<\/ul>\n<p>&nbsp;<\/p>\n<p style=\"text-align: right;\"><em>No basta la buena fe, es preciso mostrarla, porque<br \/>\nlos hombres siempre ven y pocas veces piensan<br \/>\n<\/em><strong>Sim\u00f3n Bol\u00edvar<\/strong> (1783-1830), militar y pol\u00edtico de origen venezolano<\/p>\n<p>&nbsp;<\/p>\n<p>Se esperaba que el dictamen de la empresa noruega DNV, sobre el colapso de las trabes del Metro entre las estaciones Olivos y Tezonco, en Tl\u00e1huac, de la CDMX, se filtrara, pese a los \u201cesfuerzos\u201d del gobierno de la morenista Claudia Sheinbaum, de mantenerlo en secreto. Incrimina ese an\u00e1lisis de las causas a personajes de la talla de Marcelo Ebrard, quien contrat\u00f3 a trav\u00e9s del actual presidente del CEN de Morena y entonces secretario de Finanzas del gobierno capitalino, Mario Delgado, los constructores, supervisi\u00f3n y los trenes.<\/p>\n<p>Como lo mencion\u00e9 en esta misma columna reiteradamente, desde el 3 de mayo en que ocurri\u00f3 el desastre de la L\u00ednea 12 del Metro, en Tl\u00e1huac, el origen de la tragedia que enlut\u00f3 a 26 hogares y que dej\u00f3 lesiones de por vida a decenas, se debi\u00f3 a la corrupci\u00f3n en el manejo de la construcci\u00f3n de esa ruta de transporte colectivo, as\u00ed como la falta de revisi\u00f3n constante y mantenimiento.<\/p>\n<p>\u00bfPara qu\u00e9 revisar? Si pasa un accidente como \u00e9ste, se agotan las reservas de saliva para salvar de la responsabilidad a los funcionarios p\u00fablicos que olvidan el lema de su m\u00e1ximo jefe: \u201cno mentir, no robar, no traicionar\u201d.<\/p>\n<p>Mienten, roban y traicionan la confianza de millones de mexicanos. Y, lo peor es que, como consecuencia de ello, mueren los mexicanos. Ejemplos, los daremos hasta el cansancio. Mueren por falta de atenci\u00f3n m\u00e9dica y carencia de medicamentos; por falta de seguridad, en la cual los criminales aprovechan la impunidad que ofrece el sistema pol\u00edtico mexicanos; por la carencia de personal competente (al actual le pagan salarios miserables) para actividades administrativas como la administraci\u00f3n del espacio a\u00e9reo.<\/p>\n<p>La lista es interminable y la sonrisita c\u00ednica de quienes gobiernan, es un insulto a la inteligencia.<\/p>\n<p>Pero volvamos al caso de la L\u00ednea 12.<\/p>\n<p>La trabe que se desplom\u00f3 es de concreto precolado y un sistema de vigas de acero unidas a un tablero de concreto, que al final de cuentas, por haber usado un n\u00famero menor y de mala calidad, provoc\u00f3 la fatiga de los materiales, por el paso de los trenes y los sismos que ha sufrido la capital del pa\u00eds.<\/p>\n<p>Esto no es motivo de riesgo para la vida de personas, si se detectan anticipadamente los s\u00edntomas de una crisis de los materiales.<\/p>\n<p>Para ello, se necesita mantenimiento, as\u00ed como una revisi\u00f3n visual exhaustiva y peri\u00f3dica de la infraestructura.<\/p>\n<p>Les platiqu\u00e9 que en los a\u00f1os ochenta, en Par\u00eds, por la noche camin\u00e9 por uno de los barrios suburbanos de esa preciosa ciudad francesa. Vi a tres personas con l\u00e1mparas revisando las paredes y las estructuras met\u00e1licas.<\/p>\n<p>En aquel entonces les pregunt\u00e9 lo que hac\u00edan, a lo que respondieron que revisaban que las estructuras estuvieran en \u201c\u00f3ptimas condiciones\u201d. Eso lo hac\u00edan dos veces a la semana en todos los pasos a desnivel de veh\u00edculos, as\u00ed como en todas las l\u00edneas y estaciones del Metro. Pero no era el \u00fanico sitio donde ocurre. Tambi\u00e9n lo hacen en Londres, Madrid, Nueva York y materialmente las m\u00e1s importantes ciudades del mundo. Claro, donde sus gobiernos no se guardan el dinero para comprar votos mediante programas sociales.<\/p>\n<p>En M\u00e9xico, como consecuencia del percance del 3 de mayo del a\u00f1o pasado, primero qued\u00f3 en el limbo pol\u00edtico uno de los aspirantes a la Presidencia por Morena, Marcelo Ebrard, pero ahora tambi\u00e9n le pega, con fuerza a Sheinbaum.<\/p>\n<p style=\"text-align: center;\"><strong>PODEROSOS CABALLEROS<\/strong><\/p>\n<p><strong>NO IR A LA CUMBRE DE LAS AM\u00c9RICAS, SIN PENA NI GLORIA:<\/strong> La decisi\u00f3n de negarse a ir a la Cumbre de las Am\u00e9ricas, en California, el presidente L\u00f3pez Obrador no provoca ning\u00fan cambio en la agenda, ni en los compromisos que se finquen en ese c\u00f3nclave de l\u00edderes de estado del continente. El pretexto de que no van sus aliados ideol\u00f3gicos de las dictaduras dizque de izquierda, de Venezuela, Cuba y Nicaragua, se ve m\u00e1s como una justificaci\u00f3n para no viajar al extranjero. A \u00e9l no le gusta viajar fuera del pa\u00eds. Pero, si no quiere ir, no es necesario. Pero, que bueno que no inviten a dictadores que reprimen a sus pueblos como Maduro, D\u00edaz-Canel y Ortega. El repudio a todo tipo de dictaduras, incluso las del proletariado, son repugnantes.<\/p>\n<p style=\"text-align: center;\"><strong>RESPONSABILIDAD SOCIAL CORPORATIVA<\/strong><\/p>\n<p><strong>ELI LILLY:<\/strong> Eli Lilly y Compa\u00f1\u00eda, de Carlos Ba\u00f1os Urquijo, es una de las empresas en las que los mexicanos buscan desarrollar su carrera. Tanto en LinkedIn, as\u00ed como Top Companies, firma l\u00edder en diagn\u00f3stico de la cultura organizacional, incluyeron a la farmac\u00e9utica en los listados \u201cMejores Empresas 2022: las 25 mejores compa\u00f1\u00edas para desarrollar tu carrera en M\u00e9xico\u201d y \u201cS\u00faper Empresas 2022: Las Empresas donde todos quieren trabajar\u201d, respectivamente. El 90% de las posiciones directivas en Lilly est\u00e1n ocupadas por personas cuya carrera se ha desarrollado internamente y 44% de \u00e9stas son talento latinoamericano, es decir que la cultura de diversidad e inclusi\u00f3n de la empresa no conoce fronteras.<\/p>\n<p>&nbsp;<\/p>\n<blockquote>\n<p style=\"text-align: right;\"><strong>Esc\u00fachame de lunes a viernes, de 21 a 22 horas,<br \/>\nen \u201cV\u00edctor S\u00e1nchez Ba\u00f1os en MVS\u201d<\/strong><\/p>\n<\/blockquote>\n<p>&nbsp;<\/p>\n<p><a href=\"https:\/\/mvsnoticias.com\/\" target=\"_blank\" rel=\"noopener noreferrer\"><em>MVSnoticias.com<\/em><\/a><br \/>\n<a href=\"http:\/\/poderydinero.mx\" target=\"_blank\" rel=\"noopener noreferrer\"><em>poderydinero.mx<\/em><\/a><em><b><br \/>\n<\/b><a href=\"mailto:vsb@poderydinero.mx\" target=\"_blank\" rel=\"noopener noreferrer\">vsb@poderydinero.mx<\/a><a href=\"mailto:vsanchezb@gmail.com\" target=\"_blank\" rel=\"noopener noreferrer\"><br \/>\n<\/a><strong>Twitter:<\/strong><a href=\"https:\/\/twitter.com\/vsanchezbanos\" target=\"_blank\" rel=\"noopener noreferrer\">@vsanchezbanos<br \/>\n<\/a><strong>Facebook: <\/strong><a href=\"https:\/\/www.facebook.com\/vsanchezbanos?fref=ts\" target=\"_blank\" rel=\"noopener noreferrer\">vsanchezbanos<\/a><\/em><\/p>\n","protected":false},"excerpt":{"rendered":"<p><span style=\"color: #005497;\"><strong>V\u00edctor S\u00e1nchez Ba\u00f1os<\/strong><\/span><\/p>\n","protected":false},"author":3,"featured_media":0,"comment_status":"open","ping_status":"open","sticky":false,"template":"","format":"standard","meta":{"_monsterinsights_skip_tracking":false,"_monsterinsights_sitenote_active":false,"_monsterinsights_sitenote_note":"","_monsterinsights_sitenote_category":0,"footnotes":""},"categories":[38844],"tags":[43674,38847,38848],"class_list":["post-546014","post","type-post","status-publish","format-standard","hentry","category-victor-sanchez-banos","tag-opinion","tag-poder-y-dinero","tag-victor-sanchez-banos"],"_links":{"self":[{"href":"https:\/\/www.diarioimagen.net\/index.php?rest_route=\/wp\/v2\/posts\/546014","targetHints":{"allow":["GET"]}}],"collection":[{"href":"https:\/\/www.diarioimagen.net\/index.php?rest_route=\/wp\/v2\/posts"}],"about":[{"href":"https:\/\/www.diarioimagen.net\/index.php?rest_route=\/wp\/v2\/types\/post"}],"author":[{"embeddable":true,"href":"https:\/\/www.diarioimagen.net\/index.php?rest_route=\/wp\/v2\/users\/3"}],"replies":[{"embeddable":true,"href":"https:\/\/www.diarioimagen.net\/index.php?rest_route=%2Fwp%2Fv2%2Fcomments&post=546014"}],"version-history":[{"count":0,"href":"https:\/\/www.diarioimagen.net\/index.php?rest_route=\/wp\/v2\/posts\/546014\/revisions"}],"wp:attachment":[{"href":"https:\/\/www.diarioimagen.net\/index.php?rest_route=%2Fwp%2Fv2%2Fmedia&parent=546014"}],"wp:term":[{"taxonomy":"category","embeddable":true,"href":"https:\/\/www.diarioimagen.net\/index.php?rest_route=%2Fwp%2Fv2%2Fcategories&post=546014"},{"taxonomy":"post_tag","embeddable":true,"href":"https:\/\/www.diarioimagen.net\/index.php?rest_route=%2Fwp%2Fv2%2Ftags&post=546014"}],"curies":[{"name":"wp","href":"https:\/\/api.w.org\/{rel}","templated":true}]}}