{"id":546102,"date":"2022-05-12T00:01:25","date_gmt":"2022-05-12T05:01:25","guid":{"rendered":"https:\/\/www.diarioimagen.net\/?p=546102"},"modified":"2022-05-12T05:37:54","modified_gmt":"2022-05-12T10:37:54","slug":"pese-a-desbandada-el-verde-en-edomex-avanza-con-miras-a-2023-jose-luis-duran","status":"publish","type":"post","link":"https:\/\/www.diarioimagen.net\/?p=546102","title":{"rendered":"Pese a desbandada, el Verde en Edomex avanza con miras a 2023: Jos\u00e9 Luis Dur\u00e1n"},"content":{"rendered":"<p>&nbsp;<\/p>\n<ul>\n<li><strong><em>Dirigentes locales emigran a Morena<\/em><\/strong><\/li>\n<\/ul>\n<p>&nbsp;<\/p>\n<h6>Arturo Baena<\/h6>\n<p>&nbsp;<\/p>\n<div id=\"attachment_546216\" style=\"width: 470px\" class=\"wp-caption aligncenter\"><a href=\"https:\/\/www.diarioimagen.net\/?attachment_id=546216\" rel=\"attachment wp-att-546216\"><img loading=\"lazy\" decoding=\"async\" aria-describedby=\"caption-attachment-546216\" class=\"size-full wp-image-546216\" src=\"https:\/\/www.diarioimagen.net\/wp-content\/uploads\/2022\/05\/naucalpan-7.jpg\" alt=\"\" width=\"460\" height=\"270\" \/><\/a><p id=\"caption-attachment-546216\" class=\"wp-caption-text\">Jos\u00e9 Luis Dur\u00e1n Reveles, presidente de la Comisi\u00f3n Pol\u00edtica del Verde, destac\u00f3 que el partido va con paso firme en la entidad con rumbo a elecci\u00f3n de 2023.<\/p><\/div>\n<p>&nbsp;<\/p>\n<p><strong>Naucalpan, Estado de M\u00e9xico.\u2014<\/strong>\u00a0 Luego de que por lo menos 20 dirigentes del Partido Verde Ecologista de M\u00e9xico (PVEM) en municipios mexiquenses decidieron emigrar a Morena, l\u00edderes del partido del tuc\u00e1n aseguraron que pese a ello no se detiene el avance de este instituto pol\u00edtico.<\/p>\n<p>As\u00ed lo afirm\u00f3 Jos\u00e9 Luis Dur\u00e1n Reveles, presidente de la Comisi\u00f3n Pol\u00edtica del Verde Ecologista, quien destac\u00f3 que el partido va con paso firme en la entidad con rumbo al 2023.<\/p>\n<p>Y es que, la\u00a0 ex secretaria del Partido Verde Ecologista de M\u00e9xico en el estado de M\u00e9xico y candidata a diputada local por el Distrito 10 con cabecera en Valle de Bravo, Nancy Nayeli Gardu\u00f1o Cruz hizo p\u00fablica su adhesi\u00f3n a Morena, junto con una veintena de dirigentes del PVEM en territorio mexiquense, y asegur\u00f3, \u201cnos sumamos al liderazgo del Senador Higinio Mart\u00ednez Miranda, porque es la mejor opci\u00f3n en la entidad\u201d.<\/p>\n<p>La ex ahora ex dirigente del PVEM, tras una reuni\u00f3n con el Senador por el Estado de M\u00e9xico destac\u00f3 que \u201ccuando hay lealtad, convicci\u00f3n y amistad pueden conseguirse cosas maravillosas. A la vez que refiri\u00f3, que Higinio Mart\u00ednez Miranda, es un hombre que le caracteriza la sencillez y humildad\u201d, dijo.<\/p>\n<p>Gardu\u00f1o Cruz agradeci\u00f3 la calidez de quienes ahora ser\u00e1n parte del mismo proyecto, porque son quienes desde su trinchera caminan por un mejor Estado de M\u00e9xico.<\/p>\n<p>Quienes ya se consideran los nuevos l\u00edderes morenistas, refirieron que su suma, y la salida de estas dirigencias del PVEM, en diferentes zonas del Valle de M\u00e9xico, desarticula al Verde Ecologista en la entidad y refuerza la presencia del Senador Higinio Mart\u00ednez en la entidad.<\/p>\n<p>Sin embargo, la dirigencia del PVEM, minimiz\u00f3 est\u00e1 situaci\u00f3n y destacaron que ese instituto pol\u00edtico va por buen camino.<\/p>\n","protected":false},"excerpt":{"rendered":"<p>Luego de que por lo menos 20 dirigentes del Partido Verde Ecologista de M\u00e9xico (PVEM) en municipios mexiquenses decidieron emigrar a Morena, l\u00edderes del partido del tuc\u00e1n aseguraron que pese a ello no se detiene el avance de este instituto pol\u00edtico.<\/p>\n","protected":false},"author":3,"featured_media":546216,"comment_status":"open","ping_status":"open","sticky":false,"template":"","format":"standard","meta":{"_monsterinsights_skip_tracking":false,"_monsterinsights_sitenote_active":false,"_monsterinsights_sitenote_note":"","_monsterinsights_sitenote_category":0,"footnotes":""},"categories":[5],"tags":[43675,95231,970],"class_list":["post-546102","post","type-post","status-publish","format-standard","has-post-thumbnail","hentry","category-estado-de-mexico","tag-estado-de-mexico","tag-jose-luis-duran-reveles","tag-naucalpan"],"_links":{"self":[{"href":"https:\/\/www.diarioimagen.net\/index.php?rest_route=\/wp\/v2\/posts\/546102","targetHints":{"allow":["GET"]}}],"collection":[{"href":"https:\/\/www.diarioimagen.net\/index.php?rest_route=\/wp\/v2\/posts"}],"about":[{"href":"https:\/\/www.diarioimagen.net\/index.php?rest_route=\/wp\/v2\/types\/post"}],"author":[{"embeddable":true,"href":"https:\/\/www.diarioimagen.net\/index.php?rest_route=\/wp\/v2\/users\/3"}],"replies":[{"embeddable":true,"href":"https:\/\/www.diarioimagen.net\/index.php?rest_route=%2Fwp%2Fv2%2Fcomments&post=546102"}],"version-history":[{"count":0,"href":"https:\/\/www.diarioimagen.net\/index.php?rest_route=\/wp\/v2\/posts\/546102\/revisions"}],"wp:featuredmedia":[{"embeddable":true,"href":"https:\/\/www.diarioimagen.net\/index.php?rest_route=\/wp\/v2\/media\/546216"}],"wp:attachment":[{"href":"https:\/\/www.diarioimagen.net\/index.php?rest_route=%2Fwp%2Fv2%2Fmedia&parent=546102"}],"wp:term":[{"taxonomy":"category","embeddable":true,"href":"https:\/\/www.diarioimagen.net\/index.php?rest_route=%2Fwp%2Fv2%2Fcategories&post=546102"},{"taxonomy":"post_tag","embeddable":true,"href":"https:\/\/www.diarioimagen.net\/index.php?rest_route=%2Fwp%2Fv2%2Ftags&post=546102"}],"curies":[{"name":"wp","href":"https:\/\/api.w.org\/{rel}","templated":true}]}}