{"id":546104,"date":"2022-05-12T00:04:30","date_gmt":"2022-05-12T05:04:30","guid":{"rendered":"https:\/\/www.diarioimagen.net\/?p=546104"},"modified":"2022-05-12T05:39:14","modified_gmt":"2022-05-12T10:39:14","slug":"aseguran-trailer-con-43-personas-en-su-interior-en-cuautitlan-izcalli","status":"publish","type":"post","link":"https:\/\/www.diarioimagen.net\/?p=546104","title":{"rendered":"Aseguran tr\u00e1iler con 43 personas en su interior, en Cuautitl\u00e1n Izcalli"},"content":{"rendered":"<p>&nbsp;<\/p>\n<div id=\"attachment_546219\" style=\"width: 470px\" class=\"wp-caption aligncenter\"><a href=\"https:\/\/www.diarioimagen.net\/?attachment_id=546219\" rel=\"attachment wp-att-546219\"><img loading=\"lazy\" decoding=\"async\" aria-describedby=\"caption-attachment-546219\" class=\"size-full wp-image-546219\" src=\"https:\/\/www.diarioimagen.net\/wp-content\/uploads\/2022\/05\/cuautitlan-2.jpg\" alt=\"\" width=\"460\" height=\"270\" \/><\/a><p id=\"caption-attachment-546219\" class=\"wp-caption-text\">Jos\u00e9 Luis Dur\u00e1n Reveles, presidente de la Comisi\u00f3n Pol\u00edtica del Verde, destac\u00f3 que el partido va con paso firme en la entidad con rumbo a elecci\u00f3n de 2023.<\/p><\/div>\n<p>&nbsp;<\/p>\n<p><strong>Cuautitl\u00e1n Izcalli, Estado de M\u00e9xico.\u2014<\/strong> Derivado de los patrullajes que la Comisar\u00eda General de Seguridad Ciudadana de Cuautitl\u00e1n Izcalli implement\u00f3 de manera permanente y gracias al monitoreo a trav\u00e9s de las c\u00e1maras de la Central de Emergencias C4, Polic\u00edas Municipales lograron asegurar un tr\u00e1iler que transportaba 43 personas en su interior.<\/p>\n<p>El transporte de carga fue ubicado en la calle Gonz\u00e1lez Camarena casi esquina con Asociaci\u00f3n Nacional de Industriales, en la Zona Industrial Cuamatla, el cual transportaba a 43 hombres y mujeres quienes informaron tener distintas nacionalidades y entre los cuales tambi\u00e9n viajaban menores de edad.<\/p>\n<p>&nbsp;<\/p>\n","protected":false},"excerpt":{"rendered":"<p>Derivado de los patrullajes que la Comisar\u00eda General de Seguridad Ciudadana de Cuautitl\u00e1n Izcalli implement\u00f3 de manera permanente y gracias al monitoreo a trav\u00e9s de las c\u00e1maras de la Central de Emergencias C4, Polic\u00edas Municipales lograron asegurar un tr\u00e1iler que transportaba 43 personas en su interior.<\/p>\n","protected":false},"author":3,"featured_media":546219,"comment_status":"open","ping_status":"open","sticky":false,"template":"","format":"standard","meta":{"_monsterinsights_skip_tracking":false,"_monsterinsights_sitenote_active":false,"_monsterinsights_sitenote_note":"","_monsterinsights_sitenote_category":0,"footnotes":""},"categories":[5],"tags":[971,43675,95423,2173],"class_list":["post-546104","post","type-post","status-publish","format-standard","has-post-thumbnail","hentry","category-estado-de-mexico","tag-cuautitlan-izcalli","tag-estado-de-mexico","tag-interior","tag-trailer"],"_links":{"self":[{"href":"https:\/\/www.diarioimagen.net\/index.php?rest_route=\/wp\/v2\/posts\/546104","targetHints":{"allow":["GET"]}}],"collection":[{"href":"https:\/\/www.diarioimagen.net\/index.php?rest_route=\/wp\/v2\/posts"}],"about":[{"href":"https:\/\/www.diarioimagen.net\/index.php?rest_route=\/wp\/v2\/types\/post"}],"author":[{"embeddable":true,"href":"https:\/\/www.diarioimagen.net\/index.php?rest_route=\/wp\/v2\/users\/3"}],"replies":[{"embeddable":true,"href":"https:\/\/www.diarioimagen.net\/index.php?rest_route=%2Fwp%2Fv2%2Fcomments&post=546104"}],"version-history":[{"count":0,"href":"https:\/\/www.diarioimagen.net\/index.php?rest_route=\/wp\/v2\/posts\/546104\/revisions"}],"wp:featuredmedia":[{"embeddable":true,"href":"https:\/\/www.diarioimagen.net\/index.php?rest_route=\/wp\/v2\/media\/546219"}],"wp:attachment":[{"href":"https:\/\/www.diarioimagen.net\/index.php?rest_route=%2Fwp%2Fv2%2Fmedia&parent=546104"}],"wp:term":[{"taxonomy":"category","embeddable":true,"href":"https:\/\/www.diarioimagen.net\/index.php?rest_route=%2Fwp%2Fv2%2Fcategories&post=546104"},{"taxonomy":"post_tag","embeddable":true,"href":"https:\/\/www.diarioimagen.net\/index.php?rest_route=%2Fwp%2Fv2%2Ftags&post=546104"}],"curies":[{"name":"wp","href":"https:\/\/api.w.org\/{rel}","templated":true}]}}