{"id":546107,"date":"2022-05-12T00:07:32","date_gmt":"2022-05-12T05:07:32","guid":{"rendered":"https:\/\/www.diarioimagen.net\/?p=546107"},"modified":"2022-05-13T06:02:32","modified_gmt":"2022-05-13T11:02:32","slug":"urge-que-el-gobierno-garantice-trabajo-de-periodistas-diputados-mexiquenses","status":"publish","type":"post","link":"https:\/\/www.diarioimagen.net\/?p=546107","title":{"rendered":"Urge que el gobierno garantice trabajo de periodistas: diputados mexiquenses"},"content":{"rendered":"<p>&nbsp;<\/p>\n<ul>\n<li><strong><em>Hablan panistas y priistas<\/em><\/strong><\/li>\n<\/ul>\n<p>&nbsp;<\/p>\n<h6>Arturo Baena<\/h6>\n<p>&nbsp;<\/p>\n<div id=\"attachment_546222\" style=\"width: 470px\" class=\"wp-caption aligncenter\"><a href=\"https:\/\/www.diarioimagen.net\/?attachment_id=546222\" rel=\"attachment wp-att-546222\"><img loading=\"lazy\" decoding=\"async\" aria-describedby=\"caption-attachment-546222\" class=\" wp-image-546222\" src=\"https:\/\/www.diarioimagen.net\/wp-content\/uploads\/2022\/05\/valle-4.jpg\" alt=\"\" width=\"460\" height=\"335\" \/><\/a><p id=\"caption-attachment-546222\" class=\"wp-caption-text\">El diputado Jorge Inzunza, del Partido Acci\u00f3n Nacional, conden\u00f3 la ola de asesinatos de periodistas en el pa\u00eds.<\/p><\/div>\n<p>&nbsp;<\/p>\n<p><strong>Valle de M\u00e9xico.\u2014<\/strong> L\u00edderes sociales, empresariales, legisladores y diversos actores pol\u00edticos exigieron al gobierno federal garantizar el trabajo de los comunicadores de este pa\u00eds, luego del cobarde crimen en contra de dos comunicadoras en Veracruz.<\/p>\n<p>Por separado, los diputados Adri\u00e1n Ju\u00e1rez, Jorge Inzunza , del Partido Acci\u00f3n Nacional (PAN) as\u00ed como los legisladores El\u00edas Rescala y David Parra, del Revolucionario Institucional, afirmaron que \u201cse tiene la obligaci\u00f3n del gobierno federal de garantizar la seguridad de todos y cada uno de los comunicadores de este pa\u00eds\u201d. Y es que la violencia contra los periodistas no cede, no tiene freno. Los primeros cinco meses de este a\u00f1o se han convertido en los m\u00e1s violentos desde que Andr\u00e9s Manuel L\u00f3pez Obrador es Presidente de la Rep\u00fablica. Es cosa de echarle cuentas.<\/p>\n<p>En 2018 hubo un periodista asesinado; en 2019 la cifra se elev\u00f3 a 10 y baj\u00f3 a 7 en 2020, igual n\u00famero que en 2021, pero en este momento, en s\u00f3lo cinco meses van ya 11, para sumar un total de 36 comunicadores en lo que va del sexenio.<\/p>\n<p>Los \u00faltimos cr\u00edmenes fueron cometidos cuando las dos mujeres sal\u00edan de una tienda de conveniencia y se les acercaron al menos dos sujetos para dispararles a quemarropa abordo de su veh\u00edculo.<\/p>\n<p>Luego de las primeras investigaciones y peritajes, la Fiscal General del Estado, Ver\u00f3nica Hern\u00e1ndez Giad\u00e1ns, asegur\u00f3 que no habr\u00e1 impunidad; y en el caso del m\u00f3vil, \u201cse agotar\u00e1n todas las l\u00edneas de investigaci\u00f3n, incluida su actividad period\u00edstica\u201d.<\/p>\n<p>El asesinato de las periodistas Yesenia Mollinedo Falconi y Sheila Johana Garc\u00eda Oliveira fue un acto cobarde y malvado. Fue un ataque contra toda la sociedad mexicana y la comunidad internacional que valora la democracia lo repudia.<\/p>\n","protected":false},"excerpt":{"rendered":"<p>L\u00edderes sociales, empresariales, legisladores y diversos actores pol\u00edticos exigieron al gobierno federal garantizar el trabajo de los comunicadores de este pa\u00eds, luego del cobarde crimen en contra de dos comunicadoras en Veracruz.<\/p>\n","protected":false},"author":3,"featured_media":546222,"comment_status":"open","ping_status":"open","sticky":false,"template":"","format":"standard","meta":{"_monsterinsights_skip_tracking":false,"_monsterinsights_sitenote_active":false,"_monsterinsights_sitenote_note":"","_monsterinsights_sitenote_category":0,"footnotes":""},"categories":[5],"tags":[32298,95424,34],"class_list":["post-546107","post","type-post","status-publish","format-standard","has-post-thumbnail","hentry","category-estado-de-mexico","tag-diputados","tag-garantice","tag-valle-de-mexico"],"_links":{"self":[{"href":"https:\/\/www.diarioimagen.net\/index.php?rest_route=\/wp\/v2\/posts\/546107","targetHints":{"allow":["GET"]}}],"collection":[{"href":"https:\/\/www.diarioimagen.net\/index.php?rest_route=\/wp\/v2\/posts"}],"about":[{"href":"https:\/\/www.diarioimagen.net\/index.php?rest_route=\/wp\/v2\/types\/post"}],"author":[{"embeddable":true,"href":"https:\/\/www.diarioimagen.net\/index.php?rest_route=\/wp\/v2\/users\/3"}],"replies":[{"embeddable":true,"href":"https:\/\/www.diarioimagen.net\/index.php?rest_route=%2Fwp%2Fv2%2Fcomments&post=546107"}],"version-history":[{"count":0,"href":"https:\/\/www.diarioimagen.net\/index.php?rest_route=\/wp\/v2\/posts\/546107\/revisions"}],"wp:featuredmedia":[{"embeddable":true,"href":"https:\/\/www.diarioimagen.net\/index.php?rest_route=\/wp\/v2\/media\/546222"}],"wp:attachment":[{"href":"https:\/\/www.diarioimagen.net\/index.php?rest_route=%2Fwp%2Fv2%2Fmedia&parent=546107"}],"wp:term":[{"taxonomy":"category","embeddable":true,"href":"https:\/\/www.diarioimagen.net\/index.php?rest_route=%2Fwp%2Fv2%2Fcategories&post=546107"},{"taxonomy":"post_tag","embeddable":true,"href":"https:\/\/www.diarioimagen.net\/index.php?rest_route=%2Fwp%2Fv2%2Ftags&post=546107"}],"curies":[{"name":"wp","href":"https:\/\/api.w.org\/{rel}","templated":true}]}}