{"id":546134,"date":"2022-05-12T00:04:03","date_gmt":"2022-05-12T05:04:03","guid":{"rendered":"https:\/\/www.diarioimagen.net\/?p=546134"},"modified":"2022-05-12T04:48:59","modified_gmt":"2022-05-12T09:48:59","slug":"avanza-la-unidad-en-al","status":"publish","type":"post","link":"https:\/\/www.diarioimagen.net\/?p=546134","title":{"rendered":"Avanza la unidad en AL"},"content":{"rendered":"<h2>Desde el portal<\/h2>\n<h5>\u00c1ngel Soriano<\/h5>\n<p>&nbsp;<\/p>\n<p>Bolivia se uni\u00f3 al probable boicot a la Cumbre de las Am\u00e9ricas a realizarse el mes pr\u00f3ximo en Los \u00c1ngeles, al considerar que si no concurren todos los representantes de los pa\u00edses de la regi\u00f3n no puede considerarse representativa y se aleja a los prop\u00f3sitos de unidad y de soluci\u00f3n a los conflictos de la zona.<\/p>\n<p>La postura boliviana respalda de esa manera la propuesta del presidente Andr\u00e9s Manuel L\u00f3pez Obrador, que pide al presidente estadounidense Joe Biden no excluir a nadie y dejar en libertad a los jefes de Estado de decidir o no su asistencia, petici\u00f3n que es analizada por el los EU y se dar\u00e1 a conocer la respuesta en breve.<\/p>\n<p>En tanto, el embajador de Estados Unidos en M\u00e9xico, Ken Salazar, este martes acudi\u00f3 a Palacio Nacional luego de que el presidente L\u00f3pez Obrador fij\u00f3 su postura al respecto. Seguramente, se afirma, acudi\u00f3 con el prop\u00f3sito de disuadirlo y rectificar una postura que ha sido fijada con antelaci\u00f3n y que no tiene marcha atr\u00e1s.<\/p>\n<p>Antes de iniciarse el evento en Los \u00c1ngeles, los pa\u00edses convocados deber\u00e1n fijar sus posturas y actuar en consecuencia. No tiene caso acudir a una cumbre si hay exclusiones y si, en los hechos, s\u00f3lo hay unidad de fotograf\u00eda. Es un buen inicio para conformar la unidad latinoamericana y demostrar a EU y el mundo que esta regi\u00f3n es unida y solidaria.<\/p>\n<p style=\"text-align: center;\"><strong>Turbulencias<br \/>\nDemandan seguridad a\u00e9rea colonos de la CDMX<\/strong><\/p>\n<p>El colectivo \u201cM\u00e1s Seguridad A\u00e9rea, Menos Ruido\u201d, que integran 150 colonias del Valle de M\u00e9xico,\u00a0 exigi\u00f3 a las autoridades aeron\u00e1uticas m\u00e1s seguridad t\u00e9cnica en el espacio a\u00e9reo, no decisiones ideol\u00f3gicas que ponen en riesgo su vida y la de pasajeros de aeronaves, tras el incidente ocurrido el pasado s\u00e1bado entre dos aviones de Volaris como ya lo hab\u00edan advertido desde el pasado 25 de octubre, debido al mal redise\u00f1o de las rutas de llegada y salida que comenzaron a operar desde el 25 de marzo de 2021. Tere Soria, a nombre de la agrupaci\u00f3n,\u00a0 demand\u00f3 contar con una dependencia de Servicios a la Navegaci\u00f3n en el Espacio A\u00e9reo Mexicano (Seneam) altamente calificada, especializada y capacitada y no nos sentimos complacidos ni, mucho menos, m\u00e1s seguros s\u00f3lo porque V\u00edctor Manuel Hern\u00e1ndez Sandoval haya renunciado a la direcci\u00f3n general de SEneam\u201d\u2026 Organizadores del\u00a0Concurso de Periodismo \u201cPor un #M\u00e9xicoSinDolor\u201d, ofrecer\u00e1n este jueves un desayuno\u00a0en la que se dar\u00e1n a conocer los detalles para participar en el certamen, en estos momentos cr\u00edticos por los que atraviesa el pa\u00eds y el gremio\u2026 La diputada federal por Morena-Jalisco, Laura Imelda P\u00e9rez Segura, urgi\u00f3 reformar la Ley de Caminos, Puentes y Autotransporte Federal para crear e implementar los centros de hospedaje en accesos carreteros del pa\u00eds, a fin de dar certidumbre a la fuerza laboral del sector del autotransporte de carga en M\u00e9xico, asign\u00e1ndoles un espacio gratuito y seguro de descanso para las y los conductores, sus unidades y la mercanc\u00eda que llevan bajo su resguardo\u2026 En R\u00edo Grande, en la costa oaxaque\u00f1a, se prepara la XXXIV Expo Ganadera que ayer fue visitada por el gobernador Alejandro Murat.. La alcaldesa en Cuauht\u00e9moc, Sandra Cuevas, contin\u00faa con sus propuestas innovadoras que tanto molestan a la jefa de Gobierno, Claudia Sheinbaum -quien pierde puntos en su carrera por la candidatura presidencial-, y ahora ofrece 100 plazas a mujeres solteras con hijos con discapacidades diferentes y que no hayan trabajado para pol\u00edticos o sean militantes de partidos pol\u00edticos. Esto es con el prop\u00f3sito de no politizar la oferta.<\/p>\n<p><u><a href=\"mailto:asorianocarrasco@yahoo.com\" target=\"_blank\" rel=\"noopener noreferrer\"><em>asorianocarrasco@yahoo.com<\/em><\/a><br \/>\n<em><a href=\"https:\/\/revistabrecha.com\" target=\"_blank\" rel=\"noopener noreferrer\">www.revistabrecha.com<\/a><br \/>\n<a href=\"https:\/\/twitter.com\/brecharevista\" target=\"_blank\" rel=\"noopener noreferrer\">@BrechaRevista<\/a><\/em><\/u><\/p>\n","protected":false},"excerpt":{"rendered":"<p><span style=\"color: #005497;\"><strong>\u00c1ngel Soriano<\/strong><\/span><\/p>\n","protected":false},"author":3,"featured_media":0,"comment_status":"open","ping_status":"open","sticky":false,"template":"","format":"standard","meta":{"_monsterinsights_skip_tracking":false,"_monsterinsights_sitenote_active":false,"_monsterinsights_sitenote_note":"","_monsterinsights_sitenote_category":0,"footnotes":""},"categories":[135],"tags":[85,86,43674],"class_list":["post-546134","post","type-post","status-publish","format-standard","hentry","category-angel-soriano-opinion","tag-angel-soriano","tag-desde-el-portal","tag-opinion"],"_links":{"self":[{"href":"https:\/\/www.diarioimagen.net\/index.php?rest_route=\/wp\/v2\/posts\/546134","targetHints":{"allow":["GET"]}}],"collection":[{"href":"https:\/\/www.diarioimagen.net\/index.php?rest_route=\/wp\/v2\/posts"}],"about":[{"href":"https:\/\/www.diarioimagen.net\/index.php?rest_route=\/wp\/v2\/types\/post"}],"author":[{"embeddable":true,"href":"https:\/\/www.diarioimagen.net\/index.php?rest_route=\/wp\/v2\/users\/3"}],"replies":[{"embeddable":true,"href":"https:\/\/www.diarioimagen.net\/index.php?rest_route=%2Fwp%2Fv2%2Fcomments&post=546134"}],"version-history":[{"count":0,"href":"https:\/\/www.diarioimagen.net\/index.php?rest_route=\/wp\/v2\/posts\/546134\/revisions"}],"wp:attachment":[{"href":"https:\/\/www.diarioimagen.net\/index.php?rest_route=%2Fwp%2Fv2%2Fmedia&parent=546134"}],"wp:term":[{"taxonomy":"category","embeddable":true,"href":"https:\/\/www.diarioimagen.net\/index.php?rest_route=%2Fwp%2Fv2%2Fcategories&post=546134"},{"taxonomy":"post_tag","embeddable":true,"href":"https:\/\/www.diarioimagen.net\/index.php?rest_route=%2Fwp%2Fv2%2Ftags&post=546134"}],"curies":[{"name":"wp","href":"https:\/\/api.w.org\/{rel}","templated":true}]}}