{"id":546138,"date":"2022-05-12T00:08:55","date_gmt":"2022-05-12T05:08:55","guid":{"rendered":"https:\/\/www.diarioimagen.net\/?p=546138"},"modified":"2022-05-12T04:53:19","modified_gmt":"2022-05-12T09:53:19","slug":"cumbre-de-las-americas","status":"publish","type":"post","link":"https:\/\/www.diarioimagen.net\/?p=546138","title":{"rendered":"Cumbre de las Am\u00e9ricas"},"content":{"rendered":"<h2>Punto por punto<\/h2>\n<h5>Augusto Corro<\/h5>\n<p>&nbsp;<\/p>\n<p>La pr\u00f3xima Cumbre de las Am\u00e9ricas 2022 se efectuar\u00e1 el pr\u00f3ximo 6 de junio, en Los \u00c1ngeles, California.<\/p>\n<p>Asistir\u00e1n todos los pa\u00edses democr\u00e1ticos del hemisferio occidental. Esto quiere decir que no estar\u00e1n Cuba, Venezuela y Nicaragua.<\/p>\n<p>Ante esa situaci\u00f3n, el presidente Andr\u00e9s Manuel L\u00f3pez Obrador dijo que no asistir\u00e1 a la mencionada reuni\u00f3n, si no se invita a los tres pa\u00edses mencionados.<\/p>\n<p>El gobierno estadounidense inform\u00f3 que a\u00fan no env\u00eda las invitaciones al evento.<\/p>\n<p>La decisi\u00f3n de L\u00f3pez Obrador provoc\u00f3 un sinn\u00famero de comentarios, la mayor\u00eda en contra.<\/p>\n<p>Entre los argumentos esgrimidos se habl\u00f3 de que los mandatarios de Cuba, Venezuela y Nicaragua son verdaderos dictadores.<\/p>\n<p>No est\u00e1 en duda que los tiranos Nicol\u00e1s Maduro, Miguel Diez Canel y Daniel Ortega tienen a sus pueblos lejos de la democracia.<\/p>\n<p>Adem\u00e1s, esos pa\u00edses son golpeados por un sinn\u00famero de problemas sociales.<\/p>\n<p>Salvo el adorno personal de erigirse en l\u00edder internacional, M\u00e9xico dif\u00edcilmente podr\u00eda influir para cambiar la l\u00ednea de la pol\u00edtica estadounidense hacia los pa\u00edses latinoamericanos.<\/p>\n<p>Cabe se\u00f1alar que en la mencionada reuni\u00f3n ser\u00e1n tratados temas relacionados con la migraci\u00f3n, tr\u00e1fico de armas e integraci\u00f3n econ\u00f3mica.<\/p>\n<p>El problema de la migraci\u00f3n crece incontenible y no se tiene soluci\u00f3n alguna.<\/p>\n<p>En el tr\u00e1fico de armas, la situaci\u00f3n es parecida.<\/p>\n<p>Y sobre la integraci\u00f3n econ\u00f3mica que cada quien se rasque con sus propias u\u00f1as.<\/p>\n<p>A M\u00e9xico le urge resolver los tres problemas, que, dicho sea de paso, no hay ninguna perspectiva de soluci\u00f3n, menos con el desd\u00e9n con que los tratan los gobiernos.<\/p>\n<p>Por ejemplo, el caso del tr\u00e1fico de armas debe ser un tema de resoluci\u00f3n inmediata.<\/p>\n<p>La delincuencia organizada se abastece de armamento sin ning\u00fan problema. De esto se deriva la ola de violencia que azota a M\u00e9xico.<\/p>\n<p>En fin, no se ve positivo que el presidente L\u00f3pez Obrador se ponga del lado de los dictadores, quienes viven felices con su pol\u00edtica destructora de los derechos humanos.<\/p>\n<p>Declar\u00f3 el mandatario mexicano que si Joe Biden no excluye a nadie para la Cumbre de las Am\u00e9ricas, las naciones se lo reconocer\u00e1n. Luego, reiter\u00f3 su condena al bloqueo de Cuba.<\/p>\n<p>\u00bfUsted qu\u00e9 opina amable lector?<\/p>\n<p style=\"text-align: center;\"><strong>La reforma electoral y los partidos<\/strong><\/p>\n<p>Entre uno de los temas de la reforma electoral de L\u00f3pez Obrador est\u00e1 el financiamiento a los partidos pol\u00edticos \u00fanicamente en el periodo de campa\u00f1a.<\/p>\n<p>Es decir, nada de dinero para las organizaciones pol\u00edticas cada a\u00f1o, como ocurre actualmente.<\/p>\n<p>Independientemente de quien presente la propuesta se qued\u00f3 corto, pues la idea completa debe ser la de cancelar ese tipo de prerrogativas.<\/p>\n<p>Deben ser los propios partidos los que se promuevan para conseguir los recursos econ\u00f3micos para su mantenimiento y sus campa\u00f1as.<\/p>\n<p>La democracia en M\u00e9xico es una de las m\u00e1s caras del mundo desde hace varios a\u00f1os, m\u00e1s exacto desde que el gobierno dej\u00f3, en manos imparciales, las elecciones.<\/p>\n<p>Los encargados del Instituto Nacional Electoral (INE), a rega\u00f1adientes, cumpl\u00edan con su funci\u00f3n, a pesar de que gozan de sueldos privilegiados.<\/p>\n<p>Se presenta, pues, la oportunidad de reducir o cancelar las cantidades desorbitantes de dinero que se da a los partidos y a los \u00e1rbitros electorales.<\/p>\n<p>La reforma electoral ser\u00e1 discutida, y aprobada en su caso, en los meses de agosto o septiembre pr\u00f3ximos, en la C\u00e1mara de Diputados.<\/p>\n<p>En tanto, PAN, PRI y PRD afinan sus contrapropuestas de Reforma Electoral, entre ellas las primarias, la segunda vuelta para elegir presidente, as\u00ed como la regulaci\u00f3n de las ma\u00f1aneras, en tiempo de elecciones.<\/p>\n<p>En concreto, la coalici\u00f3n Va por M\u00e9xico presentar\u00e1 su propia iniciativa, y posteriormente, buscar\u00e1n generar una con las tres propuestas.<\/p>\n<p>\u00bfUsted qu\u00e9 opina amable lector?<\/p>\n<p><a href=\"mailto:aco2742@hotmail.com\" target=\"_blank\" rel=\"noopener noreferrer\"><em>aco2742@hotmail.com<\/em><\/a><\/p>\n","protected":false},"excerpt":{"rendered":"<p><span style=\"color: #005497;\"><strong>Augusto Corro<\/strong><\/span><\/p>\n","protected":false},"author":3,"featured_media":0,"comment_status":"open","ping_status":"open","sticky":false,"template":"","format":"standard","meta":{"_monsterinsights_skip_tracking":false,"_monsterinsights_sitenote_active":false,"_monsterinsights_sitenote_note":"","_monsterinsights_sitenote_category":0,"footnotes":""},"categories":[157],"tags":[43686,43674,11515],"class_list":["post-546138","post","type-post","status-publish","format-standard","hentry","category-augusto-corro","tag-augusto-corro","tag-opinion","tag-punto-por-punto"],"_links":{"self":[{"href":"https:\/\/www.diarioimagen.net\/index.php?rest_route=\/wp\/v2\/posts\/546138","targetHints":{"allow":["GET"]}}],"collection":[{"href":"https:\/\/www.diarioimagen.net\/index.php?rest_route=\/wp\/v2\/posts"}],"about":[{"href":"https:\/\/www.diarioimagen.net\/index.php?rest_route=\/wp\/v2\/types\/post"}],"author":[{"embeddable":true,"href":"https:\/\/www.diarioimagen.net\/index.php?rest_route=\/wp\/v2\/users\/3"}],"replies":[{"embeddable":true,"href":"https:\/\/www.diarioimagen.net\/index.php?rest_route=%2Fwp%2Fv2%2Fcomments&post=546138"}],"version-history":[{"count":0,"href":"https:\/\/www.diarioimagen.net\/index.php?rest_route=\/wp\/v2\/posts\/546138\/revisions"}],"wp:attachment":[{"href":"https:\/\/www.diarioimagen.net\/index.php?rest_route=%2Fwp%2Fv2%2Fmedia&parent=546138"}],"wp:term":[{"taxonomy":"category","embeddable":true,"href":"https:\/\/www.diarioimagen.net\/index.php?rest_route=%2Fwp%2Fv2%2Fcategories&post=546138"},{"taxonomy":"post_tag","embeddable":true,"href":"https:\/\/www.diarioimagen.net\/index.php?rest_route=%2Fwp%2Fv2%2Ftags&post=546138"}],"curies":[{"name":"wp","href":"https:\/\/api.w.org\/{rel}","templated":true}]}}