{"id":546139,"date":"2022-05-12T00:03:14","date_gmt":"2022-05-12T05:03:14","guid":{"rendered":"https:\/\/www.diarioimagen.net\/?p=546139"},"modified":"2022-05-13T05:12:12","modified_gmt":"2022-05-13T10:12:12","slug":"medicos-cubanos-y-los-nuestros","status":"publish","type":"post","link":"https:\/\/www.diarioimagen.net\/?p=546139","title":{"rendered":"M\u00e9dicos cubanos, \u00bfy los nuestros?"},"content":{"rendered":"<h2>Espacio Electoral<\/h2>\n<h5>Eleazar Flores<\/h5>\n<p><strong>\u00a0<\/strong><\/p>\n<p><strong>VIVENCIAS-.<\/strong> En plena pandemia, cuando el <em>rockstar<\/em> L\u00f3pez-Gatell se multiplicaba para estar en todos los noticieros, se anunci\u00f3 la contrataci\u00f3n de equis n\u00famero de m\u00e9dicos cubanos para venir en auxilio de sus colegas mexicanos y ser suficientes en la alta demanda de sus servicios.<\/p>\n<p>Todo parec\u00eda bien, hasta que surgieron algunas divergencias originadas por mandos medios del sector salud, traducidos no s\u00f3lo en tratos preferentes a los m\u00e9dicos cubanos, tambi\u00e9n en desatenciones para sus colegas aztecas, \u201cpues estos tienen de donde sacar recursos\u201d se justificaban sus superiores m\u00e9dico-administrativos.<\/p>\n<p><strong>EJEMPLOS-.<\/strong> Experiencias vividas o sufridas por un m\u00e9dico del Instituto Mexicano del Seguro Social, IMSS y una doctora del Instituto de Seguridad y Servicios Sociales de los Trabajadores del Estado,\u00a0 ISSSTE, narran la cotinianidad de una jornada de ocho horas diarias \u2014que por necesidad y humanismo las extend\u00edamos a diez ante la dolorosa situaci\u00f3n de los-as pacientes\u2014 de cualquiera de los siete d\u00edas de la semana.<\/p>\n<p>\u201cAl medico-a mexicano nos daban un juego de insumos consistente en careta, guantes, bata y dem\u00e1s, para cubrir nuestra rutina diaria con un promedio de ocho a diez pacientes debidamente escuchados y atendidos para diagnosticarles lo m\u00e1s correctamente posible o medicamentos o ingreso al hospital, seg\u00fan la gravedad de la enfermedad.<\/p>\n<p>\u201cPero en \u00e9poca de pandemia nos aumentaban los pacientes entre diez y quince, por lo que nuestros insumos de trabajo los ten\u00edamos que desechar cuando m\u00e1s a media jornada. El otro juego de instrumentos lo ten\u00edamos que comprar con nuestros propios recursos pues seguir con los del inicio de jornada era peligroso, para nosotros y para los pacientes\u201d.<\/p>\n<p>De esto \u00faltimo se desprende el hecho que hayan muerto muchos colegas doctores y doctoras que por diversos motivos, incluyendo los econ\u00f3micos, no hayan podido comprar otra bata, otros guantes, otra careta y dem\u00e1s.<\/p>\n<p>Se lleg\u00f3 al extremo de despedir a algunos colegas que se negaron a comprar sus insumos, de eso hubo denuncias y constancias.<\/p>\n<p>CUBANOS-. Loa cubanos profesionistas de la salud llegaron a M\u00e9xico con todos los reflectores medi\u00e1ticos, vivieron qui\u00e9n sabe d\u00f3nde y sus jornadas en hospitales los desempe\u00f1aron cuando menos con puntualidad de entrada y con insumos de sobra, a grado tal que los mandos medios de los hospitales pasaban continuamente a preguntarles qu\u00e9 se les ofrec\u00eda.<\/p>\n<p>Las y los cubanos jam\u00e1s se quejaron por falta de instrumentos, pues no ten\u00edan motivo para ello y en cuanto a su evaluaci\u00f3n nadie la supo pues el argumento era que \u201cya est\u00e1n hechos los reportes a los superiores\u201d, qui\u00e9nes?, nadie los conoci\u00f3.<\/p>\n<p>Como era de esperarse, la versi\u00f3n de estos m\u00e9dicos mexicanos identificados, pero an\u00f3nimos, lo hacen por haber sobrevivido a la \u201cpandemia administrativa\u201d.<\/p>\n<p><em><a href=\"mailto:elefa44@gmail.com\" target=\"_blank\" rel=\"noopener noreferrer\">elefa44@gmail.com<\/a><\/em><\/p>\n","protected":false},"excerpt":{"rendered":"<p><span style=\"color: #005497;\"><strong>Eleazar Flores<\/strong><\/span><\/p>\n","protected":false},"author":3,"featured_media":0,"comment_status":"open","ping_status":"open","sticky":false,"template":"","format":"standard","meta":{"_monsterinsights_skip_tracking":false,"_monsterinsights_sitenote_active":false,"_monsterinsights_sitenote_note":"","_monsterinsights_sitenote_category":0,"footnotes":""},"categories":[81743],"tags":[81744,81776,43674],"class_list":["post-546139","post","type-post","status-publish","format-standard","hentry","category-eleazar-flores","tag-eleazar-flores","tag-espacio-electoral","tag-opinion"],"_links":{"self":[{"href":"https:\/\/www.diarioimagen.net\/index.php?rest_route=\/wp\/v2\/posts\/546139","targetHints":{"allow":["GET"]}}],"collection":[{"href":"https:\/\/www.diarioimagen.net\/index.php?rest_route=\/wp\/v2\/posts"}],"about":[{"href":"https:\/\/www.diarioimagen.net\/index.php?rest_route=\/wp\/v2\/types\/post"}],"author":[{"embeddable":true,"href":"https:\/\/www.diarioimagen.net\/index.php?rest_route=\/wp\/v2\/users\/3"}],"replies":[{"embeddable":true,"href":"https:\/\/www.diarioimagen.net\/index.php?rest_route=%2Fwp%2Fv2%2Fcomments&post=546139"}],"version-history":[{"count":0,"href":"https:\/\/www.diarioimagen.net\/index.php?rest_route=\/wp\/v2\/posts\/546139\/revisions"}],"wp:attachment":[{"href":"https:\/\/www.diarioimagen.net\/index.php?rest_route=%2Fwp%2Fv2%2Fmedia&parent=546139"}],"wp:term":[{"taxonomy":"category","embeddable":true,"href":"https:\/\/www.diarioimagen.net\/index.php?rest_route=%2Fwp%2Fv2%2Fcategories&post=546139"},{"taxonomy":"post_tag","embeddable":true,"href":"https:\/\/www.diarioimagen.net\/index.php?rest_route=%2Fwp%2Fv2%2Ftags&post=546139"}],"curies":[{"name":"wp","href":"https:\/\/api.w.org\/{rel}","templated":true}]}}