{"id":546159,"date":"2022-05-12T00:07:39","date_gmt":"2022-05-12T05:07:39","guid":{"rendered":"https:\/\/www.diarioimagen.net\/?p=546159"},"modified":"2022-05-12T05:07:33","modified_gmt":"2022-05-12T10:07:33","slug":"el-gobierno-de-la-cdmx-en-busca-de-un-buen-oftalmologo","status":"publish","type":"post","link":"https:\/\/www.diarioimagen.net\/?p=546159","title":{"rendered":"El gobierno de la CDMX, en busca de un buen oftalm\u00f3logo"},"content":{"rendered":"<h2>Clase Pol\u00edtica<\/h2>\n<h5>Miguel \u00c1ngel Rivera<\/h5>\n<p>&nbsp;<\/p>\n<p>Se entiende que\u00a0el secretario de Obras y Servicios de la Ciudad de M\u00e9xico, Jes\u00fas Antonio Esteva, haga lo posible por salvar a su jefa, la gobernante de la Ciudad de M\u00e9xico, Claudia Sheinbaum Pardo, de las sospechas de fallas en el mantenimiento de la L\u00ednea 12 del Metro, pero en lo personal ser\u00eda conveniente que se haga un examen de la vista.<\/p>\n<p>El mencionado funcionario se sum\u00f3 a las opiniones surgidas de la actual administraci\u00f3n del gobierno capitalino en el sentido de que la tragedia en la L\u00ednea 12, en la cual murieron 26 personas y resultaron heridas casi un centenar, no 12, no se debi\u00f3 a la falta de mantenimiento, sino por fallas en dise\u00f1o estructural.<\/p>\n<p>En un mensaje a medios de comunicaci\u00f3n en el que no se permitieron preguntas, y con la ausencia de la jefa de Gobierno, Claudia Sheibanum, el secretario de Obras y Servicios de la Ciudad de M\u00e9xico, Jes\u00fas Antonio Esteva destac\u00f3 las fallas en la construcci\u00f3n de ese tramo del transporte colectivo, como la inadecuada colocaci\u00f3n de pernos, los cuales incluso de haber sido instalados de forma correcta solo ten\u00edan una vida aproximada de 14 a\u00f1os.<\/p>\n<p>Hasta all\u00ed, resultan aceptables los alegatos del funcionario, pero donde entra la recomendaci\u00f3n para que se someta a un examen de la vista es en relaci\u00f3n a su afirmaci\u00f3n de que las fallas estructurales y los desplazamientos en la estructura no eran perceptibles a simple vista.<\/p>\n<p>Si Esteva no tuvo oportunidad de apreciar los da\u00f1os que se descubrieron desde antes de la fat\u00eddica fecha del 3 de mayo de 2021, todav\u00eda puede encontrar testimonios mediante una r\u00e1pida ojeada a las redes sociales, en donde basta con escribir\u00a0<strong><em>fallas en la L\u00ednea 12 del Metro de la CDMX<\/em><\/strong>, para que aparezcan fotos de las grietas que se apreciaban en algunos tramos de la parte elevada de esa l\u00ednea. Por cierto, tambi\u00e9n aparecen gr\u00e1ficas que dan testimonio de grietas en otros tramos.<\/p>\n<p>En la referida conferencia, el funcionario capitalino trat\u00f3 de desvirtuar el tercer informe de la empresa noruega DNV, contratada por el gobierno capitalino que encabeza Claudia Sheinbaum, por ser una de las m\u00e1s prestigiosas mundialmente en esa clase de dict\u00e1menes y cuyos dos primeros reportes fueron ampliamente respaldados por las autoridades, pues hac\u00edan referencia a errores de dise\u00f1a y construcci\u00f3n que, sin precisarlo en los documentos, corresponden a las administraciones de Marcelo Ebrard y de Miguel \u00c1ngel Mancera.<\/p>\n<p>Por el contrario, el tercer reporte puso en evidencia fallas de mantenimiento y por ello no resultaron del agrado de Sheinbaum que, primero, se neg\u00f3 a publicarlas y luego amenaz\u00f3 con demandar civil y penalmente a la empresa a la que tantos elogios hab\u00eda dedicado con anterioridad, por considerar que sus conclusiones resultan tendenciosas. Un punto destacado por el gobierno capitalino es que DNV contrat\u00f3 a un abogado que particip\u00f3, hace a\u00f1os, en un juicio en contra del ahora presidente\u00a0Andr\u00e9s Manuel L\u00f3pez Obrador, lo cual llev\u00f3 a la conclusi\u00f3n de que hay un \u201ccomplot\u201d.<\/p>\n<p>La decisi\u00f3n de no publicar el tercer reporte se venci\u00f3 porque circularon versiones extraoficiales acerca de las fallas de mantenimiento que se trataban de ocultar y, para rematar, una copia del documento se filtr\u00f3 al diario espa\u00f1ol\u00a0<strong><em>El Pa\u00eds<\/em><\/strong>, de gran influencia e importante presencia, pues tiene una edici\u00f3n dedicada a M\u00e9xico.<\/p>\n<p>Ante esta situaci\u00f3n, el gobierno de Sheinbaum se vio obligado a dar a conocer el original, pero al mismo tiempo, por conducto de la secretaria de Gesti\u00f3n Integral de Riesgos y Protecci\u00f3n Civil (SGIRPC), Myriam Urz\u00faa, insisti\u00f3 en que el peritaje presenta diversas inconsistencias en su contenido producto del cambio de metodolog\u00eda en el An\u00e1lisis de Causa-Ra\u00edz (ACR) sin raz\u00f3n alguna.<\/p>\n<p>Cuestiones t\u00e9cnicas y problemas de vista, lo que se debe tener en cuenta que sobre esta tragedia pesa la sombra de la sucesi\u00f3n presidencial. Dos de los personajes centrales, Claudia Sheinbaum y Marcelo Ebrard son las dos \u201ccorcholatas\u201d que menciona en primer t\u00e9rmino el presidente L\u00f3pez Obrador como potenciales candidatos de Morena para las elecciones federales.<\/p>\n<p>Est\u00e1 de m\u00e1s decir que, si los estudios t\u00e9cnicos determinan que el desplome en la L\u00ednea 12 se debi\u00f3 a errores en la construcci\u00f3n, el ahora secretario de Relaciones Exteriores estar\u00e1 descartado. Si se trata de incumplimiento de las tareas de mantenimiento, la responsabilidad recaer\u00e1 sobre Sheinbaum.<\/p>\n<p>Esta \u00faltima tendr\u00eda el recurso de pasar la carga a la que fuera la directora del Metro al ocurrir el grave percance, Florencia Serran\u00eda, quien durante un tiempo se autonombr\u00f3 responsable del mantenimiento.<\/p>\n<p>El problema de intentar convertir a Serran\u00eda en responsable es que la ex funcionaria tiene un manto de protecci\u00f3n desde Palacio Nacional, como lo demuestra su reciente incorporaci\u00f3n al Comit\u00e9 Externo de Evaluaci\u00f3n del Centro de Ingenier\u00eda y Desarrollo Industrial (CIDESI), distinci\u00f3n concedida por Conacyt, justo al a\u00f1o de la tragedia en la L\u00ednea 12.<\/p>\n<p style=\"text-align: center;\"><strong>Se empieza a formar bloque latinoamericano frente a los EU<\/strong><\/p>\n<p>El presidente\u00a0Andr\u00e9s Manuel L\u00f3pez Obrador fue exhibido negativamente por su \u201camigou\u201d Donald Trump, ex presidente de los Estados Unidos, al aceptar sus exigencias para que M\u00e9xico interceptara a los migrantes centroamericanos y destinara para ello a miles de elementos de las fuerzas armadas.<\/p>\n<p>Con todo, el mandatario mexicano lo \u00fanico que respondi\u00f3 fue que es que el magnate estadounidense le \u201ccae bien\u201d a pesar de ser capitalista.<\/p>\n<p>En cambio, ante la administraci\u00f3n del sucesor de Trump, el dem\u00f3crata Joe Biden, el jefe del Ejecutivo mexicano ha mantenido una actitud distante y en ocasiones agresiva.<\/p>\n<p>La primera muestra de distanciamiento se dio desde la elecci\u00f3n de Biden, pues L\u00f3pez Obrador se neg\u00f3 a felicitarlo mientras no se hiciera oficial, con lo que pareci\u00f3 respaldar las demandas del racista Trump en el sentido de que hab\u00eda sido v\u00edctima de un fraude.<\/p>\n<p>A pesar de que M\u00e9xico se mantiene como polic\u00eda migratorio de los Estados Unidos, el presidente L\u00f3pez Obrador ha procurado marcar distancia respecto de la administraci\u00f3n Biden y una de sus manifestaciones de \u201cindependencia\u201d se dio a ra\u00edz de la convocatoria para la llamada\u00a0<strong><em>Cumbre de las Am\u00e9ricas<\/em><\/strong>, que se realizar\u00e1 el mes v venidero en la ciudad de Los \u00c1ngeles, una de las ciudades estadounidenses con mayor n\u00famero de migrantes latinoamericanos, sobre todo mexicanos.<\/p>\n<p>Al trascender que el gobierno estadounidense no invitar\u00eda a los gobiernos de Cuba, Nicaragua y Venezuela, el Presidente mexicano se erigi\u00f3 en adalid del panamericanismo y de la igualdad de las naciones, por lo que pidi\u00f3 a Biden reconsiderar su decisi\u00f3n, pero no logr\u00f3 el cambio. De hecho, el reciente lunes, el subsecretario de Estado de Estados Unidos para el Hemisferio Occidental, Brian Nichols, confirm\u00f3 que no recibir\u00edan a representantes de gobiernos antidemocr\u00e1ticos.<\/p>\n<p>Con todo, al culminar su reciente y primera gira internacional por Centroam\u00e9rica y el Caribe, en Cuba, el Presidente mexicano insisti\u00f3 en su demanda de que se invite a todas las naciones del continente, sin discriminaciones.<\/p>\n<p>La sorpresa de la \u201crebeld\u00eda\u201d se acentu\u00f3 cuando L\u00f3pez Obrador, en una de sus conferencias ma\u00f1aneras, anunci\u00f3 que no ir\u00eda a la cumbre si se manten\u00eda la decisi\u00f3n de excluir a algunos pa\u00edses. En tal caso, M\u00e9xico estar\u00eda representado por una delegaci\u00f3n encabezada por el titular de Relaciones Exteriores, Marcelo Ebrard.<\/p>\n<p>La sorpresa fue en aumento porque ayer, mi\u00e9rcoles, se conoci\u00f3 que el presidente de Bolivia, Luis Arce, tambi\u00e9n anunci\u00f3<\/p>\n<p>que no asistir\u00e1 a la Cumbre de las Am\u00e9ricas si Estados Unidos \u201cpersiste\u201d en su decisi\u00f3n de excluir a otros pa\u00edses.<\/p>\n<p>\u201cReafirm\u00f3 que una Cumbre de las Am\u00e9ricas que excluye a pa\u00edses americanos no ser\u00e1 una Cumbre de las Am\u00e9ricas plena, y de persistir la exclusi\u00f3n de pueblos hermanos, no participar\u00e9 de la misma\u201d, afirm\u00f3 el gobernante en sus redes sociales.<\/p>\n<p>Cabe se\u00f1alar que Arce, es considerado \u201cdelf\u00edn\u201d pol\u00edtico del ex mandatario ind\u00edgena Evo Morales (2006-2019), quien tuvo enfrentamientos con los Estados Unidos y no pudo mantenerse en el poder porque su reelecci\u00f3n fue calificada internacionalmente como ileg\u00edtima. Tal fue el conflicto que peligr\u00f3 la vida de Morales, quien fue rescatado por Ebrard, por instrucciones de L\u00f3pez Obrador.<\/p>\n<p>Ahora, quien dice que la mejor pol\u00edtica exterior es la interior, est\u00e1 convertido en l\u00edder de un grupo de naciones que se declaran contrarias al predominio de los Estados Unidos en el continente.<\/p>\n<p><em><a href=\"mailto:riparcangel@hotmail.com\" target=\"_blank\" rel=\"noopener noreferrer\">riparcangel@hotmail.com<\/a><\/em><\/p>\n","protected":false},"excerpt":{"rendered":"<p><span style=\"color: #005497;\"><strong>Miguel \u00c1ngel Rivera<\/strong><\/span<\/span><\/p>\n","protected":false},"author":3,"featured_media":0,"comment_status":"open","ping_status":"open","sticky":false,"template":"","format":"standard","meta":{"_monsterinsights_skip_tracking":false,"_monsterinsights_sitenote_active":false,"_monsterinsights_sitenote_note":"","_monsterinsights_sitenote_category":0,"footnotes":""},"categories":[84119],"tags":[84120,84121,43674],"class_list":["post-546159","post","type-post","status-publish","format-standard","hentry","category-miguel-angel-rivera","tag-clase-politica","tag-miguel-angel-rivera","tag-opinion"],"_links":{"self":[{"href":"https:\/\/www.diarioimagen.net\/index.php?rest_route=\/wp\/v2\/posts\/546159","targetHints":{"allow":["GET"]}}],"collection":[{"href":"https:\/\/www.diarioimagen.net\/index.php?rest_route=\/wp\/v2\/posts"}],"about":[{"href":"https:\/\/www.diarioimagen.net\/index.php?rest_route=\/wp\/v2\/types\/post"}],"author":[{"embeddable":true,"href":"https:\/\/www.diarioimagen.net\/index.php?rest_route=\/wp\/v2\/users\/3"}],"replies":[{"embeddable":true,"href":"https:\/\/www.diarioimagen.net\/index.php?rest_route=%2Fwp%2Fv2%2Fcomments&post=546159"}],"version-history":[{"count":0,"href":"https:\/\/www.diarioimagen.net\/index.php?rest_route=\/wp\/v2\/posts\/546159\/revisions"}],"wp:attachment":[{"href":"https:\/\/www.diarioimagen.net\/index.php?rest_route=%2Fwp%2Fv2%2Fmedia&parent=546159"}],"wp:term":[{"taxonomy":"category","embeddable":true,"href":"https:\/\/www.diarioimagen.net\/index.php?rest_route=%2Fwp%2Fv2%2Fcategories&post=546159"},{"taxonomy":"post_tag","embeddable":true,"href":"https:\/\/www.diarioimagen.net\/index.php?rest_route=%2Fwp%2Fv2%2Ftags&post=546159"}],"curies":[{"name":"wp","href":"https:\/\/api.w.org\/{rel}","templated":true}]}}