{"id":546175,"date":"2022-05-12T00:09:01","date_gmt":"2022-05-12T05:09:01","guid":{"rendered":"https:\/\/www.diarioimagen.net\/?p=546175"},"modified":"2022-05-12T05:14:36","modified_gmt":"2022-05-12T10:14:36","slug":"quien-autorizo-despilfarro-para-la-dictadura-cubana","status":"publish","type":"post","link":"https:\/\/www.diarioimagen.net\/?p=546175","title":{"rendered":"\u00bfQui\u00e9n autoriz\u00f3 despilfarro para la dictadura cubana?"},"content":{"rendered":"<h2>Poder y dinero<\/h2>\n<h5>V\u00edctor S\u00e1nchez Ba\u00f1os<\/h5>\n<p>&nbsp;<\/p>\n<ul>\n<li><em><strong>Tercera camada de m\u00e9dicos de Cuba<\/strong><\/em><\/li>\n<li><em><strong>Millones de d\u00f3lares para D\u00edaz-Canel<\/strong><\/em><\/li>\n<li><em><strong>Sin evidencia que atendieron v\u00edctimas de Covid<\/strong><\/em><\/li>\n<li><em><strong>Para colmo, le comprar\u00e1n vacunas \u201cbalines\u201d<\/strong><\/em><\/li>\n<li><em><strong>Alertan m\u00e9dicos sobre la Abdala anti-Covid<\/strong><\/em><\/li>\n<li><em><strong>\u00bfEso cost\u00f3 la medalla Jos\u00e9 Mart\u00ed para AMLO?<\/strong><\/em><\/li>\n<li><em><strong>Almoloya de Ju\u00e1rez<\/strong><\/em><\/li>\n<\/ul>\n<p>&nbsp;<\/p>\n<p style=\"text-align: right;\"><em>Las muchas promesas disminuyen la confianza<br \/>\n<\/em><strong>Horacio<\/strong> (65 AC-8 AC), poeta latino<\/p>\n<p>&nbsp;<\/p>\n<p>El domingo pasado, el presidente Andr\u00e9s Manuel L\u00f3pez Obrador, recibi\u00f3 la condecoraci\u00f3n Jos\u00e9 Mart\u00ed, en su reciente viaje a La Habana. Es la m\u00e1xima distinci\u00f3n que entrega el gobierno cubano y el tercer honor m\u00e1s alto, s\u00f3lo despu\u00e9s de los t\u00edtulos de H\u00e9roe de la Rep\u00fablica y H\u00e9roe del Trabajo.<\/p>\n<p>Unos d\u00edas despu\u00e9s, el l\u00edder del Ejecutivo, orden\u00f3 la contrataci\u00f3n de 500 m\u00e9dicos cubanos para atender regiones a donde ni los mexicanos se atreven a ir. No proporcion\u00f3 pormenores de cu\u00e1nto se les pagar\u00e1, ni las condiciones laborales que tendr\u00e1n.<\/p>\n<p>Lo \u00fanico que queda claro es que esos m\u00e9dicos no recibir\u00e1n el dinero. Ser\u00e1n explotados por su gobierno; el de Miguel D\u00edaz-Canel. Les dar\u00e1n limosnas de lo que les corresponder\u00eda. El dinero ser\u00e1 entregado por el gobierno mexicano, directamente al de Cuba. Explotaci\u00f3n laboral c\u00ednica y corrupta. Los \u201cjinetean\u201d, como lo hacen con las prostitutas cubanas.<\/p>\n<p>Este es el detalle hist\u00f3rico de la Cuarta Transformaci\u00f3n y sus relaciones opacas con el gobierno cubano:<\/p>\n<p>M\u00e1s de 255.8 millones de pesos se regalaron al gobierno cubano en septiembre de 2020, con el pretexto de que hac\u00edan falta m\u00e9dicos en el pa\u00eds y se contrataron 585 galenos cubanos. Hay evidencias contundentes del destino de recursos p\u00fablicos para Cuba, El Salvador, Venezuela y otras naciones alineadas ideol\u00f3gicamente al presidente L\u00f3pez Obrador.<\/p>\n<p>Del presupuesto federal de salud y por \u00f3rdenes de L\u00f3pez Obrador, el 21 de abril de 2020, en plena crisis de la pandemia, el Insabi, a trav\u00e9s de un \u201cconvenio de colaboraci\u00f3n\u201d con el ministerio de la Salud de Cuba, transfiri\u00f3 135 millones 875 mil 081.52 de pesos al gobierno de Claudia Sheinbaum para \u201cayudarle\u201d en la crisis de la Covid.<\/p>\n<p>De acuerdo a documentaci\u00f3n oficial del gobierno de la CDMX, el 24 de abril de 2020, s\u00f3lo 3 d\u00edas despu\u00e9s, el gobierno de Sheinbaum firm\u00f3 con la dictadura cubana dos convenios bianuales; uno por 135 millones 875 mil 081.52 pesos y el segundo por 103 millones 638 mil 266.40 pesos.<\/p>\n<p>En solicitudes de informaci\u00f3n al IMSS, ISSSTE, Sedena, Semar e Insabi, para conocer las c\u00e9dulas profesionales e identidad de los 585 m\u00e9dicos cubanos, pero no presentaron un s\u00f3lo documento. Simplemente se concretaron en mencionar que no exist\u00eda dicha informaci\u00f3n en sus archivos.<\/p>\n<p>Aunado a todo lo anterior, s\u00f3lo se presentaron fotograf\u00edas del arribo de un centenar de supuestos m\u00e9dicos que llegaron de La Habana, en un vuelo de Cubana de Aviaci\u00f3n. A algunos se les vio haciendo turismo por la Ciudad de M\u00e9xico y en hoteles del primer cuadro de la capital, donde se les pag\u00f3 la estancia por 15 d\u00edas. Ninguno estuvo en la l\u00ednea de atenci\u00f3n de enfermos de Covid. Ninguno fue visto por otros m\u00e9dicos mexicanos.<\/p>\n<p>Mientras un m\u00e9dico del IMSS, titulado en M\u00e9xico, gana 17 mil pesos mensuales y los tienen sin herramientas, insumos, protecci\u00f3n e higiene suficiente, por lo que tienen que comprar de su salario hasta mascarillas, un supuesto m\u00e9dico cubano nos cost\u00f3 437 mil 390 pesos.<\/p>\n<p>A todo ello, entre los acuerdos que AMLO lleg\u00f3 con el presidente de Cuba, incluye la entrega de becas para que mexicanos y mexicanas puedan ir a Cuba a formarse en medicina general, as\u00ed como la contrataci\u00f3n de m\u00e1s de 500 m\u00e9dicos cubanos para poder cumplir con los objetivos del nuevo plan de salud. Esto, aunque su t\u00edtulo no tenga validez en varias partes del mundo occidental.<\/p>\n<p>Adem\u00e1s, los cubanos, seg\u00fan L\u00f3pez Obrador, \u201cvan a estar ya trabajando para que se cumpla con el prop\u00f3sito que hemos hecho de garantizar el derecho a la salud, atenci\u00f3n m\u00e9dica, medicinas, an\u00e1lisis o estudios cl\u00ednicos gratuitos para quienes no tienen seguridad social, ya empezamos pero tenemos este d\u00e9ficit que estamos resolviendo\u201d.<\/p>\n<p>Miles de m\u00e9dicos, a trav\u00e9s de organizaciones gremiales, desmienten al Presidente. Cuatro mil m\u00e9dicos mexicanos fueron despedidos conforme baj\u00f3 la crisis de la pandemia. Ninguno tuvo privilegios y de ellos 5 mil m\u00e9dicos, enfermeras y personas de intendencia que murieron en el cumplimiento de su deber, mereci\u00f3 un memorial p\u00fablico. En cambio, una \u201cpinche palmera\u201d recibi\u00f3 un reconocimiento \u201chist\u00f3rico\u201d, luego de que por \u201cahorro\u201d, no fueron revisadas por especialistas esa flora de la Ciudad de M\u00e9xico, por lo que murieron. Pero, los \u201csanitarios\u201d muertos, merec\u00edan mucho m\u00e1s que olvido de nuestro gobierno del pueblo y de izquierda.<\/p>\n<p style=\"text-align: center;\"><strong>PODEROSOS CABALLEROS<\/strong><\/p>\n<p><strong>ALMOLOYA DE JU\u00c1REZ:<\/strong> Luego de recibir una administraci\u00f3n en n\u00fameros rojos, el presidente municipal de Almoloya de Ju\u00e1rez decidi\u00f3 optar por un esquema de arrendamiento para equipar a las \u00e1reas de seguridad, servicios p\u00fablicos y Protecci\u00f3n Civil. Con esto, se suman 30 patrullas a la seguridad de los habitantes, pero al mismo tiempo ayudan a sanear las finanzas de un municipio con serios problemas financieros. Tambi\u00e9n, dos ambulancias, cinco camiones de basura y un cami\u00f3n tipo gr\u00faa que apoyar\u00e1 en labores de reparaci\u00f3n y cambio de luminarias. Bajo este esquema, ser\u00e1 posible reducir la carga fiscal y tener la posibilidad de renovar el parque vehicular. Esto, sin duda, es un respiro financiero y, al mismo tiempo, una soluci\u00f3n para ofrecer mejores servicios p\u00fablicos.<\/p>\n<p>&nbsp;<\/p>\n<blockquote>\n<p style=\"text-align: right;\"><strong>Esc\u00fachame de lunes a viernes, de 21 a 22 horas,<br \/>\nen \u201cV\u00edctor S\u00e1nchez Ba\u00f1os en MVS\u201d<\/strong><\/p>\n<\/blockquote>\n<p>&nbsp;<\/p>\n<p><a href=\"https:\/\/mvsnoticias.com\/\" target=\"_blank\" rel=\"noopener noreferrer\"><em>MVSnoticias.com<\/em><\/a><br \/>\n<a href=\"http:\/\/poderydinero.mx\" target=\"_blank\" rel=\"noopener noreferrer\"><em>poderydinero.mx<\/em><\/a><em><b><br \/>\n<\/b><a href=\"mailto:vsb@poderydinero.mx\" target=\"_blank\" rel=\"noopener noreferrer\">vsb@poderydinero.mx<\/a><a href=\"mailto:vsanchezb@gmail.com\" target=\"_blank\" rel=\"noopener noreferrer\"><br \/>\n<\/a><strong>Twitter:<\/strong><a href=\"https:\/\/twitter.com\/vsanchezbanos\" target=\"_blank\" rel=\"noopener noreferrer\">@vsanchezbanos<br \/>\n<\/a><strong>Facebook: <\/strong><a href=\"https:\/\/www.facebook.com\/vsanchezbanos?fref=ts\" target=\"_blank\" rel=\"noopener noreferrer\">vsanchezbanos<\/a><\/em><\/p>\n","protected":false},"excerpt":{"rendered":"<p><span style=\"color: #005497;\"><strong>V\u00edctor S\u00e1nchez Ba\u00f1os<\/strong><\/span><\/p>\n","protected":false},"author":3,"featured_media":0,"comment_status":"open","ping_status":"open","sticky":false,"template":"","format":"standard","meta":{"_monsterinsights_skip_tracking":false,"_monsterinsights_sitenote_active":false,"_monsterinsights_sitenote_note":"","_monsterinsights_sitenote_category":0,"footnotes":""},"categories":[38844],"tags":[43674,38847,38848],"class_list":["post-546175","post","type-post","status-publish","format-standard","hentry","category-victor-sanchez-banos","tag-opinion","tag-poder-y-dinero","tag-victor-sanchez-banos"],"_links":{"self":[{"href":"https:\/\/www.diarioimagen.net\/index.php?rest_route=\/wp\/v2\/posts\/546175","targetHints":{"allow":["GET"]}}],"collection":[{"href":"https:\/\/www.diarioimagen.net\/index.php?rest_route=\/wp\/v2\/posts"}],"about":[{"href":"https:\/\/www.diarioimagen.net\/index.php?rest_route=\/wp\/v2\/types\/post"}],"author":[{"embeddable":true,"href":"https:\/\/www.diarioimagen.net\/index.php?rest_route=\/wp\/v2\/users\/3"}],"replies":[{"embeddable":true,"href":"https:\/\/www.diarioimagen.net\/index.php?rest_route=%2Fwp%2Fv2%2Fcomments&post=546175"}],"version-history":[{"count":0,"href":"https:\/\/www.diarioimagen.net\/index.php?rest_route=\/wp\/v2\/posts\/546175\/revisions"}],"wp:attachment":[{"href":"https:\/\/www.diarioimagen.net\/index.php?rest_route=%2Fwp%2Fv2%2Fmedia&parent=546175"}],"wp:term":[{"taxonomy":"category","embeddable":true,"href":"https:\/\/www.diarioimagen.net\/index.php?rest_route=%2Fwp%2Fv2%2Fcategories&post=546175"},{"taxonomy":"post_tag","embeddable":true,"href":"https:\/\/www.diarioimagen.net\/index.php?rest_route=%2Fwp%2Fv2%2Ftags&post=546175"}],"curies":[{"name":"wp","href":"https:\/\/api.w.org\/{rel}","templated":true}]}}