{"id":546194,"date":"2022-05-12T00:06:45","date_gmt":"2022-05-12T05:06:45","guid":{"rendered":"https:\/\/www.diarioimagen.net\/?p=546194"},"modified":"2022-05-17T04:43:55","modified_gmt":"2022-05-17T09:43:55","slug":"la-invitacion-en-cuestion","status":"publish","type":"post","link":"https:\/\/www.diarioimagen.net\/?p=546194","title":{"rendered":"La invitaci\u00f3n en cuesti\u00f3n"},"content":{"rendered":"<h2>As\u00ed las cosas&#8230;<\/h2>\n<h5>Humberto Mares N.<\/h5>\n<p>&nbsp;<\/p>\n<p>La decisi\u00f3n del presidente AMLO de no asistir a la Cumbre de las Am\u00e9ricas en Los \u00c1ngeles, California, si no invitan a todos, no es bien recibida en la comunidad internacional. Pareciera que el mandatario mexicano responde con un berrinche y sin ser especialista en el tema, es una mala decisi\u00f3n.<\/p>\n<p>Sin duda, la diplomacia no se le da a AMLO. La reuni\u00f3n donde el anfitri\u00f3n es Joe Biden, es una excelente oportunidad para convivir e intercambiar opiniones con los mandatarios de Am\u00e9rica y s\u00ed es el caso, ser voz de sus amigos los tiranos de Venezuela, Nicaragua y Cuba y si fuese necesario levantar la voz. Pero AMLO no tiene esa mentalidad, me da la impresi\u00f3n que tiene p\u00e1nico esc\u00e9nico. Sus giritas internacionales son aqu\u00ed cerca.<\/p>\n<p>Ante el amago de AMLO la respuesta fue inmediata y el embajador de Estados Unidos en M\u00e9xico, Ken Salazar se present\u00f3 en Palacio Nacional y luego de una hora se retir\u00f3 sin hacer declaraciones. Seguramente el se\u00f1or embajador lleg\u00f3 con un mensaje y escuchar las razones de AMLO, para no asistir. La vocera de la Casa Blanca, a pregunta expresa, s\u00f3lo dijo que las invitaciones no han sido entregadas. Esa respuesta es diplom\u00e1tica, pero seguramente tendremos un mensaje de mayor envergadura porque, sin duda, las relaciones entre ambos pa\u00edses pueden tensarse innecesariamente y afectar las negociaciones bilaterales.<\/p>\n<p>Ante la violencia, Estados Unidos tiene la mirada puesta en M\u00e9xico; Todd Robinson, titular de la Oficina de Narc\u00f3ticos y Seguridad del Departamento de Estado, visita nuestro pa\u00eds este mi\u00e9rcoles y jueves, sin duda ante la galopante violencia en el pa\u00eds, que nuestros vecinos del norte lo ven como un asunto de Estado. El narcotr\u00e1fico, los \u00edndices de violencia, los ataques contra la prensa, la migraci\u00f3n y el respeto a las reglas de inversi\u00f3n son algunos de los temas prioritarios, dentro de los cuales el combate al tr\u00e1fico de fentanilo es una de las urgencias para el pa\u00eds vecino.<\/p>\n<p style=\"text-align: center;\"><strong>La investigaci\u00f3n de la L\u00ednea 12<\/strong><\/p>\n<p>La tercera entrega del estudio contratado por el gobierno de la CDMX a la empresa DNV (Det Norske Veritas) y rechazado por \u201ctendencioso y falso \u201cseguir\u00e1 dando de qu\u00e9 hablar y finalmente la jefa de Gobierno orden\u00f3 se haga p\u00fablico, luego de la presi\u00f3n de los medios de comunicaci\u00f3n y la opini\u00f3n p\u00fablica que ped\u00eda saber la verdad, sobre todo los familiares de las 26 personas que fallecieron y cerca de cien heridos.<\/p>\n<p>El\u00a0 informe publicado por varios diarios <em>Milenio, Universal, El Pa\u00eds<\/em>, identifica cuatro factores del colapso de la \u201cL\u00ednea Dorada\u201d. Se\u00f1ala fallas en las inspecciones, dise\u00f1o, construcci\u00f3n y mantenimiento, as\u00ed como falta de certificaciones y supervisi\u00f3n de las obras de ingenier\u00eda civil, fueron determinantes en el colapso del tramo elevado de la L\u00ednea 12 del Metro.<\/p>\n<p>El informe de la empresa noruega DNV fechado en diciembre de 2021, se\u00f1ala cuatro barreras o factores que de haber sido atendidos efectivamente habr\u00edan evitado el colapso del puente elevado, ocurrido el 3 de mayo de ese a\u00f1o pasado con un saldo de 26 personas fallecidas y al menos un centenar de heridos.<\/p>\n<p>En principio se hizo el intento de no publicarlo, pero la presi\u00f3n y la publicaci\u00f3n en el peri\u00f3dico espa\u00f1ol <em>El Pa\u00eds<\/em>, secundado por dos diarios mexicanos, oblig\u00f3 al gobierno de la CDMX a cambiar la decisi\u00f3n y darlo a conocer.<\/p>\n<p>Es de suma importancia para la opini\u00f3n p\u00fablica saber qu\u00e9 pas\u00f3. Los usuarios del Metro, principal medio de transporte en la ciudad, quieren saber qu\u00e9 pas\u00f3 y, sobre todo, la seguridad del sistema en todas sus l\u00edneas. La pregunta es s\u00ed es confiable.<\/p>\n<p>Sin duda, la carrera presidencial anticipada por AMLO se pone interesante y los actores principales hacen sus movimientos en funci\u00f3n del futuro. La jefa de Gobierno Claudia Sheinbaum debido al cargo que desempe\u00f1a es la figura que m\u00e1s expuesta est\u00e1 a la opini\u00f3n p\u00fablica. El tema de la L\u00ednea 12 es fundamental para la imagen y la forma en que se maneje ser\u00e1 fundamental para lograr la candidatura. El canciller Marcelo Ebrard en lo suyo, sobrio y cumplidor y el senador Ricardo Monreal tambi\u00e9n, en lo suyo y en espera de una cita en Palacio.<\/p>\n<p style=\"text-align: center;\"><strong>Ejecutan a dos periodistas en Veracruz <\/strong><\/p>\n<p>Contin\u00faan los asesinatos en Veracruz. Fueron asesinadas el lunes en el municipio de Cosoleacaque, Veracruz, Yesenia Mollinedo Falconi, periodista y directora de <em>El Veraz<\/em>, as\u00ed como la reportera y fot\u00f3grafa Sheila Johana Garc\u00eda.<\/p>\n<p>Ser\u00edan 11 asesinatos de compa\u00f1eros periodistas en lo que va de este a\u00f1o y 36 en este gobierno de la 4T y, como siempre, la respuesta es, no habr\u00e1 impunidad, los vamos a detener. Siempre es lo mismo y no pasa nada, sobre todo, en ese estado.\u00a0\u00a0 El embajador de EU en M\u00e9xico, Ken Salazar, levant\u00f3 la voz ante los recientes asesinatos de las periodistas en Veracruz, lo cual, dijo, evidencia que la libertad de prensa \u201cest\u00e1 bajo ataque\u2019\u2019 y por lo mismo exigi\u00f3 una respuesta urgente para terminar con la crecida de violencia contra periodistas. El embajador de EU y enviado del gobierno de Joe Biden no dud\u00f3 en advertir que el asesinato ocurrido en Veracruz \u201cfue un acto cobarde y malvado. Fue un ataque contra toda la sociedad mexicana\u201d. As\u00ed las cosas, hasta pronto. Use cubrebocas.<\/p>\n<p><a href=\"mailto:hmares21@gmail.com\" target=\"_blank\" rel=\"noopener noreferrer\"><em>mares21@gmail.com<\/em><\/a><\/p>\n","protected":false},"excerpt":{"rendered":"<p><span style=\"color: #005497;\"><strong>Humberto Mares N.<\/strong><\/span><\/p>\n","protected":false},"author":3,"featured_media":0,"comment_status":"open","ping_status":"open","sticky":false,"template":"","format":"standard","meta":{"_monsterinsights_skip_tracking":false,"_monsterinsights_sitenote_active":false,"_monsterinsights_sitenote_note":"","_monsterinsights_sitenote_category":0,"footnotes":""},"categories":[15043],"tags":[92044,92045,43674],"class_list":["post-546194","post","type-post","status-publish","format-standard","hentry","category-humberto-mares-n","tag-asi-las-cosas","tag-humberto-mares-n","tag-opinion"],"_links":{"self":[{"href":"https:\/\/www.diarioimagen.net\/index.php?rest_route=\/wp\/v2\/posts\/546194","targetHints":{"allow":["GET"]}}],"collection":[{"href":"https:\/\/www.diarioimagen.net\/index.php?rest_route=\/wp\/v2\/posts"}],"about":[{"href":"https:\/\/www.diarioimagen.net\/index.php?rest_route=\/wp\/v2\/types\/post"}],"author":[{"embeddable":true,"href":"https:\/\/www.diarioimagen.net\/index.php?rest_route=\/wp\/v2\/users\/3"}],"replies":[{"embeddable":true,"href":"https:\/\/www.diarioimagen.net\/index.php?rest_route=%2Fwp%2Fv2%2Fcomments&post=546194"}],"version-history":[{"count":0,"href":"https:\/\/www.diarioimagen.net\/index.php?rest_route=\/wp\/v2\/posts\/546194\/revisions"}],"wp:attachment":[{"href":"https:\/\/www.diarioimagen.net\/index.php?rest_route=%2Fwp%2Fv2%2Fmedia&parent=546194"}],"wp:term":[{"taxonomy":"category","embeddable":true,"href":"https:\/\/www.diarioimagen.net\/index.php?rest_route=%2Fwp%2Fv2%2Fcategories&post=546194"},{"taxonomy":"post_tag","embeddable":true,"href":"https:\/\/www.diarioimagen.net\/index.php?rest_route=%2Fwp%2Fv2%2Ftags&post=546194"}],"curies":[{"name":"wp","href":"https:\/\/api.w.org\/{rel}","templated":true}]}}