{"id":546257,"date":"2022-05-13T00:06:31","date_gmt":"2022-05-13T05:06:31","guid":{"rendered":"https:\/\/www.diarioimagen.net\/?p=546257"},"modified":"2022-05-16T00:23:30","modified_gmt":"2022-05-16T05:23:30","slug":"deporte-complemento-de-una-solida-formacion-academica-cebd","status":"publish","type":"post","link":"https:\/\/www.diarioimagen.net\/?p=546257","title":{"rendered":"Deporte, complemento de una s\u00f3lida formaci\u00f3n acad\u00e9mica: CEBD"},"content":{"rendered":"<p><em>\u00a0<\/em><\/p>\n<ul>\n<li><strong><em>El rector de la UAEM\u00e9x, Carlos Eduardo Barrera D\u00edaz, convoc\u00f3 a la juventud universitaria a crear una entidad deportiva que las pr\u00f3ximas generaciones puedan tomar como ejemplo de voluntad, perseverancia y \u00e9xito<\/em><\/strong><\/li>\n<\/ul>\n<p>&nbsp;<\/p>\n<div id=\"attachment_546336\" style=\"width: 470px\" class=\"wp-caption aligncenter\"><a href=\"https:\/\/www.diarioimagen.net\/?attachment_id=546336\" rel=\"attachment wp-att-546336\"><img loading=\"lazy\" decoding=\"async\" aria-describedby=\"caption-attachment-546336\" class=\"size-full wp-image-546336\" src=\"https:\/\/www.diarioimagen.net\/wp-content\/uploads\/2022\/05\/unam-bandera.jpg\" alt=\"\" width=\"460\" height=\"270\" \/><\/a><p id=\"caption-attachment-546336\" class=\"wp-caption-text\">Dentro de la Universiada Nacional se contar\u00e1 con la participaci\u00f3n de nueve mil atletas universitarios, en 26 disciplinas, en la Universidad Aut\u00f3noma de Ciudad Ju\u00e1rez.<\/p><\/div>\n<p>&nbsp;<\/p>\n<p><strong>Toluca, Estado de M\u00e9xico.\u2014 <\/strong>Encontremos en el deporte el pretexto perfecto para crear entornos positivos, que sean complemento de una s\u00f3lida formaci\u00f3n acad\u00e9mica para alcanzar el equilibrio entre mente y cuerpo, expres\u00f3 el rector de la Universidad Aut\u00f3noma del Estado de M\u00e9xico (UAEM\u00e9x), Carlos Eduardo Barrera D\u00edaz, durante la Ceremonia de Abanderamiento de la Selecci\u00f3n de Deportistas Universitarios que participar\u00e1n en la Universiada Nacional 2022.<\/p>\n<p>Barrera D\u00edaz abund\u00f3 que la comunidad de deportistas universitarios regresar\u00e1 a la edici\u00f3n 2022 de la Universiada, despu\u00e9s de su \u00faltima participaci\u00f3n en M\u00e9rida 2019 y convoc\u00f3 a la juventud universitaria a crear una entidad deportiva que las pr\u00f3ximas generaciones puedan tomar como ejemplo de voluntad, perseverancia y \u00e9xito.<\/p>\n<p>Durante su intervenci\u00f3n, el secretario de rector\u00eda, Marco Aurelio Cienfuegos Terr\u00f3n, destac\u00f3 que el contingente universitario estar\u00e1 integrado por 127 deportistas, que competir\u00e1n en 18 disciplinas deportivas dentro de la Universiada Nacional, a celebrarse del 12 de mayo al 5 de junio, en Ciudad Ju\u00e1rez, Chihuahua, llevando en alto los colores verde y oro de la M\u00e1xima Casa de Estudios mexiquense.<\/p>\n<p>En representaci\u00f3n del contingente universitario, el seleccionado universitario de box Aimer Jair Camacho Mart\u00ednez, agradeci\u00f3 a las autoridades universitarias el apoyo brindado para la preparaci\u00f3n de los atletas de las distintas disciplinas y afirm\u00f3 que los j\u00f3venes deportistas de la UAEM\u00e9x se sienten orgullosos de portar los colores verde y oro, poniendo en alto el nombre de la Aut\u00f3noma mexiquense.<\/p>\n<p>Dentro de la Universiada Nacional se contar\u00e1 con la participaci\u00f3n de nueve mil atletas universitarios, en 26 disciplinas, en la Universidad Aut\u00f3noma de Ciudad Ju\u00e1rez. En esta justa, que ser\u00e1 el proceso para los Juegos Mundiales Universitarios, participar\u00e1n 150 instituciones p\u00fablicas y privadas de nivel superior.<\/p>\n<p>Las disciplinas en las que participar\u00e1 la Aut\u00f3noma Mexiquense son: ajedrez, atletismo, b\u00e1dminton, box, esgrima, futbol asociaci\u00f3n, futbol bardas, gimnasia aer\u00f3bica, handball, judo, karate, levantamiento de pesas, lucha universitaria, tae kwon do, tenis de mesa, tiro con arco, tocho bandera y voleibol de playa.<\/p>\n","protected":false},"excerpt":{"rendered":"<p>Encontremos en el deporte el pretexto perfecto para crear entornos positivos, que sean complemento de una s\u00f3lida formaci\u00f3n acad\u00e9mica para alcanzar el equilibrio entre mente y cuerpo, expres\u00f3 el rector de la Universidad Aut\u00f3noma del Estado de M\u00e9xico (UAEM\u00e9x), Carlos Eduardo Barrera D\u00edaz, durante la Ceremonia de Abanderamiento de la Selecci\u00f3n de Deportistas Universitarios que participar\u00e1n en la Universiada Nacional 2022.<\/p>\n","protected":false},"author":3,"featured_media":546336,"comment_status":"open","ping_status":"open","sticky":false,"template":"","format":"standard","meta":{"_monsterinsights_skip_tracking":false,"_monsterinsights_sitenote_active":false,"_monsterinsights_sitenote_note":"","_monsterinsights_sitenote_category":0,"footnotes":""},"categories":[5],"tags":[92667,67878],"class_list":["post-546257","post","type-post","status-publish","format-standard","has-post-thumbnail","hentry","category-estado-de-mexico","tag-carlos-eduardo-barrera-diaz","tag-uaemex"],"_links":{"self":[{"href":"https:\/\/www.diarioimagen.net\/index.php?rest_route=\/wp\/v2\/posts\/546257","targetHints":{"allow":["GET"]}}],"collection":[{"href":"https:\/\/www.diarioimagen.net\/index.php?rest_route=\/wp\/v2\/posts"}],"about":[{"href":"https:\/\/www.diarioimagen.net\/index.php?rest_route=\/wp\/v2\/types\/post"}],"author":[{"embeddable":true,"href":"https:\/\/www.diarioimagen.net\/index.php?rest_route=\/wp\/v2\/users\/3"}],"replies":[{"embeddable":true,"href":"https:\/\/www.diarioimagen.net\/index.php?rest_route=%2Fwp%2Fv2%2Fcomments&post=546257"}],"version-history":[{"count":0,"href":"https:\/\/www.diarioimagen.net\/index.php?rest_route=\/wp\/v2\/posts\/546257\/revisions"}],"wp:featuredmedia":[{"embeddable":true,"href":"https:\/\/www.diarioimagen.net\/index.php?rest_route=\/wp\/v2\/media\/546336"}],"wp:attachment":[{"href":"https:\/\/www.diarioimagen.net\/index.php?rest_route=%2Fwp%2Fv2%2Fmedia&parent=546257"}],"wp:term":[{"taxonomy":"category","embeddable":true,"href":"https:\/\/www.diarioimagen.net\/index.php?rest_route=%2Fwp%2Fv2%2Fcategories&post=546257"},{"taxonomy":"post_tag","embeddable":true,"href":"https:\/\/www.diarioimagen.net\/index.php?rest_route=%2Fwp%2Fv2%2Ftags&post=546257"}],"curies":[{"name":"wp","href":"https:\/\/api.w.org\/{rel}","templated":true}]}}