{"id":546260,"date":"2022-05-13T00:01:26","date_gmt":"2022-05-13T05:01:26","guid":{"rendered":"https:\/\/www.diarioimagen.net\/?p=546260"},"modified":"2022-05-16T00:23:48","modified_gmt":"2022-05-16T05:23:48","slug":"pandemia-afecto-la-economia-de-mas-de-la-mitad-de-mexicanos-adultos","status":"publish","type":"post","link":"https:\/\/www.diarioimagen.net\/?p=546260","title":{"rendered":"Pandemia afect\u00f3 la econom\u00eda de m\u00e1s de la mitad de mexicanos adultos"},"content":{"rendered":"<p>&nbsp;<\/p>\n<ul>\n<li><strong><em>La mayor\u00eda redujo gastos para minar impacto: encuesta<\/em><\/strong><\/li>\n<\/ul>\n<p>&nbsp;<\/p>\n<div id=\"attachment_546327\" style=\"width: 470px\" class=\"wp-caption aligncenter\"><a href=\"https:\/\/www.diarioimagen.net\/?attachment_id=546327\" rel=\"attachment wp-att-546327\"><img loading=\"lazy\" decoding=\"async\" aria-describedby=\"caption-attachment-546327\" class=\"size-full wp-image-546327\" src=\"https:\/\/www.diarioimagen.net\/wp-content\/uploads\/2022\/05\/pandemia.jpg\" alt=\"\" width=\"460\" height=\"270\" \/><\/a><p id=\"caption-attachment-546327\" class=\"wp-caption-text\">La Encuesta Nacional de Educaci\u00f3n Financiera del Inegi y CNBV hall\u00f3 que 56% de los adultos tuvieron problemas en su econom\u00eda por la pandemia.<\/p><\/div>\n<p>&nbsp;<\/p>\n<p>Poco m\u00e1s de la mitad de la poblaci\u00f3n adulta en M\u00e9xico vio afectaciones a su econom\u00eda por los efectos de la pandemia del Covid-19 durante 2021, por lo recurrieron a sus ahorros o a reducir sus gastos para minar el impacto, de acuerdo con la Encuesta Nacional de Educaci\u00f3n Financiera (ENIF), elaborada por la Comisi\u00f3n Nacional Bancaria y de Valores (CNBV) y el Instituto Nacional de Estad\u00edstica y Geograf\u00eda (Inegi).<\/p>\n<p>De 83 millones 684 mil 692 personas en rango de edad de 18 a 70 a\u00f1os, 48 millones 832 mil 449 asegur\u00f3 que tuvo un impacto derivado de la crisis econ\u00f3mica que desat\u00f3 la emergencia sanitaria.<\/p>\n<p>Seg\u00fan el sondeo, para enfrentar esta contingencia, 95% de las personas encuestadas redujo gastos como medida para enfrentar el choque, 79% recurri\u00f3 a sus ahorros, 40% tuvo pr\u00e9stamos familiares y 18% empe\u00f1\u00f3 o vendi\u00f3 algunas de sus pertenencias.<\/p>\n<p>\u201cEstas afectaciones fueron heterog\u00e9neas a lo largo del pa\u00eds, ya que la poblaci\u00f3n en la regi\u00f3n norte del pa\u00eds las experiment\u00f3 en menor medida que la poblaci\u00f3n en las regiones del sur y centro\u201d, precisa el documento<\/p>\n<p>Asimismo, expone que la poblaci\u00f3n en localidades rurales experiment\u00f3 un nivel de afectaci\u00f3n similar a la de las zonas urbanas, excepto en la regi\u00f3n norte del pa\u00eds donde fue menor en las primeras.<\/p>\n<p>La encuesta precisa que alrededor de 8 de cada 10 personas afectadas recurri\u00f3 a sus ahorros, mientras que s\u00f3lo 4 de cada 10 report\u00f3 haber recurrido a pr\u00e9stamos de familiares.<\/p>\n<p>\u201cEsto sugiere que parte importante de la poblaci\u00f3n vio reducido su nivel de bienestar al tener que limitarse en su consumo y reducir sus ahorros, adem\u00e1s, que posiblemente sus redes familiares de soporte se vieron tambi\u00e9n afectadas, lo que pudo haber generado una situaci\u00f3n de mayor vulnerabilidad financiera\u201d, detalla.<\/p>\n<p>El documento expone que de la poblaci\u00f3n afectada que contaba con cr\u00e9dito formal, solo 30% report\u00f3 haber utilizado una tarjeta de cr\u00e9dito o haber solicitado alg\u00fan tipo de financiamiento para enfrentar el choque de la crisis.<\/p>\n<p>Por ello, precisa, incluso entre la poblaci\u00f3n ya incluida en el mercado crediticio formal, el cr\u00e9dito no parece ser la primera opci\u00f3n para enfrentar una emergencia econ\u00f3mica, puntualiz\u00f3 la encuesta.<\/p>\n<p>A su vez, alrededor de 28% de las personas con cr\u00e9dito formal afectadas reportaron haberse retrasado en el pago de alg\u00fan cr\u00e9dito, lo que podr\u00eda haber intensificado su vulnerabilidad econ\u00f3mica.<\/p>\n<p>En tanto, cerca de 1 de cada 4 acreditados afectados report\u00f3 haber aceptado la pr\u00f3rroga de pago de intereses por parte de una instituci\u00f3n financiera, por lo que una parte importante de la poblaci\u00f3n pudo haberse beneficiado por estas facilidades otorgadas por las instituciones financieras.<\/p>\n","protected":false},"excerpt":{"rendered":"<p>Poco m\u00e1s de la mitad de la poblaci\u00f3n adulta en M\u00e9xico vio afectaciones a su econom\u00eda por los efectos de la pandemia del Covid-19 durante 2021, por lo recurrieron a sus ahorros o a reducir sus gastos para minar el impacto, de acuerdo con la Encuesta Nacional de Educaci\u00f3n Financiera (ENIF), elaborada por la Comisi\u00f3n Nacional Bancaria y de Valores (CNBV) y el Instituto Nacional de Estad\u00edstica y Geograf\u00eda (Inegi).<\/p>\n","protected":false},"author":3,"featured_media":546327,"comment_status":"open","ping_status":"open","sticky":false,"template":"","format":"standard","meta":{"_monsterinsights_skip_tracking":false,"_monsterinsights_sitenote_active":false,"_monsterinsights_sitenote_note":"","_monsterinsights_sitenote_category":0,"footnotes":""},"categories":[8],"tags":[193,43673,29516],"class_list":["post-546260","post","type-post","status-publish","format-standard","has-post-thumbnail","hentry","category-finanzas","tag-inegi","tag-nacional","tag-pandemia"],"_links":{"self":[{"href":"https:\/\/www.diarioimagen.net\/index.php?rest_route=\/wp\/v2\/posts\/546260","targetHints":{"allow":["GET"]}}],"collection":[{"href":"https:\/\/www.diarioimagen.net\/index.php?rest_route=\/wp\/v2\/posts"}],"about":[{"href":"https:\/\/www.diarioimagen.net\/index.php?rest_route=\/wp\/v2\/types\/post"}],"author":[{"embeddable":true,"href":"https:\/\/www.diarioimagen.net\/index.php?rest_route=\/wp\/v2\/users\/3"}],"replies":[{"embeddable":true,"href":"https:\/\/www.diarioimagen.net\/index.php?rest_route=%2Fwp%2Fv2%2Fcomments&post=546260"}],"version-history":[{"count":0,"href":"https:\/\/www.diarioimagen.net\/index.php?rest_route=\/wp\/v2\/posts\/546260\/revisions"}],"wp:featuredmedia":[{"embeddable":true,"href":"https:\/\/www.diarioimagen.net\/index.php?rest_route=\/wp\/v2\/media\/546327"}],"wp:attachment":[{"href":"https:\/\/www.diarioimagen.net\/index.php?rest_route=%2Fwp%2Fv2%2Fmedia&parent=546260"}],"wp:term":[{"taxonomy":"category","embeddable":true,"href":"https:\/\/www.diarioimagen.net\/index.php?rest_route=%2Fwp%2Fv2%2Fcategories&post=546260"},{"taxonomy":"post_tag","embeddable":true,"href":"https:\/\/www.diarioimagen.net\/index.php?rest_route=%2Fwp%2Fv2%2Ftags&post=546260"}],"curies":[{"name":"wp","href":"https:\/\/api.w.org\/{rel}","templated":true}]}}