{"id":546270,"date":"2022-05-13T00:01:30","date_gmt":"2022-05-13T05:01:30","guid":{"rendered":"https:\/\/www.diarioimagen.net\/?p=546270"},"modified":"2022-05-13T06:46:31","modified_gmt":"2022-05-13T11:46:31","slug":"inician-vacunacion-contra-el-vph-en-jornada-de-salud-infantil-en-cuautitlan-izcalli","status":"publish","type":"post","link":"https:\/\/www.diarioimagen.net\/?p=546270","title":{"rendered":"Inician vacunaci\u00f3n contra el VPH en Jornada de Salud Infantil, en Cuautitl\u00e1n Izcalli"},"content":{"rendered":"<p>&nbsp;<\/p>\n<ul>\n<li><strong><em>Refrendan compromiso por la salud de la ni\u00f1ez<\/em><\/strong><\/li>\n<\/ul>\n<p>&nbsp;<\/p>\n<div id=\"attachment_546389\" style=\"width: 470px\" class=\"wp-caption aligncenter\"><a href=\"https:\/\/www.diarioimagen.net\/?attachment_id=546389\" rel=\"attachment wp-att-546389\"><img loading=\"lazy\" decoding=\"async\" aria-describedby=\"caption-attachment-546389\" class=\"size-full wp-image-546389\" src=\"https:\/\/www.diarioimagen.net\/wp-content\/uploads\/2022\/05\/cuautitlan-3.jpg\" alt=\"\" width=\"460\" height=\"270\" \/><\/a><p id=\"caption-attachment-546389\" class=\"wp-caption-text\">Arranc\u00f3 la campa\u00f1a de vacunaci\u00f3n contra el Virus de Papiloma Humano (VPH) y a la Jornada de Salud Infantil en Cuautitl\u00e1n Izcalli.<\/p><\/div>\n<p>&nbsp;<\/p>\n<p><strong>Cuautitl\u00e1n Izcalli, Estado de M\u00e9xico.\u2014<\/strong> La presidenta municipal Karla Fiesco Garc\u00eda, en coordinaci\u00f3n con el secretario de Salud y director general del Instituto de Salud del Estado de M\u00e9xico (ISEM), Francisco Fern\u00e1ndez Clamont, dieron inicio a la campa\u00f1a de vacunaci\u00f3n contra el Virus de Papiloma Humano (VPH) y a la Jornada de Salud Infantil en Cuautitl\u00e1n Izcalli, refrendando el compromiso por la salud de la ni\u00f1ez con acciones preventivas, formativas e informativas, a trav\u00e9s del trabajo institucional.<\/p>\n<p>La alcaldesa inform\u00f3 que para la Jornada de Salud Infantil fueron colocados 13 m\u00f3dulos de atenci\u00f3n para el cuidado integral de las ni\u00f1as, ni\u00f1os y adolescentes, en los cuales se dio prioridad a la vacuna contra VPH, la cual forma parte del esquema de vacunaci\u00f3n a nivel nacional, sin embargo, dijo, es un esfuerzo en el que Cuautitl\u00e1n Izcalli se est\u00e1 sumando a todos los municipios de la entidad para que las ni\u00f1as mexiquenses de 9 a 11 a\u00f1os de edad, tengan acceso a la vacuna.<\/p>\n<p>Fiesco Garc\u00eda, reconoci\u00f3 el compromiso de los padres que acompa\u00f1aron a sus hijas al auditorio Enrique B\u00e1tiz, \u201cestar aqu\u00ed representa un acto de amor, haciendo equipo por un mejor futuro para ellas\u201d. Por su parte, el secretario de Salud y director general del ISEM, Francisco Fern\u00e1ndez Clamont, precis\u00f3 que la medicina m\u00e1s oportuna y econ\u00f3mica es la prevenci\u00f3n. Afirm\u00f3 que la vacuna contra el VPH pertenece a un laboratorio de primer mundo y se suma a los ocho biol\u00f3gicos incluidos en la cartilla de vacunaci\u00f3n para ni\u00f1os menores de cinco a\u00f1os y mayores de 60.<\/p>\n<p>Asimismo, el jefe del departamento de Salud de la Infancia y Adolescencia, Jaime Edwin Contreras S\u00e1nchez, manifest\u00f3 que el VPH es un virus muy recurrente en las mujeres, sin embargo, puede ocasionar infecciones de manera frecuente y conducir a lesiones precancerosas que de no ser tratadas a tiempo provocan c\u00e1ncer en el cuello de la matriz. Destac\u00f3 que la prevenci\u00f3n es la mejor herramienta de salud p\u00fablica para evitar enfermedades, por ello se debe fomentar el autocuidado.<\/p>\n","protected":false},"excerpt":{"rendered":"<p>La presidenta municipal Karla Fiesco Garc\u00eda, en coordinaci\u00f3n con el secretario de Salud y director general del Instituto de Salud del Estado de M\u00e9xico (ISEM), Francisco Fern\u00e1ndez Clamont, dieron inicio a la campa\u00f1a de vacunaci\u00f3n contra el Virus de Papiloma Humano (VPH) y a la Jornada de Salud Infantil en Cuautitl\u00e1n Izcalli, refrendando el compromiso por la salud de la ni\u00f1ez con acciones preventivas, formativas e informativas, a trav\u00e9s del trabajo institucional.<\/p>\n","protected":false},"author":3,"featured_media":546389,"comment_status":"open","ping_status":"open","sticky":false,"template":"","format":"standard","meta":{"_monsterinsights_skip_tracking":false,"_monsterinsights_sitenote_active":false,"_monsterinsights_sitenote_note":"","_monsterinsights_sitenote_category":0,"footnotes":""},"categories":[18863],"tags":[971,2643,95433],"class_list":["post-546270","post","type-post","status-publish","format-standard","has-post-thumbnail","hentry","category-salud-edomex","tag-cuautitlan-izcalli","tag-vacunacion","tag-viph"],"_links":{"self":[{"href":"https:\/\/www.diarioimagen.net\/index.php?rest_route=\/wp\/v2\/posts\/546270","targetHints":{"allow":["GET"]}}],"collection":[{"href":"https:\/\/www.diarioimagen.net\/index.php?rest_route=\/wp\/v2\/posts"}],"about":[{"href":"https:\/\/www.diarioimagen.net\/index.php?rest_route=\/wp\/v2\/types\/post"}],"author":[{"embeddable":true,"href":"https:\/\/www.diarioimagen.net\/index.php?rest_route=\/wp\/v2\/users\/3"}],"replies":[{"embeddable":true,"href":"https:\/\/www.diarioimagen.net\/index.php?rest_route=%2Fwp%2Fv2%2Fcomments&post=546270"}],"version-history":[{"count":0,"href":"https:\/\/www.diarioimagen.net\/index.php?rest_route=\/wp\/v2\/posts\/546270\/revisions"}],"wp:featuredmedia":[{"embeddable":true,"href":"https:\/\/www.diarioimagen.net\/index.php?rest_route=\/wp\/v2\/media\/546389"}],"wp:attachment":[{"href":"https:\/\/www.diarioimagen.net\/index.php?rest_route=%2Fwp%2Fv2%2Fmedia&parent=546270"}],"wp:term":[{"taxonomy":"category","embeddable":true,"href":"https:\/\/www.diarioimagen.net\/index.php?rest_route=%2Fwp%2Fv2%2Fcategories&post=546270"},{"taxonomy":"post_tag","embeddable":true,"href":"https:\/\/www.diarioimagen.net\/index.php?rest_route=%2Fwp%2Fv2%2Ftags&post=546270"}],"curies":[{"name":"wp","href":"https:\/\/api.w.org\/{rel}","templated":true}]}}