{"id":546272,"date":"2022-05-13T00:02:04","date_gmt":"2022-05-13T05:02:04","guid":{"rendered":"https:\/\/www.diarioimagen.net\/?p=546272"},"modified":"2022-05-13T06:53:15","modified_gmt":"2022-05-13T11:53:15","slug":"mamas-mexiquenses-pilares-de-valores-en-la-sociedad-diputados-priistas","status":"publish","type":"post","link":"https:\/\/www.diarioimagen.net\/?p=546272","title":{"rendered":"Mam\u00e1s mexiquenses, pilares de valores en la sociedad: diputados\u00a0priistas"},"content":{"rendered":"<p>&nbsp;<\/p>\n<p><a href=\"https:\/\/www.diarioimagen.net\/?attachment_id=546391\" rel=\"attachment wp-att-546391\"><img loading=\"lazy\" decoding=\"async\" class=\"aligncenter size-full wp-image-546391\" src=\"https:\/\/www.diarioimagen.net\/wp-content\/uploads\/2022\/05\/naucalpan-8.jpg\" alt=\"\" width=\"460\" height=\"270\" \/><\/a><\/p>\n<p>&nbsp;<\/p>\n<p><strong>Naucalpan, Estado de M\u00e9xico.\u2014<\/strong> Luego de reconocer a las mam\u00e1s del Estado de M\u00e9xico como pilares de las familias y generadoras de valores en la sociedad, el Coordinador del Grupo Parlamentario del PRI, El\u00edas Rescala, y el diputado David Parra destacaron\u00a0 que desde la LXI Legislatura, los legisladores del PRI prrsentaran iniciativas de ley y proyectos de decreto que fortalecen los derechos de las mujeres.<\/p>\n<p>En el marco del \u201cD\u00eda de la Madre\u201d y durante un encuentro con las mam\u00e1s de este municipio, Rescala Jim\u00e9nez y Parra S\u00e1nchez,\u00a0 recordaron\u00a0 que la cercan\u00eda y el trabajo de la mano con todos los sectores de la poblaci\u00f3n, cambian la perspectiva del pol\u00edtico, por lo que las voces de la sociedad se convierten en la base del trabajo legislativo.<\/p>\n","protected":false},"excerpt":{"rendered":"<p>Luego de reconocer a las mam\u00e1s del Estado de M\u00e9xico como pilares de las familias y generadoras de valores en la sociedad, el Coordinador del Grupo Parlamentario del PRI, El\u00edas Rescala, y el diputado David Parra destacaron\u00a0 que desde la LXI Legislatura, los legisladores del PRI prrsentaran iniciativas de ley y proyectos de decreto que fortalecen los derechos de las mujeres.<\/p>\n","protected":false},"author":3,"featured_media":546391,"comment_status":"open","ping_status":"open","sticky":false,"template":"","format":"standard","meta":{"_monsterinsights_skip_tracking":false,"_monsterinsights_sitenote_active":false,"_monsterinsights_sitenote_note":"","_monsterinsights_sitenote_category":0,"footnotes":""},"categories":[5],"tags":[43675,970,4302,18119],"class_list":["post-546272","post","type-post","status-publish","format-standard","has-post-thumbnail","hentry","category-estado-de-mexico","tag-estado-de-mexico","tag-naucalpan","tag-sociedad","tag-valores"],"_links":{"self":[{"href":"https:\/\/www.diarioimagen.net\/index.php?rest_route=\/wp\/v2\/posts\/546272","targetHints":{"allow":["GET"]}}],"collection":[{"href":"https:\/\/www.diarioimagen.net\/index.php?rest_route=\/wp\/v2\/posts"}],"about":[{"href":"https:\/\/www.diarioimagen.net\/index.php?rest_route=\/wp\/v2\/types\/post"}],"author":[{"embeddable":true,"href":"https:\/\/www.diarioimagen.net\/index.php?rest_route=\/wp\/v2\/users\/3"}],"replies":[{"embeddable":true,"href":"https:\/\/www.diarioimagen.net\/index.php?rest_route=%2Fwp%2Fv2%2Fcomments&post=546272"}],"version-history":[{"count":0,"href":"https:\/\/www.diarioimagen.net\/index.php?rest_route=\/wp\/v2\/posts\/546272\/revisions"}],"wp:featuredmedia":[{"embeddable":true,"href":"https:\/\/www.diarioimagen.net\/index.php?rest_route=\/wp\/v2\/media\/546391"}],"wp:attachment":[{"href":"https:\/\/www.diarioimagen.net\/index.php?rest_route=%2Fwp%2Fv2%2Fmedia&parent=546272"}],"wp:term":[{"taxonomy":"category","embeddable":true,"href":"https:\/\/www.diarioimagen.net\/index.php?rest_route=%2Fwp%2Fv2%2Fcategories&post=546272"},{"taxonomy":"post_tag","embeddable":true,"href":"https:\/\/www.diarioimagen.net\/index.php?rest_route=%2Fwp%2Fv2%2Ftags&post=546272"}],"curies":[{"name":"wp","href":"https:\/\/api.w.org\/{rel}","templated":true}]}}