{"id":546289,"date":"2022-05-13T00:33:25","date_gmt":"2022-05-13T05:33:25","guid":{"rendered":"https:\/\/www.diarioimagen.net\/?p=546289"},"modified":"2022-05-13T06:28:28","modified_gmt":"2022-05-13T11:28:28","slug":"detiene-y-secuestra-fiscalia-de-tamaulipas-a-secretaria-de-sergio-carmona-denuncia-su-abogado","status":"publish","type":"post","link":"https:\/\/www.diarioimagen.net\/?p=546289","title":{"rendered":"Detiene y <em>secuestra<\/em> Fiscal\u00eda de Tamaulipas a secretaria de Sergio Carmona, denuncia su abogado"},"content":{"rendered":"<p>&nbsp;<\/p>\n<div id=\"attachment_546365\" style=\"width: 470px\" class=\"wp-caption aligncenter\"><a href=\"https:\/\/www.diarioimagen.net\/?attachment_id=546365\" rel=\"attachment wp-att-546365\"><img loading=\"lazy\" decoding=\"async\" aria-describedby=\"caption-attachment-546365\" class=\"size-full wp-image-546365\" src=\"https:\/\/www.diarioimagen.net\/wp-content\/uploads\/2022\/05\/fiscaliaQR.jpg\" alt=\"\" width=\"460\" height=\"270\" \/><\/a><p id=\"caption-attachment-546365\" class=\"wp-caption-text\">Nadia Virgina Grajeda Castro trabaja para la empresa de transportes de carga que era propiedad del empresario Sergio Carmona Angulo, quien fuera ejecutado en noviembre del a\u00f1o pasado en el municipio de San Pedro Garza Garc\u00eda, en Nuevo Le\u00f3n.<\/p><\/div>\n<p>&nbsp;<\/p>\n<p><strong>Reynosa, Tamaulipas.\u2014<\/strong> Elementos de la Fiscal\u00eda de Tamaulipas detuvo la ma\u00f1ana del mi\u00e9rcoles a la empleada Nadia Virginia Grajeda Castro, secretaria particular del empresario asesinado, Sergio Carmona Angulo, sin existir orden de aprehensi\u00f3n y violando todos su derechos, denunci\u00f3 su abogado, Ger\u00f3nimo Galv\u00e1n, quien expuso que su cliente fue pr\u00e1cticamente secuestrada e incomunicada por la autoridad en Reynosa.<\/p>\n<p>Nadia Virginia Grajeda Castro, fue detenida junto con su pareja cuando llegaba a su trabaja a las 8:00 de la ma\u00f1ana del mi\u00e9rcoles, y hasta la cinco de la tarde no le hab\u00edan explicado el motivo de su detenci\u00f3n, explic\u00f3 su defensa.<\/p>\n<p>Ger\u00f3nimo Galv\u00e1n detall\u00f3 que ante la arbitraria detenci\u00f3n solicitaron un amparo ante el Juzgado S\u00e9ptimo de Distrito, el cual fue otorgado de inmediato y orden\u00f3 su inmediata libertad, sin embargo, el Ministerio P\u00fablico no acat\u00f3 la resoluci\u00f3n del juez federal.<\/p>\n<p>\u201cLa detenci\u00f3n fue ilegal, porque en ning\u00fan momento hubo flagrancia o un delito que perseguir, por eso promovimos un amparo contra su detenci\u00f3n, en raz\u00f3n de la privaci\u00f3n de su libertad fuera de procedimiento. El juzgado concedi\u00f3 de inmediato el amparo para ser puesta en libertad, pero no le hicieron caso\u201d, dijo el abogado.<\/p>\n<p>Nadia Virgina Grajeda Castro trabaja para la empresa de transportes de carga que era propiedad del empresario Sergio Carmona Angulo, quien fuera ejecutado en noviembre del a\u00f1o pasado en el municipio de San Pedro Garza Garc\u00eda.<\/p>\n<p style=\"text-align: center;\"><strong>Recibe presiones y amenazas<\/strong><\/p>\n<p>Hasta la tarde del mi\u00e9rcoles, Nadia Virginia, no hab\u00eda accedido a firmar ning\u00fan documento, ni hecho ninguna declaraci\u00f3n ante ninguna autoridad competente a pesar de ser presionada y amenazada por elementos de la polic\u00eda estatal, autores de la detenci\u00f3n.<\/p>\n<p>El abogado Ger\u00f3nimo Galvan, dijo que, de acuerdo a la ley, cuando una persona es detenida de inmediato debe ser puesta a disposici\u00f3n ante la autoridad, y en el caso de Nidia Virginia no fue as\u00ed, pues pr\u00e1cticamente est\u00e1 secuestrada por la Fiscal\u00eda, violando el debido proceso.<\/p>\n<p>La familia de Nadia Virginia, exigi\u00f3 justicia ante esta detenci\u00f3n, y responsabilizaron de estas acciones al gobernador Francisco Garc\u00eda Cabeza de Vaca, quien desde hace algunas semanas envi\u00f3 a funcionarios de su gobierno para hostigar a la detenida.<\/p>\n<p>\u201cLa empezaron a amenazar y presionar para que les diera informaci\u00f3n sobre las operaciones de su ex jefe (Sergio Carmona) y sus relaciones con pol\u00edticos, y como no se los dio, creemos que esto es consecuencia de ello. Tenemos miedo de que nos vayan a hacer algo\u201d, dijo uno de sus hermanos.<\/p>\n","protected":false},"excerpt":{"rendered":"<p>Elementos de la Fiscal\u00eda de Tamaulipas detuvo la ma\u00f1ana del mi\u00e9rcoles a la empleada Nadia Virginia Grajeda Castro, secretaria particular del empresario asesinado, Sergio Carmona Angulo, sin existir orden de aprehensi\u00f3n y violando todos su derechos, denunci\u00f3 su abogado, Ger\u00f3nimo Galv\u00e1n, quien expuso que su cliente fue pr\u00e1cticamente secuestrada e incomunicada por la autoridad en Reynosa.<\/p>\n","protected":false},"author":3,"featured_media":546365,"comment_status":"open","ping_status":"open","sticky":false,"template":"","format":"standard","meta":{"_monsterinsights_skip_tracking":false,"_monsterinsights_sitenote_active":false,"_monsterinsights_sitenote_note":"","_monsterinsights_sitenote_category":0,"footnotes":""},"categories":[7],"tags":[95441,95442,4222,3310,95440,50],"class_list":["post-546289","post","type-post","status-publish","format-standard","has-post-thumbnail","hentry","category-seguridad","tag-fiscalia-de-tamaulipas","tag-nadia-virgina-grajeda-castro","tag-reynosa","tag-secuestro","tag-sergio-carmona","tag-tamaulipas"],"_links":{"self":[{"href":"https:\/\/www.diarioimagen.net\/index.php?rest_route=\/wp\/v2\/posts\/546289","targetHints":{"allow":["GET"]}}],"collection":[{"href":"https:\/\/www.diarioimagen.net\/index.php?rest_route=\/wp\/v2\/posts"}],"about":[{"href":"https:\/\/www.diarioimagen.net\/index.php?rest_route=\/wp\/v2\/types\/post"}],"author":[{"embeddable":true,"href":"https:\/\/www.diarioimagen.net\/index.php?rest_route=\/wp\/v2\/users\/3"}],"replies":[{"embeddable":true,"href":"https:\/\/www.diarioimagen.net\/index.php?rest_route=%2Fwp%2Fv2%2Fcomments&post=546289"}],"version-history":[{"count":0,"href":"https:\/\/www.diarioimagen.net\/index.php?rest_route=\/wp\/v2\/posts\/546289\/revisions"}],"wp:featuredmedia":[{"embeddable":true,"href":"https:\/\/www.diarioimagen.net\/index.php?rest_route=\/wp\/v2\/media\/546365"}],"wp:attachment":[{"href":"https:\/\/www.diarioimagen.net\/index.php?rest_route=%2Fwp%2Fv2%2Fmedia&parent=546289"}],"wp:term":[{"taxonomy":"category","embeddable":true,"href":"https:\/\/www.diarioimagen.net\/index.php?rest_route=%2Fwp%2Fv2%2Fcategories&post=546289"},{"taxonomy":"post_tag","embeddable":true,"href":"https:\/\/www.diarioimagen.net\/index.php?rest_route=%2Fwp%2Fv2%2Ftags&post=546289"}],"curies":[{"name":"wp","href":"https:\/\/api.w.org\/{rel}","templated":true}]}}