{"id":546301,"date":"2022-05-13T00:05:05","date_gmt":"2022-05-13T05:05:05","guid":{"rendered":"https:\/\/www.diarioimagen.net\/?p=546301"},"modified":"2022-05-13T05:04:15","modified_gmt":"2022-05-13T10:04:15","slug":"las-verdades-del-presidente","status":"publish","type":"post","link":"https:\/\/www.diarioimagen.net\/?p=546301","title":{"rendered":"Las verdades del Presidente"},"content":{"rendered":"<h2>Perfil de M\u00e9xico<\/h2>\n<h5>Armando R\u00edos Ruiz<\/h5>\n<p>&nbsp;<\/p>\n<p>Alguien dijo que el Presidente de M\u00e9xico nos ha enga\u00f1ado con la verdad. Yo complementar\u00eda diciendo que la frase es correcta, pero \u00fanicamente para los chairos, para los que creen a ultranza en \u00e9l. Para los que no son capaces de analizar sus dichos. Para los que se muestran como en un estado de enajenaci\u00f3n\u00a0 sublimada por la inconsciencia. Con una compulsi\u00f3n proclive a su figura.<\/p>\n<p>Para el resto es un mentiroso\u00a0 enfermizo, con propensi\u00f3n a decir las mentiras como si todo mundo fuera como los anteriores. Sin importar que su padecimiento sea demasiado notorio o sin darse cuenta de que lo es para quienes pueden advertir en \u00e9l una enfermedad peligrosa.<\/p>\n<p>Seguramente, \u00e9l mismo crey\u00f3 una especie de gracia divina, eso que alguien dijo, de que enga\u00f1a con la verdad y por ello, ha dado en decir verdades que son una real afrenta y un enorme riesgo para los mexicanos, porque envuelven una amenaza que no se cierne, sino que se ha hecho realidad en la vida de nuestro pa\u00eds, que cada d\u00eda ve m\u00e1s lejanas las soluciones de sus males.<\/p>\n<p>\u201cDe lo \u00fanico de que se puede dudar es de que dudamos. Por ende, si dudo, mi pensamiento existe y yo tambi\u00e9n\u201d, razonar\u00eda el fil\u00f3sofo franc\u00e9s Ren\u00e9 Descartes. \u201cJe pens\u00e9, donc je suis\u201d, en franc\u00e9s. O en lat\u00edn: \u201ccogito, ergo sum\u201d y en espa\u00f1ol: \u201cpienso, luego soy\u201d. Insisto, esto no sirve para los enamorados seguidores del Presidente, que viven en el limbo, en espera de las ma\u00f1aneras.<\/p>\n<p>Estos no piensan, por lo tanto, no existen, salvo para los fines aviesos que pudiera poner en pr\u00e1ctica el maestro y gu\u00eda. Muchos han elucubrado que la oferta de trabajo a m\u00e9dicos cubanos, que aqu\u00ed sobran en n\u00famero multiplicado, no es para ese tipo de profesionales, sino para profesionales de la guerra que pueden someter a la poblaci\u00f3n en tiempos electorales y en cualquier otro momento. Es decir, no se trata meramente de m\u00e9dicos, sino de soldados entrenados para menesteres muy importantes en manos de la dictadura.<\/p>\n<p>Como si previniera hoy que ma\u00f1ana el pueblo pudiera revelarse y enarbolar una guerra contra \u00e9l y contra su <em>cuatrot\u00e9<\/em>, para sostener su presencia en la Presidencia, sus ocurrencias, sus constantes dislates, su visi\u00f3n destructora de pa\u00eds y todo lo que conlleva su presencia en el cargo m\u00e1s importante.<\/p>\n<p>Valga lo anterior para aludir a su m\u00e1s reciente declaraci\u00f3n, aberrante, desesperanzadora y caja fuerte de una verdad aterradora, por hechos en Michoac\u00e1n: \u201ccuidamos a los miembros de las bandas. Son humanos\u201d. Tiene muchas traducciones, todas malas. M\u00e9xico tendr\u00e1 que perder la esperanza de vivir en paz y m\u00e1s que eso, a merced de la delincuencia. La expresi\u00f3n sepulta la esperanza de que el crimen, como en cualquier pa\u00eds, sea perseguido y diezmado.<\/p>\n<p>La expresi\u00f3n condena a M\u00e9xico, a sus habitantes, como ya ocurre en muchos estados, lleno siempre de terror, sumiso, sin libertad, compartido con quienes hacen justicia a su manera muy especial, con el rifle en la mano y la soga para colgar de los puentes a los desobedientes.<\/p>\n<p>Es complemento de que hay que dar abrazos a quienes responden con balazos. Por ello, a una distancia de tres a\u00f1os y meses, la delincuencia se dispar\u00f3, aunque canse repetirlo, a niveles insospechados.<\/p>\n<p>Abund\u00f3: \u201cCuidamos a los elementos de las fuerzas armadas, de la Defensa, de la Guardia Nacional, pero tambi\u00e9n cuidamos a los integrantes de las bandas, son seres humanos. Esta es una pol\u00edtica distinta, completamente distinta\u201d.<\/p>\n<p>Ni siquiera necesita decirlo. En estas condiciones, el Ej\u00e9rcito ya no sirve para sus quehaceres de salvaguardar la vida de los mexicanos o de garantizar la seguridad interior. Eso, quiz\u00e1 despu\u00e9s, pero en defensa del tirano. Hoy debe cumplir tareas de constructor, de administrador y muchas otras.<\/p>\n<p>\u00a1Qu\u00e9 forma de justificar la verg\u00fcenza que evidencia el video en el que se ve a un convoy del Ej\u00e9rcito, perseguido por gente armada en siete camionetas, en Nueva Italia, Michoac\u00e1n! Es un hecho que ya no hay remedio para este pa\u00eds en materia de seguridad y en cualquiera otra. \u00bfEso quieren los chairos?<\/p>\n<p><a href=\"mailto:ariosruiz@gmail.com\" target=\"_blank\" rel=\"noopener noreferrer\"><em>ariosruiz@gmail.com<\/em><\/a><\/p>\n","protected":false},"excerpt":{"rendered":"<p><span style=\"color: #005497;\"><strong>Armando R\u00edos Ruiz<\/strong><\/span><\/p>\n","protected":false},"author":3,"featured_media":0,"comment_status":"open","ping_status":"open","sticky":false,"template":"","format":"standard","meta":{"_monsterinsights_skip_tracking":false,"_monsterinsights_sitenote_active":false,"_monsterinsights_sitenote_note":"","_monsterinsights_sitenote_category":0,"footnotes":""},"categories":[88405],"tags":[88407,43674,91193],"class_list":["post-546301","post","type-post","status-publish","format-standard","hentry","category-armando-rios-ruiz","tag-armando-rios-ruiz","tag-opinion","tag-perfil-de-mexico"],"_links":{"self":[{"href":"https:\/\/www.diarioimagen.net\/index.php?rest_route=\/wp\/v2\/posts\/546301","targetHints":{"allow":["GET"]}}],"collection":[{"href":"https:\/\/www.diarioimagen.net\/index.php?rest_route=\/wp\/v2\/posts"}],"about":[{"href":"https:\/\/www.diarioimagen.net\/index.php?rest_route=\/wp\/v2\/types\/post"}],"author":[{"embeddable":true,"href":"https:\/\/www.diarioimagen.net\/index.php?rest_route=\/wp\/v2\/users\/3"}],"replies":[{"embeddable":true,"href":"https:\/\/www.diarioimagen.net\/index.php?rest_route=%2Fwp%2Fv2%2Fcomments&post=546301"}],"version-history":[{"count":0,"href":"https:\/\/www.diarioimagen.net\/index.php?rest_route=\/wp\/v2\/posts\/546301\/revisions"}],"wp:attachment":[{"href":"https:\/\/www.diarioimagen.net\/index.php?rest_route=%2Fwp%2Fv2%2Fmedia&parent=546301"}],"wp:term":[{"taxonomy":"category","embeddable":true,"href":"https:\/\/www.diarioimagen.net\/index.php?rest_route=%2Fwp%2Fv2%2Fcategories&post=546301"},{"taxonomy":"post_tag","embeddable":true,"href":"https:\/\/www.diarioimagen.net\/index.php?rest_route=%2Fwp%2Fv2%2Ftags&post=546301"}],"curies":[{"name":"wp","href":"https:\/\/api.w.org\/{rel}","templated":true}]}}