{"id":546305,"date":"2022-05-13T00:08:19","date_gmt":"2022-05-13T05:08:19","guid":{"rendered":"https:\/\/www.diarioimagen.net\/?p=546305"},"modified":"2022-05-13T05:09:39","modified_gmt":"2022-05-13T10:09:39","slug":"la-dificil-unidad-internacionalla-dificil-unidad-internacional","status":"publish","type":"post","link":"https:\/\/www.diarioimagen.net\/?p=546305","title":{"rendered":"La dif\u00edcil unidad internacionalLa dif\u00edcil unidad internacional"},"content":{"rendered":"<h2>Punto por punto<\/h2>\n<h5>Augusto Corro<\/h5>\n<p>&nbsp;<\/p>\n<p>Son tantos los intereses y los problemas de cada pa\u00eds que es dif\u00edcil resolverlos en las reuniones internacionales de sus gobiernos.<\/p>\n<p>En Am\u00e9rica se contemplan conflictos de todo tipo que obstaculizan la unidad de las naciones.<\/p>\n<p>Esto nos lleva a reflexionar sobre la pr\u00f3xima Cumbre de las Am\u00e9ricas que se efectuar\u00e1 en Los \u00c1ngeles, California.<\/p>\n<p>Con el puro anuncio del evento ya comenzaron las discusiones sobre la existencia o exclusi\u00f3n de pa\u00edses no democr\u00e1ticos.<\/p>\n<p>Por ejemplo, el presidente de M\u00e9xico, Andr\u00e9s Manuel L\u00f3pez Obrador, ya advirti\u00f3 que no ir\u00e1 a la cumbre, si no invitan a Cuba, Venezuela y Nicaragua.<\/p>\n<p>Extra\u00f1a postura del mandatario mexicano que defiende a los pa\u00edses mencionados, en los que gobierna la dictadura.\u00a0 Por cierto, las autoridades de Estados Unidos advirtieron que a\u00fan no env\u00edan las invitaciones respectivas al evento.<\/p>\n<p>La determinaci\u00f3n del mandatario tabasque\u00f1o se contradice cuando se trata el tema de la democracia.<\/p>\n<p>Para empezar, la cumbre no deb\u00eda llevarse a cabo en EU. Este pa\u00eds tiene un negro historial en Latinoam\u00e9rica.\u00a0 Los golpes de Estado, en Chile tenemos un caso, son parte de los proyectos del imperialismo estadounidense.<\/p>\n<p>Los gobiernos estadounidenses est\u00e1n marcados por sus injerencias en la vida pol\u00edtica de los pa\u00edses de Latinoam\u00e9rica.<\/p>\n<p>\u00bfDe esas condiciones de abusos del imperialismo nadie se acuerda?<\/p>\n<p>As\u00ed pues, EU no tiene la autoridad moral para decidir qui\u00e9nes s\u00ed podr\u00edan asistir a la citada Cumbre de las Am\u00e9ricas.<\/p>\n<p>Por otra parte, todo mundo sabe de los gobiernos dictatoriales que tienen sometida a la poblaci\u00f3n.<\/p>\n<p>Pa\u00edses donde los derechos humanos no existen y adem\u00e1s, la ciudadan\u00eda es azotada por el hambre, la violencia, etc.<\/p>\n<p>Son miles de ciudadanos que s\u00f3lo tienen una salida: abandonar sus lugares de origen.<\/p>\n<p>El \u00e9xodo de latinoamericanos tiene en jaque a las autoridades estadounidenses que no le encuentran la cuadratura al c\u00edrculo.<\/p>\n<p>Y la experiencia amarga de la migraci\u00f3n altera la vida de los pueblos, principalmente de aquellos que sirven de paso a los indocumentados que buscan llegar a Estados Unidos o a cualquier pa\u00eds vecino.<\/p>\n<p>Seg\u00fan se inform\u00f3 que entre los temas principales que se tratar\u00e1n en la reuni\u00f3n de la Cumbre de las Am\u00e9ricas est\u00e1n: migraci\u00f3n, tr\u00e1fico de armas e integraci\u00f3n econ\u00f3mica.<\/p>\n<p>A M\u00e9xico le interesan esas cuestiones, pero existe la duda de que se encuentren soluciones inmediatas y efectivas.<\/p>\n<p>Tampoco se sabe de resultados ben\u00e9ficos para los pa\u00edses que participan en esa clase de reuniones.<\/p>\n<p>La Cumbre de las Am\u00e9ricas ser\u00e1 una reuni\u00f3n m\u00e1s. De los problemas que se tratar\u00e1n, M\u00e9xico y EU saben que solamente los gobiernos de ambos pa\u00edses se encuentran en condiciones de resolverlos.<\/p>\n<p>En fin, la reuni\u00f3n se efectuar\u00e1 en un pa\u00eds de vocaci\u00f3n imperialista que rechaza las dictaduras. Vaya, vaya.<\/p>\n<p>\u00bfUsted qu\u00e9 opina amable lector?<\/p>\n<p style=\"text-align: center;\"><strong>El candidato de la oposici\u00f3n<\/strong><\/p>\n<p>Falta poco para entrar en la recta final de las elecciones presidenciales de 2024.Es tiempo de preguntarse qui\u00e9n ser\u00e1 el candidato presidencial de la oposici\u00f3n. Los dirigentes de los partidos opositores andan como ausentes. Ya hasta hablan de un aspirante ciudadano ajeno a alguna organizaci\u00f3n pol\u00edtica.<\/p>\n<p>La realidad es que la oposici\u00f3n ha malgastado el tiempo en enfrentar al gobierno obradorista, sin obtener resultados \u00f3ptimos.<\/p>\n<p>Quiz\u00e1 su \u00fanico beneficio fue saber que unidos podr\u00edan vencer a Morena que tambi\u00e9n se encuentra paralizada pol\u00edticamente.<\/p>\n<p>Y aunque el partido guinda sobran aspirantes presidenciales, a\u00fan falta lo que decida el partido, que est\u00e1 convertido en una olla de grillos, propia de las llamadas organizaciones de izquierda.<\/p>\n<p>A la oposici\u00f3n, la alianza Va por M\u00e9xico (PAN, PRI y PRD), le ha funcionado; sin embargo, para la elecci\u00f3n presidencial no hay una definici\u00f3n del candidato.<\/p>\n<p>El PRI tratar\u00e1, hasta el final, que el representante de la oposici\u00f3n sea uno del tricolor.<\/p>\n<p>En el PAN se sienten seguros de que saldr\u00e1 de sus filas, aunque no se tenga idea de quien podr\u00eda ser el designado. La oposici\u00f3n pol\u00edtica no tiene l\u00edderes, tampoco proyecto nacional s\u00f3lido, atractivo, que le garanticen la victoria.<\/p>\n<p>\u00bfUsted qu\u00e9 opina amable lector?<\/p>\n<p><a href=\"mailto:aco2742@hotmail.com\" target=\"_blank\" rel=\"noopener noreferrer\"><em>aco2742@hotmail.com<\/em><\/a><\/p>\n","protected":false},"excerpt":{"rendered":"<p><span style=\"color: #005497;\"><strong>Augusto Corro<\/strong><\/span><\/p>\n","protected":false},"author":3,"featured_media":0,"comment_status":"open","ping_status":"open","sticky":false,"template":"","format":"standard","meta":{"_monsterinsights_skip_tracking":false,"_monsterinsights_sitenote_active":false,"_monsterinsights_sitenote_note":"","_monsterinsights_sitenote_category":0,"footnotes":""},"categories":[157],"tags":[43686,43674,11515],"class_list":["post-546305","post","type-post","status-publish","format-standard","hentry","category-augusto-corro","tag-augusto-corro","tag-opinion","tag-punto-por-punto"],"_links":{"self":[{"href":"https:\/\/www.diarioimagen.net\/index.php?rest_route=\/wp\/v2\/posts\/546305","targetHints":{"allow":["GET"]}}],"collection":[{"href":"https:\/\/www.diarioimagen.net\/index.php?rest_route=\/wp\/v2\/posts"}],"about":[{"href":"https:\/\/www.diarioimagen.net\/index.php?rest_route=\/wp\/v2\/types\/post"}],"author":[{"embeddable":true,"href":"https:\/\/www.diarioimagen.net\/index.php?rest_route=\/wp\/v2\/users\/3"}],"replies":[{"embeddable":true,"href":"https:\/\/www.diarioimagen.net\/index.php?rest_route=%2Fwp%2Fv2%2Fcomments&post=546305"}],"version-history":[{"count":0,"href":"https:\/\/www.diarioimagen.net\/index.php?rest_route=\/wp\/v2\/posts\/546305\/revisions"}],"wp:attachment":[{"href":"https:\/\/www.diarioimagen.net\/index.php?rest_route=%2Fwp%2Fv2%2Fmedia&parent=546305"}],"wp:term":[{"taxonomy":"category","embeddable":true,"href":"https:\/\/www.diarioimagen.net\/index.php?rest_route=%2Fwp%2Fv2%2Fcategories&post=546305"},{"taxonomy":"post_tag","embeddable":true,"href":"https:\/\/www.diarioimagen.net\/index.php?rest_route=%2Fwp%2Fv2%2Ftags&post=546305"}],"curies":[{"name":"wp","href":"https:\/\/api.w.org\/{rel}","templated":true}]}}