{"id":546313,"date":"2022-05-13T00:10:47","date_gmt":"2022-05-13T05:10:47","guid":{"rendered":"https:\/\/www.diarioimagen.net\/?p=546313"},"modified":"2022-05-13T05:20:04","modified_gmt":"2022-05-13T10:20:04","slug":"candil-de-la-calle-3","status":"publish","type":"post","link":"https:\/\/www.diarioimagen.net\/?p=546313","title":{"rendered":"Candil de la calle"},"content":{"rendered":"<h2>Triple Erre<\/h2>\n<h5>Francisco Reynoso<\/h5>\n<p>&nbsp;<\/p>\n<ul>\n<li><strong><em>\u00bfQu\u00e9 ofensa le hicimos a Dios para que nos castigara con L\u00f3pez Obrador?<\/em><\/strong><\/li>\n<\/ul>\n<p>&nbsp;<\/p>\n<p>Seguramente, m\u00e9dicos y enfermeras del Sindicato Nacional de Trabajadores de la Secretar\u00eda de Salud preguntar\u00e1n: \u201c\u00bfQu\u00e9 ofensa tan grave habremos hecho a Dios o a la virgen de Guadalupe, su madre, que nos castiga con L\u00f3pez Obrador?<\/p>\n<p>Con grav\u00edsima escasez de medicinas en todos los hospitales del pa\u00eds, en especial los oncol\u00f3gicos que salven la vida a miles de ni\u00f1os enfermos de c\u00e1ncer, al Presidente le preocupa m\u00e1s la exigencia ciudadana para que el gobierno ejerza la ley, con mano dura, contra los delincuentes que en Michoac\u00e1n corretearon, insultaron, humillaron y expulsaron a soldados del Ej\u00e9rcito mexicano.<\/p>\n<p>\u201cTambi\u00e9n son seres humanos\u201d, expres\u00f3 L\u00f3pez Obrador y pidi\u00f3 respeto para ellos.<\/p>\n<p>Doctores y enfermeras no se explican c\u00f3mo L\u00f3pez Obrador, a quien le importa un pito el dolor humano de miles de padres y madres que ven agonizantes a sus hijos, mantiene alt\u00edsimos niveles de popularidad.<\/p>\n<p>\u201cLa verdad es que los mexicanos somos muy tontos\u201d, lamenta un integrante del comit\u00e9 ejecutivo del SNTSA que preside Marco Antonio Garc\u00eda Ayala.<\/p>\n<p>El enojo de m\u00e9dicos y enfermeras obedece a la acumulaci\u00f3n de agravios. Desde el manejo torpe de la emergencia sanitaria de la Covid-19 hasta ahora, que desmantela el Instituto de Salud para el Bienestar, uno de los fracasos m\u00e1s grandes de los muchos que ha tenido la 4T.<\/p>\n<p>Tambi\u00e9n en el SNTSA consideran una mala decisi\u00f3n el anuncio de L\u00f3pez Obrador de que su gobierno contratar\u00e1 500 m\u00e9dicos cubanos para resolver el d\u00e9ficit de m\u00e9dicos generales y especialistas.<\/p>\n<p>\u201cDe verdad que este Presidente no tiene l\u00edmites\u201d, dice un allegado al l\u00edder Garc\u00eda Ayala.<\/p>\n<p>Y es que con motivo de la emergencia sanitaria de la Covid, la Secretar\u00eda de Salud, que maneja el doctor Jorge Alcocer Varela, contrat\u00f3 m\u00e9dicos y enfermeras a quienes jam\u00e1s les ha querido otorgar plaza que les garantice estabilidad laboral y econ\u00f3mica.<\/p>\n<p>Por ello, el anuncio que hizo L\u00f3pez Obrador en Cuba, al lado del presidente Miguel D\u00edaz-Canel, heredero pol\u00edtico de los dictadores Castro.<\/p>\n<p>La molestia de m\u00e9dicos y enfermeras del SNTSA tambi\u00e9n obedece a que en la conversi\u00f3n del Insabi a IMSS Bienestar se est\u00e1n atropellando los derechos de miles de trabajadores de Salud.<\/p>\n<p>El experimento inici\u00f3 en Nayarit y ahora se est\u00e1 aplicando en los estados de Baja California Sur, Campeche, Colima, Ciudad de M\u00e9xico, Durango, Michoac\u00e1n, Oaxaca, Sonora, Sinaloa, Tlaxcala, Veracruz y Zacatecas.<\/p>\n<p>Y no es otra cosa que la federalizaci\u00f3n de la salud.<\/p>\n<p>El IMSS Bienestar no ser\u00e1, como no lo fueron IMSS Solidaridad e IMSS Coplamar, dependencias de Seguro Social. Ni el IMSS lo financiar\u00e1. IMSS Bienestar funcionar\u00e1 con recursos propios que se tomar\u00e1n de los presupuestos estatales para salud.<\/p>\n<p>Y ocupar\u00e1 la infraestructura de salud de los estados: hospitales, cl\u00ednicas, centros de salud, etc\u00e9tera.<\/p>\n<p>Y en esa transici\u00f3n se est\u00e1 escamoteando a m\u00e9dicos, enfermeras, camillistas, laboratoristas, afanadoras, etc\u00e9tera, su incorporaci\u00f3n formal como trabajadores de la Secretar\u00eda de Salud.<\/p>\n<p>El gobierno de L\u00f3pez Obrador pretende recortar prestaciones laborales y derechos adquiridos a los trabajadores. Y una forma de no hacerles justicia es la contrataci\u00f3n de m\u00e9dicos cubanos.<\/p>\n<p>En los tiempos de la pandemia de la Covid, el gobierno de la Ciudad de M\u00e9xico contrat\u00f3 m\u00e9dicos cubanos. Les pag\u00f3 salarios que los m\u00e9dicos mexicanos nunca han percibido. Pero muchos de esos profesionales de la medicina desertaron. Huyeron qui\u00e9n sabe a d\u00f3nde. Usaron la oferta de trabajo en M\u00e9xico para escapar la situaci\u00f3n en la que viv\u00edan en Cuba.<\/p>\n<p>Algo parecido ocurrir\u00e1, pronostican m\u00e9dicos mexicanos. Y es que a los cubanos no los atrae tanto un buen salario y condiciones dignas de trabajo. Lo que ellos quieren es libertad. Y la libertad no tiene precio.<\/p>\n<p style=\"text-align: center;\"><strong>Los m\u00e1s populares<\/strong><\/p>\n<p>Los gobernadores del PAN, Mauricio Vila Dosal, de Yucat\u00e1n y Mauricio Kuri Gonz\u00e1lez, de Quer\u00e9taro, marcan muy bien en las encuestas sobre el desempe\u00f1o de los gobernadores.<\/p>\n<p>Sin embargo, no se les ven patas para contender por la Presidencia de la Rep\u00fablica.<\/p>\n<p>Los yucatecos son muy leales con sus gobernadores mientras est\u00e1n en funciones. Luego, los olvidan. Ahora, Vila se mantiene como el mejor gobernador, pero en 2024, que concluya su gesti\u00f3n, ser\u00e1 muy diferente, principiando por Yucat\u00e1n.<\/p>\n<p>As\u00ed son los panistas. Y as\u00ed son los yucatecos.<\/p>\n<p><a href=\"mailto:donrunrun@yahoo.es\" target=\"_blank\" rel=\"noopener\"><em>donrunrun@yahoo.es<\/em><\/a><\/p>\n","protected":false},"excerpt":{"rendered":"<p><span style=\"color: #005497;\"><strong>Francisco Reynoso<\/strong><\/span><br \/>\n<br \/>\nSeguramente, m\u00e9dicos y enfermeras del Sindicato Nacional de Trabajadores de la Secretar\u00eda de Salud preguntar\u00e1n: \u201c\u00bfQu\u00e9 ofensa tan grave habremos hecho a Dios o a la virgen de Guadalupe, su madre, que nos castiga con L\u00f3pez Obrador?<\/p>\n","protected":false},"author":3,"featured_media":0,"comment_status":"open","ping_status":"open","sticky":false,"template":"","format":"standard","meta":{"_monsterinsights_skip_tracking":false,"_monsterinsights_sitenote_active":false,"_monsterinsights_sitenote_note":"","_monsterinsights_sitenote_category":0,"footnotes":""},"categories":[94855],"tags":[94857,43674,94856],"class_list":["post-546313","post","type-post","status-publish","format-standard","hentry","category-francisco-reynoso","tag-francisco-reynoso","tag-opinion","tag-triple-erre"],"_links":{"self":[{"href":"https:\/\/www.diarioimagen.net\/index.php?rest_route=\/wp\/v2\/posts\/546313","targetHints":{"allow":["GET"]}}],"collection":[{"href":"https:\/\/www.diarioimagen.net\/index.php?rest_route=\/wp\/v2\/posts"}],"about":[{"href":"https:\/\/www.diarioimagen.net\/index.php?rest_route=\/wp\/v2\/types\/post"}],"author":[{"embeddable":true,"href":"https:\/\/www.diarioimagen.net\/index.php?rest_route=\/wp\/v2\/users\/3"}],"replies":[{"embeddable":true,"href":"https:\/\/www.diarioimagen.net\/index.php?rest_route=%2Fwp%2Fv2%2Fcomments&post=546313"}],"version-history":[{"count":0,"href":"https:\/\/www.diarioimagen.net\/index.php?rest_route=\/wp\/v2\/posts\/546313\/revisions"}],"wp:attachment":[{"href":"https:\/\/www.diarioimagen.net\/index.php?rest_route=%2Fwp%2Fv2%2Fmedia&parent=546313"}],"wp:term":[{"taxonomy":"category","embeddable":true,"href":"https:\/\/www.diarioimagen.net\/index.php?rest_route=%2Fwp%2Fv2%2Fcategories&post=546313"},{"taxonomy":"post_tag","embeddable":true,"href":"https:\/\/www.diarioimagen.net\/index.php?rest_route=%2Fwp%2Fv2%2Ftags&post=546313"}],"curies":[{"name":"wp","href":"https:\/\/api.w.org\/{rel}","templated":true}]}}