{"id":546316,"date":"2022-05-13T00:08:28","date_gmt":"2022-05-13T05:08:28","guid":{"rendered":"https:\/\/www.diarioimagen.net\/?p=546316"},"modified":"2022-05-13T05:22:25","modified_gmt":"2022-05-13T10:22:25","slug":"la-competencia-por-el-caribe","status":"publish","type":"post","link":"https:\/\/www.diarioimagen.net\/?p=546316","title":{"rendered":"La competencia por el Caribe"},"content":{"rendered":"<h2>Detr\u00e1s del Poder<\/h2>\n<h5>Jos\u00e9 Antonio L\u00f3pez Sosa<\/h5>\n<p><strong>\u00a0<\/strong><\/p>\n<p><strong>Punta Cana, Rep\u00fablica Dominicana.\u2014<\/strong> Se celebra la edici\u00f3n n\u00famero 23 de DATE (Dominican annual tourism exchange), la feria tur\u00edstica m\u00e1s importante de la Rep\u00fablica Dominicana, esto nos lleva a pensar \u00bfc\u00f3mo est\u00e1 la competencia tur\u00edstica por el Caribe?<\/p>\n<p>La Organizaci\u00f3n Mundial de Turismo (OMT), se\u00f1al\u00f3 que Dominicana es el pa\u00eds n\u00famero uno en el mundo, con relaci\u00f3n a la recuperaci\u00f3n tur\u00edstica luego de la pandemia, en contraste, nuestro competidor nacional, el Caribe mexicano, padece en un entorno de inseguridad, balaceras, cobros de piso y preocupaci\u00f3n electoral, antes que impulsar la competitividad internacional.<\/p>\n<p>Evidentemente, la infraestructura del Caribe mexicano es mayor que la existente en Punta Cana y otros destinos dominicanos de sol y playa, la diferencia ahora radica principalmente en la seguridad al turista y de paso, el control del sargazo.<\/p>\n<p>Como pa\u00eds, estamos haciendo lo propio para perder esa competitividad, mientras en Dominicana, el gobierno nacional invierte millones de d\u00f3lares en promoci\u00f3n tur\u00edstica, en M\u00e9xico el gobierno federal mantiene la pol\u00edtica de austeridad republicana en este sector. El esfuerzo del estado de Quintana Roo es loable, tambi\u00e9n el impulso desde el Consejo de Promoci\u00f3n Tur\u00edstica estatal, sin embargo, aqu\u00ed se est\u00e1 vislumbrando como negocio de pa\u00eds y no, como una actividad econ\u00f3mica secundaria de unos cuantos adinerados.<\/p>\n<p>Punta Cana es un para\u00edso, volamos con la opci\u00f3n m\u00e1s larga, con Avianca con escala en Bogot\u00e1. El servicio de media tabla, pero su aeropuerto, El Dorado en Bogot\u00e1, es francamente envidiable si lo comparamos con el AICM y, completo y con v\u00edas de acceso, si lo comparamos con el AIFA.<\/p>\n<p>Las arenas blancas y aguas cristalinas, s\u00ed, las mismas que se encuentran en distintas partes del Caribe, pero con un sabor distinto de una herencia cultural, gastron\u00f3mica y de identidad propia de los dominicanos. Sin lugar a dudas est\u00e1n apostando duro al turismo, con relaci\u00f3n a M\u00e9xico s\u00f3lo falta incrementar la conectividad, la \u00fanica opci\u00f3n sin escalas es Aerom\u00e9xico con precios exorbitantes o bien, con escalas con Copa Airlines v\u00eda Panam\u00e1 o la larga, con Avianca v\u00eda Bogot\u00e1.<\/p>\n<p>Mientras tanto ayer, tanto el Ministerio de Turismo de este pa\u00eds, como la Asociaci\u00f3n de Hoteles y Turismo,\u00a0firmaron un acuerdo con touroperadores y l\u00edneas a\u00e9reas de Canad\u00e1 con el objetivo de impulsar nuevas rutas a\u00e9reas que permitan incrementar la cantidad de visitantes al pa\u00eds.<\/p>\n<p style=\"text-align: center;\"><strong>Expedia Dominicana\u00a0 vs Expedia M\u00e9xico<\/strong><\/p>\n<p>Present\u00f3 un informe la plataforma Expedia con relaci\u00f3n al comportamiento del viajero en Am\u00e9rica Latina y el Caribe. Contrario a los pron\u00f3sticos de los <em>webinars <\/em>en la pandemia, el viajero est\u00e1 buscando sol y playa, viajes de \u00faltimo momento y estancias m\u00e1s cortas.<\/p>\n<p>Mientras Expedia crece en Rep\u00fablica Dominicana y el gobierno de este pa\u00eds se mantiene como aliado de los turisteros -Expedia incluida-, en M\u00e9xico el negocio les resulta cada vez m\u00e1s complicado. Fuentes de la plataforma me confirman las constantes trabas que el gobierno mexicano pone, al punto que el corporativo en los Estados Unidos piensa mucho cada vez que hay que hacer alg\u00fan proyecto de inversi\u00f3n en M\u00e9xico.<\/p>\n<p>Aqu\u00ed otro ejemplo de pa\u00edses con vocaci\u00f3n tur\u00edstica.<\/p>\n<p style=\"text-align: center;\"><strong>Arajet, un nuevo competidor a\u00e9reo<\/strong><\/p>\n<p>\u00a0Resulta valiente abrir operaciones de una l\u00ednea a\u00e9rea nueva en tiempos de salida de pandemia, as\u00ed apuesta la nueva aerol\u00ednea dominicana Arajet que estima iniciar operaciones en julio de este a\u00f1o. Su flota integrada por Boeing 737 MAX, arrancar\u00e1 conectando Santo Domingo con destinos en\u00a0Estados Unidos, M\u00e9xico, Sudam\u00e9rica Centroam\u00e9rica y el Caribe.<\/p>\n<p>Con relaci\u00f3n a M\u00e9xico, a\u00fan no confirman a qu\u00e9 aeropuerto y con qu\u00e9 frecuencias estar\u00e1n conectando Santo Domingo, pero el hecho es que representar\u00e1n una fuerte competencia a Aerom\u00e9xico, con la ventaja que Arajet es una l\u00ednea a\u00e9rea de bajo costo. Fuentes dentro de la aerol\u00ednea me confirman que M\u00e9xico (pa\u00eds) ser\u00e1 uno de los primeros destinos en operar, la duda es \u00bfCanc\u00fan?, \u00bfAICM?, \u00bfAIFA?<\/p>\n<p><em><a href=\"http:\/\/www.lopezsosa.com\" target=\"_blank\" rel=\"noopener\">www.lopezsosa.com<\/a><\/em><br \/>\n<em><a href=\"mailto:joseantonio@lopezsosa.com\" target=\"_blank\" rel=\"noopener\">joseantonio@lopezsosa.com<\/a><\/em><br \/>\n<em><a href=\"http:\/\/twitter.com\/joseantonio1977\" target=\"_blank\" rel=\"noopener\">@joseantonio197<\/a><\/em><\/p>\n","protected":false},"excerpt":{"rendered":"<p><span style=\"color: #005497;\"><strong>Jos\u00e9 Antonio L\u00f3pez Sosa<\/strong><\/span><\/p>\n","protected":false},"author":3,"featured_media":0,"comment_status":"open","ping_status":"open","sticky":false,"template":"","format":"standard","meta":{"_monsterinsights_skip_tracking":false,"_monsterinsights_sitenote_active":false,"_monsterinsights_sitenote_note":"","_monsterinsights_sitenote_category":0,"footnotes":""},"categories":[637],"tags":[638,43690,43674],"class_list":["post-546316","post","type-post","status-publish","format-standard","hentry","category-jose-antonio-lopez-sosa","tag-detras-del-poder","tag-jose-antonio-lopez-sosa","tag-opinion"],"_links":{"self":[{"href":"https:\/\/www.diarioimagen.net\/index.php?rest_route=\/wp\/v2\/posts\/546316","targetHints":{"allow":["GET"]}}],"collection":[{"href":"https:\/\/www.diarioimagen.net\/index.php?rest_route=\/wp\/v2\/posts"}],"about":[{"href":"https:\/\/www.diarioimagen.net\/index.php?rest_route=\/wp\/v2\/types\/post"}],"author":[{"embeddable":true,"href":"https:\/\/www.diarioimagen.net\/index.php?rest_route=\/wp\/v2\/users\/3"}],"replies":[{"embeddable":true,"href":"https:\/\/www.diarioimagen.net\/index.php?rest_route=%2Fwp%2Fv2%2Fcomments&post=546316"}],"version-history":[{"count":0,"href":"https:\/\/www.diarioimagen.net\/index.php?rest_route=\/wp\/v2\/posts\/546316\/revisions"}],"wp:attachment":[{"href":"https:\/\/www.diarioimagen.net\/index.php?rest_route=%2Fwp%2Fv2%2Fmedia&parent=546316"}],"wp:term":[{"taxonomy":"category","embeddable":true,"href":"https:\/\/www.diarioimagen.net\/index.php?rest_route=%2Fwp%2Fv2%2Fcategories&post=546316"},{"taxonomy":"post_tag","embeddable":true,"href":"https:\/\/www.diarioimagen.net\/index.php?rest_route=%2Fwp%2Fv2%2Ftags&post=546316"}],"curies":[{"name":"wp","href":"https:\/\/api.w.org\/{rel}","templated":true}]}}