{"id":546345,"date":"2022-05-13T00:12:38","date_gmt":"2022-05-13T05:12:38","guid":{"rendered":"https:\/\/www.diarioimagen.net\/?p=546345"},"modified":"2022-05-13T05:53:21","modified_gmt":"2022-05-13T10:53:21","slug":"encuestas-esas-fantasias-y-elucubraciones-que-el-voto-hunde-en-cada-eleccion","status":"publish","type":"post","link":"https:\/\/www.diarioimagen.net\/?p=546345","title":{"rendered":"Encuestas, esas fantas\u00edas y elucubraciones que el voto hunde en cada elecci\u00f3n"},"content":{"rendered":"<h2>Tras la puerta del poder<\/h2>\n<h5>Roberto Vizca\u00edno<\/h5>\n<p>&nbsp;<\/p>\n<p>Durante la semana, nadie sabe a ciencia cierta por qu\u00e9, en varios diarios de los llamados nacionales, se publicaron varias encuestas que midieron \u2014seg\u00fan ellos\u2014, las preferencias electorales en la adelantad\u00edsima sucesi\u00f3n presidencial y a un mes de las elecciones de 6 gubernaturas.<\/p>\n<p>Desde que cobraron fuerza como desahogo de ambiciones, los sondeos casi siempre terminan en desilusi\u00f3n. Simplemente no dan una. Y cuando le atinan pareciera que es por un mero chiripazo, que por una expresi\u00f3n ciudadana real.<\/p>\n<p>Pero, bueno, hay que divertirse y pensar que esta vez s\u00ed acertar\u00e1n.<\/p>\n<p>As\u00ed que comencemos con la de <em>El Financiero<\/em> que concluye, a un mes de esos comicios, que en Aguascalientes\u00a0<strong>Tere Jim\u00e9nez <\/strong>(PAN, PRI y PRD) alcanzar\u00eda el 46 por ciento de los votos si la elecci\u00f3n fuese hoy, ya sabe Usted, mientras que la morenista\u00a0<strong>Nora Ruvalcaba<\/strong>\u00a0llegar\u00eda a la nada despreciable cifra de 37 por ciento de los sufragios.<\/p>\n<p>La verdad es que en Aguascalientes no hay muchas sorpresas porque es un estado s\u00f3lidamente panista y la verdad, sorprender\u00eda que la morenista sacara ese porcentaje de sufragios.<\/p>\n<p>Para Durango encuentran que\u00a0<strong>Esteban Villegas<\/strong>\u00a0(PAN, PRI y PRD) la suma de preferencias es igual, de 46 por ciento y que\u00a0<strong>Marina Vitela<\/strong>\u00a0(Morena, PT y Verde) podr\u00eda dar la sorpresa porque cuenta con el 42 por ciento de las preferencias.<\/p>\n<p>En Hidalgo el sondeo afirma que el senador de Morena\u00a0<strong>Julio Menchaca<\/strong>\u00a0puntea con 45 por ciento por sobre\u00a0<strong>Carolina Viggiano Austria (<\/strong>que va por la alianza PAN, PRI y PRD) a la que dan apenas un 36 por ciento de apoyos. Sorprende porque sin duda la carrera y experiencia pol\u00edtica, de gobierno y partidaria de\u00a0<strong>Viggiano<\/strong>\u00a0es mucho mayor y m\u00e1s s\u00f3lida que la del legislador. La priista vestida de panista ha sido secretaria de Desarrollo Social, presidenta del Tribunal de Hidalgo, ex presidenta del PRI y actual secretaria general de este partido. Diputada federal.<\/p>\n<p>Ya veremos en qu\u00e9 termina esa elecci\u00f3n, luego de que en octubre de 2020 el PRI gan\u00f3 \u201ccarro completo\u201d en Coahuila y 32 municipios en Hidalgo a pesar de que, como ahora, las encuestas no le daban mayores posibilidades al ex partidazo.<\/p>\n<p>Donde no habr\u00e1, al parecer, sorpresas es en Oaxaca, donde la encuesta de <em>El Financiero<\/em> coloca al morenista\u00a0<strong>Salom\u00f3n Jara<\/strong>\u00a0con 47 por ciento y al candidato del PRI y PRD,\u00a0<strong>Alejandro Avil\u00e9s,<\/strong>\u00a0con apenas 30 puntos. Ah\u00ed el PAN postul\u00f3 a\u00a0<strong>Natividad D\u00edaz<\/strong>\u00a0que apenas suma 10 por ciento de preferencias.<\/p>\n<p>En donde quiz\u00e1 tampoco cambien mucho las cosas es en Quintana Roo, donde la morenista\u00a0<strong>Mara Lezama,<\/strong>\u00a0que va tambi\u00e9n por Morena, PT y Verde, suma 45 por ciento de preferencias mientras\u00a0<strong>Laura Fern\u00e1ndez,<\/strong>\u00a0del PAN y PRD, obtiene 30 puntos y la pri\u00edsta\u00a0<strong>Leslie Hendricks\u00a0<\/strong>va a la cola con 12 puntos.<\/p>\n<p>Para Tamaulipas ven al senador morenista\u00a0<strong>Am\u00e9rico Villarreal<\/strong>\u00a0con 49 puntos de preferencias, convirti\u00e9ndose como el candidato de m\u00e1s apoyos en este proceso, mientras que\u00a0<strong>C\u00e9sar Ver\u00e1stegui,<\/strong>\u00a0de la alianza PAN, PRI y PRD va con 40 puntos.<\/p>\n<p style=\"text-align: center;\"><strong>Pa m\u00ed qu\u00e9&#8230;<\/strong><\/p>\n<p>Las y los encuestadores evaden fracasos con el argumento de que ellos hacen cortes de preferencias como si fuesen fotos de ese momento.<\/p>\n<p>As\u00ed, el d\u00eda de la elecci\u00f3n, si los votos presentan resultados muy distintos a sus proyecciones, pues es que\u00a0<em>la foto cambi\u00f3.<\/em><\/p>\n<p>Yo digo que los sondeos son pura fantas\u00eda que a veces dan el chiripazo.<\/p>\n<p>Esta vez, creo yo, por sobre las encuestas, influir\u00e1n en los votos para unos y otros los perfiles de los candidatos y el desarrollo de cada campa\u00f1a, va a contar el malestar social por cosas como la inseguridad, las m\u00faltiples ejecuciones y masacres que ocurren por todos lados, los feminicidios, los asesinatos de periodistas, las desapariciones y levantamientos de una delincuencia desatada, el desempleo, la ca\u00edda econ\u00f3mica reflejada en un aumento desorbitado de precios de productos b\u00e1sicos y la polarizaci\u00f3n social.<\/p>\n<p style=\"text-align: center;\"><strong>Y para la presidencial van&#8230;<\/strong><\/p>\n<p>En este juego de proyecciones, el diario <strong><em>Reforma<\/em><\/strong> hizo su encuesta para la presidencial del 2024 y encontr\u00f3 que el mejor colocado entre los mexicanos es el canciller\u00a0<strong>Marcelo Ebrard<\/strong>\u00a0con un 34 por ciento de preferencias; le sigue la jefa de Gobierno de la CDMX, <strong>Claudia Sheinbaum,<\/strong>\u00a0con 33 puntos;\u00a0<strong>Luis Donaldo Colosio<\/strong>\u00a0hijo es el tercero con 26 por ciento; la ahora diputada federal panista <strong>Margarita Zavala\u00a0<\/strong>le sigue con |4 puntos.<\/p>\n<p><strong>Ricardo Anaya<\/strong>\u00a0suma 13 puntos mientras que\u00a0<strong>Ricardo Monreal<\/strong>\u00a0tiene 11 por ciento de preferencias y el gobernador de Nuevo Le\u00f3n,<strong>Samuel Garc\u00eda,<\/strong>\u00a0va con 8 por ciento.<\/p>\n<p>El gobernador mexiquense\u00a0<strong>Alfredo del Mazo<\/strong>\u00a0suma 7 puntos mientras que\u00a0<strong>Enrique Alfaro,<\/strong>\u00a0el gobernador de Jalisco, va con 6 por ciento, igual que el titular de Gobernaci\u00f3n, el tabasque\u00f1o\u00a0<strong>Ad\u00e1n Augusto L\u00f3pez<\/strong>.<\/p>\n<p>Un ejercicio por dem\u00e1s ocioso porque faltan al menos 2 a\u00f1os completos para esa elecci\u00f3n y en ese tiempo seguro van a cambiar much\u00edsimo las cosas. Tanto que a lo mejor ni elecciones hay.<\/p>\n<p style=\"text-align: center;\"><strong>La Corte va adelante con lo de la mariguana<\/strong><\/p>\n<p>Luego de casi 2 a\u00f1os de que la Suprema Corte exigi\u00f3 a Senadores y Diputados legislar sobre el uso m\u00e9dico y recreativo de la mariguana, los ministros se le volvieron a adelantar al Legislativo y declar\u00f3 inconstitucional penalizar el uso personal de la cannabis.<\/p>\n<p>Frente a este hecho,\u00a0<strong>Ricardo Monreal<\/strong>, presidente de la Junta de Coordinaci\u00f3n Pol\u00edtica del Senado explic\u00f3 que esta resoluci\u00f3n impide al Ministerio P\u00fablico ejercer acci\u00f3n penal contra quienes sean farmacodependiente o consumidores habituales de la cannabis.<\/p>\n<p>En los hechos, legalizan su uso. Lo que debieron hacer senadores y diputados.<\/p>\n<p>Mientras en el Senado se encuentra atorado un predictamen\u00a0\u00a0\u201cy que pronto deberemos someter a votaci\u00f3n en el Pleno de la C\u00e1mara alta\u201d.<\/p>\n<p>As\u00ed, dijo el zacatecano, \u201cel siguiente paso es referirnos a la regularizaci\u00f3n de la producci\u00f3n, comercializaci\u00f3n y venta, en beneficio de campesinos pobres y para la protecci\u00f3n del derecho de las personas adultas al consumo de esta sustancia.<\/p>\n<p>\u201cEn el Senado tenemos el compromiso de concluir el trabajo legislativo iniciado desde el 2019, a fin de aprobar las reformas legales que den paso a una nueva \u00e9poca en la regularizaci\u00f3n de la mariguana en M\u00e9xico.<\/p>\n<p>\u201cNo pretendemos y no queremos que haya persecuci\u00f3n contra los consumidores; tampoco que haya penalizaci\u00f3n contra los productores. Regular la mariguana es proteger el derecho al libre desarrollo de la personalidad\u201d, indic\u00f3.<\/p>\n<p><em><a href=\"mailto:rvizcainoa@gmail.com\" target=\"_blank\" rel=\"noopener noreferrer\">vizcainoa@gmail.com<\/a><a href=\"mailto:rvizcainoa@gmail.com\" target=\"_blank\" rel=\"noopener noreferrer\"><br \/>\n<\/a><a href=\"http:\/\/endirecto.mx\" target=\"_blank\" rel=\"noopener noreferrer\">www.endirecto.mx<\/a><a href=\"mailto:rvizcainoa@gmail.com\" target=\"_blank\" rel=\"noopener noreferrer\"><br \/>\n<\/a><a href=\"https:\/\/twitter.com\/_rvizcaino\" target=\"_blank\" rel=\"noopener noreferrer\">@_RVizcaino<\/a><a href=\"mailto:rvizcainoa@gmail.com\" target=\"_blank\" rel=\"noopener noreferrer\"><br \/>\n<\/a><a href=\"https:\/\/www.facebook.com\/rvizcainoa\" target=\"_blank\" rel=\"noopener noreferrer\">facebook.com\/rvizcainoa<\/a><\/em><\/p>\n","protected":false},"excerpt":{"rendered":"<p><span style=\"color: #005497;\"><strong>Roberto Vizca\u00edno<\/strong><\/span><br \/>\n<br \/>\nDurante la semana, nadie sabe a ciencia cierta por qu\u00e9, en varios diarios de los llamados nacionales, se publicaron varias encuestas que midieron \u2014seg\u00fan ellos\u2014, las preferencias electorales en la adelantad\u00edsima sucesi\u00f3n presidencial y a un mes de las elecciones de 6 gubernaturas.<\/p>\n","protected":false},"author":3,"featured_media":0,"comment_status":"open","ping_status":"open","sticky":false,"template":"","format":"standard","meta":{"_monsterinsights_skip_tracking":false,"_monsterinsights_sitenote_active":false,"_monsterinsights_sitenote_note":"","_monsterinsights_sitenote_category":0,"footnotes":""},"categories":[136],"tags":[43674,93,94],"class_list":["post-546345","post","type-post","status-publish","format-standard","hentry","category-roberto-vizcaino-opinion","tag-opinion","tag-roberto-vizcaino","tag-tras-la-puerta-del-poder"],"_links":{"self":[{"href":"https:\/\/www.diarioimagen.net\/index.php?rest_route=\/wp\/v2\/posts\/546345","targetHints":{"allow":["GET"]}}],"collection":[{"href":"https:\/\/www.diarioimagen.net\/index.php?rest_route=\/wp\/v2\/posts"}],"about":[{"href":"https:\/\/www.diarioimagen.net\/index.php?rest_route=\/wp\/v2\/types\/post"}],"author":[{"embeddable":true,"href":"https:\/\/www.diarioimagen.net\/index.php?rest_route=\/wp\/v2\/users\/3"}],"replies":[{"embeddable":true,"href":"https:\/\/www.diarioimagen.net\/index.php?rest_route=%2Fwp%2Fv2%2Fcomments&post=546345"}],"version-history":[{"count":0,"href":"https:\/\/www.diarioimagen.net\/index.php?rest_route=\/wp\/v2\/posts\/546345\/revisions"}],"wp:attachment":[{"href":"https:\/\/www.diarioimagen.net\/index.php?rest_route=%2Fwp%2Fv2%2Fmedia&parent=546345"}],"wp:term":[{"taxonomy":"category","embeddable":true,"href":"https:\/\/www.diarioimagen.net\/index.php?rest_route=%2Fwp%2Fv2%2Fcategories&post=546345"},{"taxonomy":"post_tag","embeddable":true,"href":"https:\/\/www.diarioimagen.net\/index.php?rest_route=%2Fwp%2Fv2%2Ftags&post=546345"}],"curies":[{"name":"wp","href":"https:\/\/api.w.org\/{rel}","templated":true}]}}