{"id":546428,"date":"2022-05-16T00:02:35","date_gmt":"2022-05-16T05:02:35","guid":{"rendered":"https:\/\/www.diarioimagen.net\/?p=546428"},"modified":"2022-05-16T08:19:04","modified_gmt":"2022-05-16T13:19:04","slug":"ana-lilia-herrera-llama-a-las-mujeres-a-unirse-en-torno-a-las-causas-justas","status":"publish","type":"post","link":"https:\/\/www.diarioimagen.net\/?p=546428","title":{"rendered":"Ana Lilia Herrera llama a las mujeres a unirse en torno a las causas justas"},"content":{"rendered":"<p>&nbsp;<\/p>\n<ul>\n<li><strong><em>Foro Legislando con los ciudadanos<\/em><\/strong><\/li>\n<\/ul>\n<p>&nbsp;<\/p>\n<h6>Arturo Baena<\/h6>\n<p>&nbsp;<\/p>\n<div id=\"attachment_546570\" style=\"width: 470px\" class=\"wp-caption aligncenter\"><a href=\"https:\/\/www.diarioimagen.net\/?attachment_id=546570\" rel=\"attachment wp-att-546570\"><img loading=\"lazy\" decoding=\"async\" aria-describedby=\"caption-attachment-546570\" class=\"size-full wp-image-546570\" src=\"https:\/\/www.diarioimagen.net\/wp-content\/uploads\/2022\/05\/naucalpan1-2.jpg\" alt=\"\" width=\"460\" height=\"270\" \/><\/a><p id=\"caption-attachment-546570\" class=\"wp-caption-text\">La diputada Ana Lilia Herrera Anzaldo llam\u00f3 a priistas de Naucalpan a aliarse entorno a las causas justas, a las instituciones y por las mujeres.<\/p><\/div>\n<p>&nbsp;<\/p>\n<p><strong>Naucalpan, Estado de M\u00e9xico.\u2014<\/strong> Durante el Foro Legislando con los Ciudadanos,\u00a0 Ana Lilia Herrera Anzaldo, diputada federal por el Estado de M\u00e9xico, llam\u00f3 a priistas de esta localidad a aliarse entorno a las causas justas, a las instituciones y entorno a la democracia y por las mujeres.<\/p>\n<p>Luego de dar una breve semblanza del \u201cColectivo 50 +1\u201d, reconoci\u00f3 que las mujeres y los hombres no la est\u00e1n pasando nada bien y est\u00e1n perdiendo incluso la vida en las calles.<\/p>\n<p>Al ser acompa\u00f1ada por el diputado local, David Parra S\u00e1nchez, la legisladora federal, Cristina Ruiz Sandoval y el ex alcalde, Sergio Mancilla Guzm\u00e1n, as\u00ed como el s\u00edndico Omar Melgoza y los regidores, Silvia Rojas y V\u00edctor Ruiz, subray\u00f3 el gusto de que el municipio haya sido recuperado por la alianza.<\/p>\n<p>Tras escuchar a vecinos, l\u00edderes de la comunidad y de base territorial del Revolucionario Institucional, quienes fijaron su postura con respecto a la falta de unidad, oportunidades, el tener un instituto pol\u00edtico de tierra y ausencia de compromiso de este partido, con y para los j\u00f3venes.<\/p>\n<p>Ana Lilia Herrera, recogi\u00f3 planteamientos de lideres sociales comprometi\u00e9ndose a escuchar y trabajar con los distintos sectores para sumar esfuerzos en la lucha por erradicar la violencia en contra de la mujeres, presentando iniciativas en la Camara Federal para buscar que haya justicia social.<\/p>\n<p>Se\u00f1al\u00f3 que de qu\u00e9 sirve las cosas, \u201csi no llegamos donde est\u00e1n los problemas, los problemas est\u00e1n en las colonias, y hay que aprender a resolver, en el barrio, y no detr\u00e1s de un escritorio<\/p>\n<p>David Parra S\u00e1nchez, diputado local por el Distrito 032, al dar la bienvenida al Foro Legislando con la Ciudadan\u00eda, destac\u00f3 que hoy la reflexi\u00f3n a compartir es de que el Revolucionario Institucional necesita de todos los pri\u00edstas, hasta los que se fueron, y los exhort\u00f3 \u201c a que regresen\u201d.<\/p>\n","protected":false},"excerpt":{"rendered":"<p>Durante el Foro Legislando con los Ciudadanos,\u00a0 Ana Lilia Herrera Anzaldo, diputada federal por el Estado de M\u00e9xico, llam\u00f3 a priistas de esta localidad a aliarse entorno a las causas justas, a las instituciones y entorno a la democracia y por las mujeres.<\/p>\n","protected":false},"author":3,"featured_media":546570,"comment_status":"open","ping_status":"open","sticky":false,"template":"","format":"standard","meta":{"_monsterinsights_skip_tracking":false,"_monsterinsights_sitenote_active":false,"_monsterinsights_sitenote_note":"","_monsterinsights_sitenote_category":0,"footnotes":""},"categories":[5],"tags":[3314,43675,1921,970],"class_list":["post-546428","post","type-post","status-publish","format-standard","has-post-thumbnail","hentry","category-estado-de-mexico","tag-ana-lilia-herrera-anzaldo","tag-estado-de-mexico","tag-mujeres","tag-naucalpan"],"_links":{"self":[{"href":"https:\/\/www.diarioimagen.net\/index.php?rest_route=\/wp\/v2\/posts\/546428","targetHints":{"allow":["GET"]}}],"collection":[{"href":"https:\/\/www.diarioimagen.net\/index.php?rest_route=\/wp\/v2\/posts"}],"about":[{"href":"https:\/\/www.diarioimagen.net\/index.php?rest_route=\/wp\/v2\/types\/post"}],"author":[{"embeddable":true,"href":"https:\/\/www.diarioimagen.net\/index.php?rest_route=\/wp\/v2\/users\/3"}],"replies":[{"embeddable":true,"href":"https:\/\/www.diarioimagen.net\/index.php?rest_route=%2Fwp%2Fv2%2Fcomments&post=546428"}],"version-history":[{"count":0,"href":"https:\/\/www.diarioimagen.net\/index.php?rest_route=\/wp\/v2\/posts\/546428\/revisions"}],"wp:featuredmedia":[{"embeddable":true,"href":"https:\/\/www.diarioimagen.net\/index.php?rest_route=\/wp\/v2\/media\/546570"}],"wp:attachment":[{"href":"https:\/\/www.diarioimagen.net\/index.php?rest_route=%2Fwp%2Fv2%2Fmedia&parent=546428"}],"wp:term":[{"taxonomy":"category","embeddable":true,"href":"https:\/\/www.diarioimagen.net\/index.php?rest_route=%2Fwp%2Fv2%2Fcategories&post=546428"},{"taxonomy":"post_tag","embeddable":true,"href":"https:\/\/www.diarioimagen.net\/index.php?rest_route=%2Fwp%2Fv2%2Ftags&post=546428"}],"curies":[{"name":"wp","href":"https:\/\/api.w.org\/{rel}","templated":true}]}}