{"id":546431,"date":"2022-05-16T00:03:43","date_gmt":"2022-05-16T05:03:43","guid":{"rendered":"https:\/\/www.diarioimagen.net\/?p=546431"},"modified":"2022-05-16T08:11:18","modified_gmt":"2022-05-16T13:11:18","slug":"en-el-pan-se-renueva-rumbo-al-2023-afirma-anuar-azar-figueroa","status":"publish","type":"post","link":"https:\/\/www.diarioimagen.net\/?p=546431","title":{"rendered":"En el PAN se renueva rumbo al 2023, afirma Anuar Azar Figueroa"},"content":{"rendered":"<p>&nbsp;<\/p>\n<ul>\n<li><strong><em>Va por la gubernatura mexiquense<\/em><\/strong><\/li>\n<\/ul>\n<p>&nbsp;<\/p>\n<h6>Arturo Baena<\/h6>\n<p>&nbsp;<\/p>\n<div id=\"attachment_546560\" style=\"width: 470px\" class=\"wp-caption aligncenter\"><a href=\"https:\/\/www.diarioimagen.net\/?attachment_id=546560\" rel=\"attachment wp-att-546560\"><img loading=\"lazy\" decoding=\"async\" aria-describedby=\"caption-attachment-546560\" class=\"size-full wp-image-546560\" src=\"https:\/\/www.diarioimagen.net\/wp-content\/uploads\/2022\/05\/valle-5.jpg\" alt=\"\" width=\"460\" height=\"270\" \/><\/a><p id=\"caption-attachment-546560\" class=\"wp-caption-text\">Anuar Azar Figueroa se reuni\u00f3 con legisladores federales y locales panistas, acompa\u00f1ado de Enrique Vargas del Villar.<\/p><\/div>\n<p>&nbsp;<\/p>\n<p><strong>Valle de Mexico.\u2014<\/strong> El Partido Acci\u00f3n Nacional (PAN) en el Estado de M\u00e9xico consolida su unidad en un solo PAN, en un solo equipo, para llegar con fuerza a la batalla el pr\u00f3ximo a\u00f1o 2023 y ganar la gubernatura mexiquense.<\/p>\n<p>As\u00ed lo manifest\u00f3 el presidente del PAN, Anuar Azar Figueroa, quien se reuni\u00f3 con diputadas y legisladores federales y locales, acompa\u00f1ado de\u00a0 Enrique Vargas del Villar, coordinador nacional de los diputados locales del Acci\u00f3n Nacional.<\/p>\n<p>Anuar Azar, convoc\u00f3 a los presentes a cerrar filas, a seguir en uni\u00f3n, porque \u201cel proyecto para ganar la gubernatura del Estado de M\u00e9xico involucra a todos, funcionarios, militancia, pero sobre todo a las y los mexiquenses, quienes tienen fe en Acci\u00f3n Nacional para un cambio que llegue con resultados para beneficio de la ciudadan\u00eda\u201d, dijo.<\/p>\n<p>El dirigente panista expres\u00f3 que \u201cel trabajo realizado hasta ahora es una labor planificada en la que nada est\u00e1 hecho de la casualidad o la ocurrencia sino acuerdos pol\u00edticos desde hace varios a\u00f1os\u201d, reiter\u00f3.<\/p>\n<p>Indic\u00f3 que el PAN tiene una visi\u00f3n de largo alcance y de triunfo con la \u00fanica opci\u00f3n que se tiene y para ello el PAN se fortalecer\u00e1 internamente con sus secretar\u00edas, especialmente con Eduardo G\u00f3mez en la Secretar\u00eda de Fortalecimiento y hacia afuera con la ciudadan\u00eda, con los diferentes liderazgos del Estado de M\u00e9xico, con Evelin May\u00e9n Gonz\u00e1lez, secretaria de Acci\u00f3n Pol\u00edtica.<\/p>\n<p>En la reuni\u00f3n se le dio la bienvenida a la nueva diputada federal del PAN, Ali N\u00fa\u00f1ez, quien se sum\u00f3 al PAN.<\/p>\n","protected":false},"excerpt":{"rendered":"<p>El Partido Acci\u00f3n Nacional (PAN) en el Estado de M\u00e9xico consolida su unidad en un solo PAN, en un solo equipo, para llegar con fuerza a la batalla el pr\u00f3ximo a\u00f1o 2023 y ganar la gubernatura mexiquense.<\/p>\n","protected":false},"author":3,"featured_media":546560,"comment_status":"open","ping_status":"open","sticky":false,"template":"","format":"standard","meta":{"_monsterinsights_skip_tracking":false,"_monsterinsights_sitenote_active":false,"_monsterinsights_sitenote_note":"","_monsterinsights_sitenote_category":0,"footnotes":""},"categories":[5],"tags":[93709,982,34],"class_list":["post-546431","post","type-post","status-publish","format-standard","has-post-thumbnail","hentry","category-estado-de-mexico","tag-anuar-azar-figueroa","tag-partido-accion-nacional","tag-valle-de-mexico"],"_links":{"self":[{"href":"https:\/\/www.diarioimagen.net\/index.php?rest_route=\/wp\/v2\/posts\/546431","targetHints":{"allow":["GET"]}}],"collection":[{"href":"https:\/\/www.diarioimagen.net\/index.php?rest_route=\/wp\/v2\/posts"}],"about":[{"href":"https:\/\/www.diarioimagen.net\/index.php?rest_route=\/wp\/v2\/types\/post"}],"author":[{"embeddable":true,"href":"https:\/\/www.diarioimagen.net\/index.php?rest_route=\/wp\/v2\/users\/3"}],"replies":[{"embeddable":true,"href":"https:\/\/www.diarioimagen.net\/index.php?rest_route=%2Fwp%2Fv2%2Fcomments&post=546431"}],"version-history":[{"count":0,"href":"https:\/\/www.diarioimagen.net\/index.php?rest_route=\/wp\/v2\/posts\/546431\/revisions"}],"wp:featuredmedia":[{"embeddable":true,"href":"https:\/\/www.diarioimagen.net\/index.php?rest_route=\/wp\/v2\/media\/546560"}],"wp:attachment":[{"href":"https:\/\/www.diarioimagen.net\/index.php?rest_route=%2Fwp%2Fv2%2Fmedia&parent=546431"}],"wp:term":[{"taxonomy":"category","embeddable":true,"href":"https:\/\/www.diarioimagen.net\/index.php?rest_route=%2Fwp%2Fv2%2Fcategories&post=546431"},{"taxonomy":"post_tag","embeddable":true,"href":"https:\/\/www.diarioimagen.net\/index.php?rest_route=%2Fwp%2Fv2%2Ftags&post=546431"}],"curies":[{"name":"wp","href":"https:\/\/api.w.org\/{rel}","templated":true}]}}