{"id":546435,"date":"2022-05-16T00:01:26","date_gmt":"2022-05-16T05:01:26","guid":{"rendered":"https:\/\/www.diarioimagen.net\/?p=546435"},"modified":"2022-05-16T08:12:48","modified_gmt":"2022-05-16T13:12:48","slug":"elias-rescala-jimenez-no-buscara-ser-candidato-del-pri-a-la-gubernatura-del-estado-de-mexico","status":"publish","type":"post","link":"https:\/\/www.diarioimagen.net\/?p=546435","title":{"rendered":"El\u00edas Rescala Jim\u00e9nez no buscar\u00e1 ser candidato del PRI a la\u00a0gubernatura del Estado de M\u00e9xico"},"content":{"rendered":"<p>&nbsp;<\/p>\n<ul>\n<li><strong><em>Seguir\u00e1 hasta el final de la legislatura<\/em><\/strong><\/li>\n<\/ul>\n<p>&nbsp;<\/p>\n<h6>Arturo Baena<\/h6>\n<p>&nbsp;<\/p>\n<div id=\"attachment_546564\" style=\"width: 470px\" class=\"wp-caption aligncenter\"><a href=\"https:\/\/www.diarioimagen.net\/?attachment_id=546564\" rel=\"attachment wp-att-546564\"><img loading=\"lazy\" decoding=\"async\" aria-describedby=\"caption-attachment-546564\" class=\"size-full wp-image-546564\" src=\"https:\/\/www.diarioimagen.net\/wp-content\/uploads\/2022\/05\/elias.jpg\" alt=\"\" width=\"460\" height=\"270\" \/><\/a><p id=\"caption-attachment-546564\" class=\"wp-caption-text\">El\u00edas Rescala Jim\u00e9nez, coordinador del Grupo Parlamentario del PRI\u00a0en la Legislatura mexiquense, expres\u00f3 su lealtad al\u00a0gobernador Alfredo Del Mazo.<\/p><\/div>\n<p>&nbsp;<\/p>\n<p><strong>Valle de M\u00e9xico.\u2014<\/strong> \u201cNo tengo otra aspiraci\u00f3n que la de servir a mi estado desde la C\u00e1mara de Diputados hasta 2024. Mi responsabilidad es continuar siendo un interlocutor con todas las fuerzas pol\u00edticas del Congreso y un facilitador para todos los alcaldes del Estado de M\u00e9xico\u201d.<\/p>\n<p>As\u00ed lo manifest\u00f3\u00a0en un comunicado, el\u00a0diputado El\u00edas Rescala Jim\u00e9nez, coordinador del Grupo Parlamentario del PRI\u00a0en la Legislatura mexiquense y con ello, se\u00a0retira de la carrera por la sucesi\u00f3n de la gubernatura en el Estado de M\u00e9xico\u00a0tras expresar su lealtad y agradecimiento absoluto al\u00a0gobernador de la entidad Alfredo Del Mazo.<\/p>\n<p>El\u00edas Rescala fue claro al destacar\u00a0que seguir\u00e1 hasta el final de la legislatura al 2024, pues, \u201c hay mucho trabajo por hacer\u00a0y la forma de responder a la confianza del gobernador es trabajar, desde la Legislatura, por el estado y el Gobierno hasta el \u00faltimo d\u00eda\u201d, dijo.<\/p>\n<p>Por otra parte, el pri\u00edsta dijo estar convencido de que el Revolucionario Institucional, sabr\u00e1 elegir a la mejor persona para que los represente en 2023, por lo que todos y cada uno de los militantes y simpatizantes, se sumar\u00e1n a quien tenga esa gran encomienda.<\/p>\n<p>En ese sentido, l\u00edderes seccionales de ese instituto pol\u00edtico, coincidieron en se\u00f1alar que el Revolucionario Institucional es quien deba encabezar la alianza entre el PAN y PRD.<\/p>\n<p>\u201c Nuestro partido cuenta con la mejor estructura en los 125 municipios que conforman el Estado de M\u00e9xico, adem\u00e1s cuenta con los mejores hombres y mujeres que den continuidad a los trabajos del gobernador Alfredo del Mazo\u201d, finalizaron.<\/p>\n","protected":false},"excerpt":{"rendered":"<p>\u201cNo tengo otra aspiraci\u00f3n que la de servir a mi estado desde la C\u00e1mara de Diputados hasta 2024. Mi responsabilidad es continuar siendo un interlocutor con todas las fuerzas pol\u00edticas del Congreso y un facilitador para todos los alcaldes del Estado de M\u00e9xico\u201d.<\/p>\n","protected":false},"author":3,"featured_media":546564,"comment_status":"open","ping_status":"open","sticky":false,"template":"","format":"standard","meta":{"_monsterinsights_skip_tracking":false,"_monsterinsights_sitenote_active":false,"_monsterinsights_sitenote_note":"","_monsterinsights_sitenote_category":0,"footnotes":""},"categories":[5],"tags":[95066,43675,362],"class_list":["post-546435","post","type-post","status-publish","format-standard","has-post-thumbnail","hentry","category-estado-de-mexico","tag-elias-rescala-jimenez","tag-estado-de-mexico","tag-pri"],"_links":{"self":[{"href":"https:\/\/www.diarioimagen.net\/index.php?rest_route=\/wp\/v2\/posts\/546435","targetHints":{"allow":["GET"]}}],"collection":[{"href":"https:\/\/www.diarioimagen.net\/index.php?rest_route=\/wp\/v2\/posts"}],"about":[{"href":"https:\/\/www.diarioimagen.net\/index.php?rest_route=\/wp\/v2\/types\/post"}],"author":[{"embeddable":true,"href":"https:\/\/www.diarioimagen.net\/index.php?rest_route=\/wp\/v2\/users\/3"}],"replies":[{"embeddable":true,"href":"https:\/\/www.diarioimagen.net\/index.php?rest_route=%2Fwp%2Fv2%2Fcomments&post=546435"}],"version-history":[{"count":0,"href":"https:\/\/www.diarioimagen.net\/index.php?rest_route=\/wp\/v2\/posts\/546435\/revisions"}],"wp:featuredmedia":[{"embeddable":true,"href":"https:\/\/www.diarioimagen.net\/index.php?rest_route=\/wp\/v2\/media\/546564"}],"wp:attachment":[{"href":"https:\/\/www.diarioimagen.net\/index.php?rest_route=%2Fwp%2Fv2%2Fmedia&parent=546435"}],"wp:term":[{"taxonomy":"category","embeddable":true,"href":"https:\/\/www.diarioimagen.net\/index.php?rest_route=%2Fwp%2Fv2%2Fcategories&post=546435"},{"taxonomy":"post_tag","embeddable":true,"href":"https:\/\/www.diarioimagen.net\/index.php?rest_route=%2Fwp%2Fv2%2Ftags&post=546435"}],"curies":[{"name":"wp","href":"https:\/\/api.w.org\/{rel}","templated":true}]}}