{"id":546444,"date":"2022-05-16T00:02:47","date_gmt":"2022-05-16T05:02:47","guid":{"rendered":"https:\/\/www.diarioimagen.net\/?p=546444"},"modified":"2022-05-16T02:59:47","modified_gmt":"2022-05-16T07:59:47","slug":"sembrando-vida-no-va-a-resolver-carestia-e-inflacion","status":"publish","type":"post","link":"https:\/\/www.diarioimagen.net\/?p=546444","title":{"rendered":"\u201cSembrando Vida\u201d no va a resolver carest\u00eda e inflaci\u00f3n"},"content":{"rendered":"<h2>La Retaguardia<\/h2>\n<h5>Adriana Moreno Cordero<\/h5>\n<p><em>\u00a0<\/em><\/p>\n<ul>\n<li><strong><em>Solo cultiva el ego de L\u00f3pez Obrador; reaparece Delfina G\u00f3mez<\/em><\/strong><\/li>\n<\/ul>\n<p>&nbsp;<\/p>\n<p>Como en Estados Unidos ya est\u00e1 visto que no le van a hacer caso, por m\u00e1s intentos que ha hecho, ahora el presidente <strong>Andr\u00e9s Manuel L\u00f3pez Obrador<\/strong>, busca d\u00f3nde promocionar su laureado programa \u201cSembrando Vida\u201d y desde el Patio Central de Palacio Nacional, propuso que dicho programa tenga como uno de sus objetivos sembrar alimentos b\u00e1sicos para de esta manera, \u2014desde su \u00f3ptica muy personal\u2014, enfrentar con \u00e9xito la carest\u00eda y la inflaci\u00f3n.<\/p>\n<p>No se requiere ser un experto para concluir que tanto el programa, como la propuesta del de Tepetit\u00e1n estar\u00edan, \u2014en el mejor de los casos\u2014, destinadas al fracaso, de entrada, porque \u201cSembrando Vida\u201d es m\u00e1s bien algo que se invent\u00f3 el presidente para tener una especie de ornato, adem\u00e1s de que es muy dom\u00e9stico y carece de objetivos bien delineados para solventar la crisis mundial de alimentos que se vive. O sea, los expertos no participaron en \u00e9l; es producto de las ocurrencias del tabasque\u00f1o.<\/p>\n<p>En fin, con todo, L\u00f3pez Obrador, eso s\u00ed, pint\u00f3 el negro panorama que tiene no solo M\u00e9xico en cuanto a este importante rubro: \u201cTenemos que orientarnos al ma\u00edz, desde luego, tambi\u00e9n el frijol, \u2026 somos deficitarios en arroz\u2026 y ahora tambi\u00e9n vamos a tener problemas con trigo porque es el que m\u00e1s est\u00e1 aumentando de precio a nivel internacional\u201d. Se reitera, \u201cSembrando Vida\u201d es muy, demasiado insuficiente y solo sirve para cultivar, pero el ego del inquilino de Palacio Nacional.<\/p>\n<p>Por cierto, ayer en la celebraci\u00f3n del D\u00eda del Maestro, ceremonia que se efectu\u00f3 tambi\u00e9n en Palacio Nacional, apareci\u00f3 de manera discreta, pero en primera fila, la flamante secretaria de Educaci\u00f3n P\u00fablica, <strong>Delfina G\u00f3mez<\/strong>, que en los \u00faltimos d\u00edas antes de esta fecha, hab\u00eda estado bien escondidita, para evitar estar en situaciones dif\u00edciles y embarazosas por su actividad, en el pasado, de haber allegado recursos a su partido, Morena y porque as\u00ed sin m\u00e1s, por \u00f3rdenes de su jefe y l\u00edder m\u00e1ximo, desapareci\u00f3 el programa Escuelas de Tiempo Completo y en varias ocasiones dej\u00f3 plantados a los diputados para ahondar en explicaciones sobre esta arbitrariedad.<\/p>\n<p>Y como se ha consignado en este espacio en anterior entrega, quiere cuidar su candidatura al gobierno del Estado de M\u00e9xico, -posici\u00f3n en la que ya contendi\u00f3 en el pasado-, pues a ella le correspondi\u00f3 anunciar anunci\u00f3 que los maestros que ganan menos de 20 mil pesos tendr\u00e1n un aumento salarial del 7.5% y para ello esta errada y llamada cuarta transformaci\u00f3n, se supone que\u00a0 destinar\u00e1 25 millones de pesos para el fortalecimiento del salario a maestras y maestros, esto para limpiar su imagen de que estamos frente a una muy posible delincuente electoral<\/p>\n<p>Con ese mismo \u201csombrero ajeno\u201d, L\u00f3pez Obrador aprovech\u00f3 la ocasi\u00f3n para prometer (de cumplir, qui\u00e9n sabe) que \u201cvamos tambi\u00e9n a mejorar la situaci\u00f3n econ\u00f3mica, social, de maestras y maestros, ma\u00f1ana se va a hacer un anuncio en la conferencia, lo va a hacer precisamente el Secretario de Hacienda (otro de los funcionarios silentes, <strong>Rogelio Ram\u00edrez de la O<\/strong>), que aqu\u00ed nos acompa\u00f1a, se trata de destinar m\u00e1s recursos para apoyar a maestras y maestros\u201d. En este punto, bien vale la pena recordar que el presidente no ha podido recomponer, -seg\u00fan se sabe-, su relaci\u00f3n con los maestros de la Coordinadora Nacional de la Educaci\u00f3n, (CNTE), sus antiguos aliados que lo ayudaron a llegar a la presidencia de la Rep\u00fablica y que ahora, forman parte de quienes se han desencantado de haber votado por el tabasque\u00f1o y por ende, ya no le compran sus promesas. \u00bfSer\u00e1?<\/p>\n<p><strong>Municiones<\/strong><\/p>\n<p>*** Diputados panistas locales de la Ciudad de M\u00e9xico como\u00a0 el coordinador de la bancada albiazul en esa instancia legislativa, <strong>Christian Von Roehrich<\/strong>, junto con lo diputados locales <strong>Federico D\u00f6ring<\/strong> y Luisa Guti\u00e9rrez, dieron a conocer que\u00a0 los resultados de la Cuenta P\u00fablica de la flamante Secretar\u00eda de Infraestructura, Comunicaciones y Tansportes, pusieron al descubierto el grave problema que se tiene en la inversi\u00f3n p\u00fablica del Sistema de Transporte Colectivo, Metro, en especial, en materia de las insuficiencias de mantenimiento de todo el sistema. Indicaron que, si\u00a0 bien el gasto del Metro se elev\u00f3 en 2021 para llegar a un total de 15 mil 684.2 millones de pesos, cifra superior a la estimada en el Presupuesto Anual (15 mil 081.9 millones de pesos) y respecto a lo ejercido en al a\u00f1o 2020, cuando fue de 14 mil 290.5 millones de pesos, en el caso del gasto en inversi\u00f3n p\u00fablica, pas\u00f3 de un monto original de dos mil 094.6 millones de pesos, a un gasto ejercido de 3 mil 371.2 millones de pesos, es decir, el 21 por ciento del gasto total ejercido por el STC, para el a\u00f1o pasado. A\u00f1adieron los legisladores panistas; \u201cEl dato por s\u00ed mismo parecer\u00eda favorable, pero hay un hecho irrefutable que tiene que ver con el grave rezago a los trabajos de mantenimiento del Metro. El foco rojo, se presenta cuando se examinan los Estados Financieros del Organismo, ya que ah\u00ed se reporta que en realidad el gasto de inversi\u00f3n p\u00fablica, se redujo de manera significativa al pasar de 1 mil\u00a0 851.7 a 1 mil 374.1 millones de pesos en el periodo 2020-2021\u201d. Y luego el \u201cbrillante\u201d secretario de Gobierno de la CDMX, <strong>Mart\u00ed Batres<\/strong>, diciendo que no se ninguna obra a la que no se le d\u00e9 mantenimiento. A ver, que el morenista deje de darle mantenimiento, por ejemplo, a su casa, a ver qu\u00e9 pasa.<\/p>\n<p>*** El secretario de\u00a0Gobernaci\u00f3n,\u00a0<strong>Ad\u00e1n Augusto L\u00f3pez Hern\u00e1ndez<\/strong>, inform\u00f3 que hay\u00a0<strong>cuatro denuncias<\/strong>\u00a0presentadas en contra de magistrados del Tribunal Federal de Justicia Administrativa (<strong>TFJA<\/strong>), de los cuales ninguna fue presentada por\u00a0<strong>corrupci\u00f3n<\/strong>\u00a0ni por el actual presidente,\u00a0<strong>Rafael Anzures Uribe<\/strong>.\u00a0Asegur\u00f3 que estas acusaciones est\u00e1n orientadas a la sucesi\u00f3n en la Presidencia del\u00a0Tribunal, que se renueva este 2022. Adem\u00e1s detall\u00f3 que son 4 y no 11 las denuncias interpuestas contra los magistrados.<\/p>\n<p>*** El coordinador parlamentario de Morena en el Senado, <strong>Ricardo Monreal \u00c1vila<\/strong>, consider\u00f3 que lo m\u00e1s importante para M\u00e9xico, un pa\u00eds que est\u00e1 en proceso de transformaci\u00f3n, es invertir m\u00e1s en la educaci\u00f3n.\u00a0Asimismo, el legislador zacatecano public\u00f3 en redes sociales un mensaje con motivo del \u201cD\u00eda del Maestro\u201d, en el que afirm\u00f3 que la educaci\u00f3n es la \u00fanica alternativa para salir adelante en este proceso de transformaci\u00f3n pol\u00edtica y de cambio de r\u00e9gimen que vivimos en M\u00e9xico.<\/p>\n<p><u><a href=\"mailto:morcora@gmail.com\" target=\"_blank\" rel=\"noopener noreferrer\"><em>morcora@gmail.com<\/em><\/a><\/u><\/p>\n","protected":false},"excerpt":{"rendered":"<p><span style=\"color: #005497;\"><strong>Adriana Moreno Cordero<\/strong><\/span><\/p>\n","protected":false},"author":3,"featured_media":0,"comment_status":"open","ping_status":"open","sticky":false,"template":"","format":"standard","meta":{"_monsterinsights_skip_tracking":false,"_monsterinsights_sitenote_active":false,"_monsterinsights_sitenote_note":"","_monsterinsights_sitenote_category":0,"footnotes":""},"categories":[69370],"tags":[69369,69368,43674],"class_list":["post-546444","post","type-post","status-publish","format-standard","hentry","category-adriana-moreno-cordero","tag-adriana-moreno-cordero","tag-la-retaguardia","tag-opinion"],"_links":{"self":[{"href":"https:\/\/www.diarioimagen.net\/index.php?rest_route=\/wp\/v2\/posts\/546444","targetHints":{"allow":["GET"]}}],"collection":[{"href":"https:\/\/www.diarioimagen.net\/index.php?rest_route=\/wp\/v2\/posts"}],"about":[{"href":"https:\/\/www.diarioimagen.net\/index.php?rest_route=\/wp\/v2\/types\/post"}],"author":[{"embeddable":true,"href":"https:\/\/www.diarioimagen.net\/index.php?rest_route=\/wp\/v2\/users\/3"}],"replies":[{"embeddable":true,"href":"https:\/\/www.diarioimagen.net\/index.php?rest_route=%2Fwp%2Fv2%2Fcomments&post=546444"}],"version-history":[{"count":0,"href":"https:\/\/www.diarioimagen.net\/index.php?rest_route=\/wp\/v2\/posts\/546444\/revisions"}],"wp:attachment":[{"href":"https:\/\/www.diarioimagen.net\/index.php?rest_route=%2Fwp%2Fv2%2Fmedia&parent=546444"}],"wp:term":[{"taxonomy":"category","embeddable":true,"href":"https:\/\/www.diarioimagen.net\/index.php?rest_route=%2Fwp%2Fv2%2Fcategories&post=546444"},{"taxonomy":"post_tag","embeddable":true,"href":"https:\/\/www.diarioimagen.net\/index.php?rest_route=%2Fwp%2Fv2%2Ftags&post=546444"}],"curies":[{"name":"wp","href":"https:\/\/api.w.org\/{rel}","templated":true}]}}