{"id":546445,"date":"2022-05-16T00:04:49","date_gmt":"2022-05-16T05:04:49","guid":{"rendered":"https:\/\/www.diarioimagen.net\/?p=546445"},"modified":"2022-05-16T03:02:34","modified_gmt":"2022-05-16T08:02:34","slug":"en-campana","status":"publish","type":"post","link":"https:\/\/www.diarioimagen.net\/?p=546445","title":{"rendered":"En campa\u00f1a"},"content":{"rendered":"<h2>Desde el portal<\/h2>\n<h5>\u00c1ngel Soriano<\/h5>\n<p>&nbsp;<\/p>\n<p>El presidente Andr\u00e9s Manuel L\u00f3pez Obrador recorri\u00f3 este fin de semana media docena de estados del norte y del sur de la Rep\u00fablica, en tanto el canciller Marcelo Ebrard hizo lo propio en Durango y la jefa de Gobierno de la CDMX, Claudia Sheinbaum, fue a Tabasco a conocer la refiner\u00eda Olmeca a invitaci\u00f3n de la titular de la Sener, Roc\u00edo Nahle.<\/p>\n<p>Evidentemente, que si son giras de trabajo o de fin de semana, tienen prop\u00f3sitos pol\u00edticos: Consolidar los programas sociales y obras de infraestructura que la IV-T realiza en el pa\u00eds para rescatar a familias de escasos recursos y apuntalar el desarrollo a largo plazo, en tanto que los aspirantes a la Presidencia de la Rep\u00fablica se placean ante sus potenciales electores.<\/p>\n<p>No es para menos: El\u00a0 mundo cambiante somete a las naciones y a las econom\u00edas a los dictados de la nueva guerra -armada, comercial, ideol\u00f3gica, geopol\u00edtica-, que sucumbe las finanzas nacionales y que har\u00e1 palidecer a los pa\u00edses menos preparados cuyas bases est\u00e1 en la econom\u00eda primarias y no en las poderosas armas qu\u00edmicas.<\/p>\n<p>Desde el poder y con todos los recursos a su alcance, se ve lejos que la oposici\u00f3n logre sus prop\u00f3sitos de cambios de r\u00e9gimen. El trabajo del gabinete presidencial es acelerado: el canciller lo mismo est\u00e1 en Durango que en Washington y AMLO recorre en cuesti\u00f3n de horas cientos de kil\u00f3metros y la CDMX ya no es el centro pol\u00edtico. Hoy, hay que viajar por el pa\u00eds.<\/p>\n<p style=\"text-align: center;\"><strong>Turbulencias<br \/>\nMurat entre los gobernadores morenistas<\/strong><\/p>\n<p>Hace gala el gobernador Alejandro Murat de su relaci\u00f3n con la Cuarta Transformaci\u00f3n. En Tabasco estuvo al lado de las aguerridas gobernadoras morenistas: Layda Sansores, de Campeche\u201d, y Claudia Sheinbaum, de la Ciudad de M\u00e9xico, junto con el anfitri\u00f3n Carlos Merino, de Tabasco, y la no menos morenista Roc\u00edo Nahle, que se lleva las palmas al estar al frente de macro obras que apuntalar\u00e1n el desarrollo nacional. Con las nuevas y las renovadas refiner\u00edas se abastecer\u00e1 al 100% la demanda nacional de combustibles y seremos autosuficientes, en tanto otras naciones sufren por las importaciones. El gobernador Murat aprovecha sus relaciones para trasladar los avances tecnol\u00f3gicos en la materia a la refiner\u00eda de Salina Cruz, el puerto petrolero m\u00e1s importante de la entidad y que est\u00e1 a ser llamado, junto con el de Coatzacoalcos, en el pionero en la materia a nivel internacional. En lo pol\u00edtico, el gobernador oaxaque\u00f1o ha sabido lidiar con los partidos m\u00e1s importantes a nivel nacional en plena \u00e9poca electoral y preelectoral\u2026 De los siete aspirantes a la gubernatura de Oaxaca, con todo respeto para las damas contendientes, no se hace uno. Carecen de propuestas y de conocimientos sobre la compleja entidad,\u00a0 no s\u00f3lo por la complicada orograf\u00eda y diversidad \u00e9tnica, sino por lo que viene a largo plazo, con obras que requieren de amplio conocimiento tecnol\u00f3gico, financiero y estrat\u00e9gico a nivel mundial porque entran en la disputa internacional. Lamentablemente, ninguno cubre el perfil, por lo cual el gobierno federal se ha adelantado y dejar\u00e1 en manos de las fuerzas armadas el control y administraci\u00f3n de tan monumentales obras\u2026 Nuestros nuevos\u00a0 gobernantes -a 20 d\u00edas de las elecciones-, se quedar\u00e1n, si acaso, para administrar los caminos rurales, pues no tienen capacidad para dirigir empresas de talla mundial pues sus conocimientos son muy limitados y su preparaci\u00f3n es de pocas letras. Esto es un retroceso para una entidad como Oaxaca que ha dado hombres ilustres a la humanidad en diversas etapas de la vida nacional, pero que han sido estadistas de talla universal y con una formaci\u00f3n humanista que ha trascendido en el tiempo. Los tiempos para Oaxaca en cuesti\u00f3n pol\u00edtica han sido para atr\u00e1s.<\/p>\n<p><u><a href=\"mailto:asorianocarrasco@yahoo.com\" target=\"_blank\" rel=\"noopener noreferrer\"><em>asorianocarrasco@yahoo.com<\/em><\/a><br \/>\n<em><a href=\"https:\/\/revistabrecha.com\" target=\"_blank\" rel=\"noopener noreferrer\">www.revistabrecha.com<\/a><br \/>\n<a href=\"https:\/\/twitter.com\/brecharevista\" target=\"_blank\" rel=\"noopener noreferrer\">@BrechaRevista<\/a><\/em><\/u><\/p>\n","protected":false},"excerpt":{"rendered":"<p><span style=\"color: #005497;\"><strong>\u00c1ngel Soriano<\/strong><\/span><\/p>\n","protected":false},"author":3,"featured_media":0,"comment_status":"open","ping_status":"open","sticky":false,"template":"","format":"standard","meta":{"_monsterinsights_skip_tracking":false,"_monsterinsights_sitenote_active":false,"_monsterinsights_sitenote_note":"","_monsterinsights_sitenote_category":0,"footnotes":""},"categories":[135],"tags":[85,86,43674],"class_list":["post-546445","post","type-post","status-publish","format-standard","hentry","category-angel-soriano-opinion","tag-angel-soriano","tag-desde-el-portal","tag-opinion"],"_links":{"self":[{"href":"https:\/\/www.diarioimagen.net\/index.php?rest_route=\/wp\/v2\/posts\/546445","targetHints":{"allow":["GET"]}}],"collection":[{"href":"https:\/\/www.diarioimagen.net\/index.php?rest_route=\/wp\/v2\/posts"}],"about":[{"href":"https:\/\/www.diarioimagen.net\/index.php?rest_route=\/wp\/v2\/types\/post"}],"author":[{"embeddable":true,"href":"https:\/\/www.diarioimagen.net\/index.php?rest_route=\/wp\/v2\/users\/3"}],"replies":[{"embeddable":true,"href":"https:\/\/www.diarioimagen.net\/index.php?rest_route=%2Fwp%2Fv2%2Fcomments&post=546445"}],"version-history":[{"count":0,"href":"https:\/\/www.diarioimagen.net\/index.php?rest_route=\/wp\/v2\/posts\/546445\/revisions"}],"wp:attachment":[{"href":"https:\/\/www.diarioimagen.net\/index.php?rest_route=%2Fwp%2Fv2%2Fmedia&parent=546445"}],"wp:term":[{"taxonomy":"category","embeddable":true,"href":"https:\/\/www.diarioimagen.net\/index.php?rest_route=%2Fwp%2Fv2%2Fcategories&post=546445"},{"taxonomy":"post_tag","embeddable":true,"href":"https:\/\/www.diarioimagen.net\/index.php?rest_route=%2Fwp%2Fv2%2Ftags&post=546445"}],"curies":[{"name":"wp","href":"https:\/\/api.w.org\/{rel}","templated":true}]}}