{"id":546448,"date":"2022-05-16T00:05:55","date_gmt":"2022-05-16T05:05:55","guid":{"rendered":"https:\/\/www.diarioimagen.net\/?p=546448"},"modified":"2022-05-18T00:04:53","modified_gmt":"2022-05-18T05:04:53","slug":"ordenan-a-soldados-ser-cobardes","status":"publish","type":"post","link":"https:\/\/www.diarioimagen.net\/?p=546448","title":{"rendered":"Ordenan a soldados ser cobardes"},"content":{"rendered":"<h2>Perfil de M\u00e9xico<\/h2>\n<h5>Armando R\u00edos Ruiz<\/h5>\n<p>&nbsp;<\/p>\n<p>El dicho del Presidente respecto a que su estrategia de abrazos ya da resultados y la criminalidad est\u00e1 a la baja, respaldado por el decepcionante \u2014tanto para la poblaci\u00f3n como para los soldados\u2014, secretario de la Defensa, Luis Cresencio Sandoval, hoy una gran verg\u00fcenza para muchos militares, no lo cree ni el diablo. Seguro que inclusive, muchos simpatizantes deben morir de risa.<\/p>\n<p>S\u00f3lo alguien enfermo de la cabeza o alguien que desee un favor de \u00e9l, ser\u00eda capaz de creerle. No son necesarias encuestas. A simple vista se ve el empeoramiento de la seguridad en todo el pa\u00eds, en donde campean los criminales a la vista de la gente y en pleno d\u00eda, con sus poderosas armas y en camionetas ruidosas que intimidan a los m\u00e1s valientes y desde luego, a los pac\u00edficos moradores de las diferentes poblaciones de la provincia.<\/p>\n<p>Pero si se necesitan las estad\u00edsticas, ah\u00ed est\u00e1n para desmentirlo. De todos modos, sabemos por los medios que tanto odia, que en la mayor\u00eda de los estados del pa\u00eds aparecen diariamente carretadas de muertos a manos del llamado crimen organizado, que cada d\u00eda llaman menos la atenci\u00f3n, porque de alguna forma, esos hechos ya son cotidianos\u00a0 y por ello hasta normales.<\/p>\n<p>El Presidente ha declarado recientemente que no le importa que critiquen su estrategia. Esto es algo que ya conocemos. Desde que arrib\u00f3\u00a0 a la Primera Magistratura se ha encargado de revelar con hechos, que no le importa la vida de los mexicanos, a quienes deja morir de diferentes formas y a quienes visiblemente ha abandonado de la protecci\u00f3n que como Presidente, est\u00e1 obligado a dar.<\/p>\n<p>En todos los rubros ha fallado y en todos ha antepuesto la mentira como bandera de su gobierno, al que pretende darle brillo con palabras o desde\u00f1ando abiertamente los actos del estadista que deber\u00eda haber llegado comprometido con la poblaci\u00f3n, que tampoco le importa. Ni siquiera sus seguidores, que no saben por qu\u00e9 lo siguen. Muchos de ellos j\u00f3venes sin ninguna visi\u00f3n de futuro.<\/p>\n<p>Pero sus propias palabras en defensa de los criminales, lo han desnudado convincentemente, de su compromiso con la gente nada deseable. Piensa que todos en M\u00e9xico somos retrasados mentales como los chairos. Existen muchos mexicanos que diariamente contabilizan sus yerros y realizan elucubraciones que los llevan a descubrir la verdad, en un ejercicio que por cierto, no es nada dif\u00edcil.<\/p>\n<p>Han acumulado mucha informaci\u00f3n, desde que \u00e9l mismo acept\u00f3 haber dado \u00f3rdenes de dejar en libertad a Ovidio Guzm\u00e1n, hijo del Chapo. Desde que visit\u00f3 y salud\u00f3 cari\u00f1osamente a la madre del \u00faltimo, para lo cual tuvo que viajar a la sierra de Sinaloa. Desde que repiti\u00f3 esta acci\u00f3n, que lo llev\u00f3 a viajar nuevamente a la sierra del mismo estado con igual fin. Por estas razones, las palabras de proteger lo mismo a soldados que a delincuentes, cobran una fuerza peligrosa para M\u00e9xico.<\/p>\n<p>En una entrega anterior mencion\u00e9 que esa declaraci\u00f3n ten\u00eda muchas interpretaciones. Una m\u00e1s consiste en hacer ver que por ning\u00fan motivo perseguir\u00e1 a criminal alguno, pues como ser humano que es, merece el respeto de la autoridad, como lo merece cualquier ser humano.<\/p>\n<p>Es un hecho que se trata de seres humanos. Pero entre estos, los hay quienes quebrantan las leyes y el orden p\u00fablico y otros que deben someterlos y llevarlos a las c\u00e1rceles para que paguen por sus delitos.<\/p>\n<p>Proclive a desaparecer lo que sirve al pueblo, s\u00f3lo falta que ordene la desaparici\u00f3n del art\u00edculo 21 de la Constituci\u00f3n, que habla de la persecuci\u00f3n y castigo de los delincuentes por parte de una autoridad que se cre\u00f3 precisamente para el caso. Tambi\u00e9n la inoperancia de la Ley Federal Contra la Delincuencia Organizada, publicada en el Diario Oficial de la Federaci\u00f3n el 1996. \u00bfPara qu\u00e9 carajos sirven en manos de quien se obstina en proteger a los delincuentes?<\/p>\n<p>Ha dado en enaltecer la \u201cexcelente\u201d memoria de los criminales, a quienes felicita por intimidar, secuestrar y matar en tiempos de elecciones y en llenar de verg\u00fcenza a los miembros del Ej\u00e9rcito, con \u00f3rdenes de soportar las vejaciones sin mover un dedo. \u00bfQui\u00e9n es realmente traidor a M\u00e9xico o a la patria?<\/p>\n<p><a href=\"mailto:ariosruiz@gmail.com\" target=\"_blank\" rel=\"noopener noreferrer\"><em>ariosruiz@gmail.com<\/em><\/a><\/p>\n","protected":false},"excerpt":{"rendered":"<p><span style=\"color: #005497;\"><strong>Armando R\u00edos Ruiz<\/strong><\/span><\/p>\n","protected":false},"author":3,"featured_media":0,"comment_status":"open","ping_status":"open","sticky":false,"template":"","format":"standard","meta":{"_monsterinsights_skip_tracking":false,"_monsterinsights_sitenote_active":false,"_monsterinsights_sitenote_note":"","_monsterinsights_sitenote_category":0,"footnotes":""},"categories":[88405],"tags":[88407,43674,91193],"class_list":["post-546448","post","type-post","status-publish","format-standard","hentry","category-armando-rios-ruiz","tag-armando-rios-ruiz","tag-opinion","tag-perfil-de-mexico"],"_links":{"self":[{"href":"https:\/\/www.diarioimagen.net\/index.php?rest_route=\/wp\/v2\/posts\/546448","targetHints":{"allow":["GET"]}}],"collection":[{"href":"https:\/\/www.diarioimagen.net\/index.php?rest_route=\/wp\/v2\/posts"}],"about":[{"href":"https:\/\/www.diarioimagen.net\/index.php?rest_route=\/wp\/v2\/types\/post"}],"author":[{"embeddable":true,"href":"https:\/\/www.diarioimagen.net\/index.php?rest_route=\/wp\/v2\/users\/3"}],"replies":[{"embeddable":true,"href":"https:\/\/www.diarioimagen.net\/index.php?rest_route=%2Fwp%2Fv2%2Fcomments&post=546448"}],"version-history":[{"count":0,"href":"https:\/\/www.diarioimagen.net\/index.php?rest_route=\/wp\/v2\/posts\/546448\/revisions"}],"wp:attachment":[{"href":"https:\/\/www.diarioimagen.net\/index.php?rest_route=%2Fwp%2Fv2%2Fmedia&parent=546448"}],"wp:term":[{"taxonomy":"category","embeddable":true,"href":"https:\/\/www.diarioimagen.net\/index.php?rest_route=%2Fwp%2Fv2%2Fcategories&post=546448"},{"taxonomy":"post_tag","embeddable":true,"href":"https:\/\/www.diarioimagen.net\/index.php?rest_route=%2Fwp%2Fv2%2Ftags&post=546448"}],"curies":[{"name":"wp","href":"https:\/\/api.w.org\/{rel}","templated":true}]}}