{"id":546453,"date":"2022-05-16T00:08:33","date_gmt":"2022-05-16T05:08:33","guid":{"rendered":"https:\/\/www.diarioimagen.net\/?p=546453"},"modified":"2022-05-16T03:09:00","modified_gmt":"2022-05-16T08:09:00","slug":"oposicion-y-elecciones-2","status":"publish","type":"post","link":"https:\/\/www.diarioimagen.net\/?p=546453","title":{"rendered":"Oposici\u00f3n y elecciones"},"content":{"rendered":"<h2>Punto por punto<\/h2>\n<h5>Augusto Corro<\/h5>\n<p>&nbsp;<\/p>\n<p>Las discusiones m\u00e1s importantes en la oposici\u00f3n pol\u00edtica se dar\u00e1n cuando se busque definir qui\u00e9n ser\u00e1 el candidato a la Presidencia de la Rep\u00fablica. Sin duda, el abanderado surgir\u00e1 del partido con mayor poder e influencia en el escenario pol\u00edtico.<\/p>\n<p>En el caso de la alianza Va por M\u00e9xico, las tres organizaciones pol\u00edticas PAN, PRI y PRD pondr\u00e1n a prueba su unidad que les funcion\u00f3 un poco en elecciones recientes, principalmente en la Ciudad de M\u00e9xico.<\/p>\n<p>Tambi\u00e9n ser\u00e1 determinante la participaci\u00f3n del sector empresarial, encabezado por Claudio X Gonz\u00e1lez, en la designaci\u00f3n del aspirante a la silla presidencial. En este rengl\u00f3n no existe ninguna duda.<\/p>\n<p>En junio pr\u00f3ximo ser\u00e1n elegidos nuevos gobernadores en Oaxaca, Durango, Tamaulipas, Aguascalientes, Hidalgo y Quintana Roo.<\/p>\n<p>En Aguascalientes, Acci\u00f3n Nacional tiene asegurada la victoria y en Durango la lucha est\u00e1 cerrada con los panistas y morenistas. En las otras cuatro entidades, se habla del triunfo de Morena.<\/p>\n<p>El pr\u00f3ximo a\u00f1o se llevar\u00e1n a cabo las elecciones para gobernador en el Estado de M\u00e9xico (Edomex), en el que se dar\u00e1 una discusi\u00f3n interesante en la elecci\u00f3n del candidato.<\/p>\n<p>Como se sabe, es una entidad importante gobernada por el representante del Revolucionario Institucional. El partido tricolor tratar\u00e1 de seguir en el poder. Sin embargo, Morena buscar\u00e1 ganar la gubernatura con Delfina G\u00f3mez, la actual secretaria de Educaci\u00f3n, derrotada por Alfredo Del Mazo, en la pasada contienda electoral.<\/p>\n<p>Si la alianza Va por M\u00e9xico acepta la candidatura de un priista, el PRD tratar\u00e1 de que uno de sus militantes sea el aspirante a gobernar la Ciudad de M\u00e9xico.<\/p>\n<p>De esa manera, se afirmar\u00e1 la fuerza de Acci\u00f3n Nacional en la designaci\u00f3n de su candidato a la contienda electoral presidencial de 2024.<\/p>\n<p>En fin, estar\u00e1 a prueba la unidad de la oposici\u00f3n pol\u00edtica que sufri\u00f3 una derrota en las elecciones del 2018. PAN, PRI y PRD tienen la escasez de candidatos y en Morena les sobran.<\/p>\n<p>Los otros institutos pol\u00edticos estar\u00e1n pendientes de lo que suceda en el ambiente pol\u00edtico para sumarse a la cargada. Por cierto, en Movimiento Ciudadano, Luis Donaldo Colosio Riojas, hijo de Luis Donaldo Colosio Murrieta, candidato presidencial priista, empieza a sonar como aspirante al gobierno de la Rep\u00fablica.<\/p>\n<p>\u00bfUsted qu\u00e9 opina amable lector?<\/p>\n<p style=\"text-align: center;\"><strong>Feminicidios: dolor y drama<\/strong><\/p>\n<p>Parece no tener fin el dolor y drama que producen los feminicidios que azotan a M\u00e9xico. Monterrey a\u00fan no se repone del impacto por el asesinato de Debanhi Escobar y ya tiene otro caso parecido. Nos referimos a la localizaci\u00f3n de un cuerpo sin vida localizado en un terreno bald\u00edo del municipio de Ju\u00e1rez, en Nuevo Le\u00f3n.<\/p>\n<p>Fuentes relacionadas con la investigaci\u00f3n dijeron que podr\u00eda tratarse de Yolanda Mart\u00ednez Cadena, de 26 a\u00f1os, vista por \u00faltima vez el 31 de marzo, en San Nicol\u00e1s de los Garza.<\/p>\n<p>Se trata de dos feminicidios que se suman a la ola de violencia imparable que evidencian, tambi\u00e9n, la ineptitud de las Fiscal\u00edas para atender y resolver este tipo de delitos.<\/p>\n<p>El asunto de Debanhi mostr\u00f3 la incapacidad de autoridades para atender y resolver el asesinato de la joven universitaria, que desapareci\u00f3 el 9 de abril y fue encontrada muerta en una cisterna, trece d\u00edas despu\u00e9s.<\/p>\n<p>La Fiscal\u00eda de Nuevo Le\u00f3n en una investigaci\u00f3n err\u00e1tica, negligente, con videograbaciones en su poder, no ha podido saber que fue lo que le ocurri\u00f3 a la joven y qui\u00e9nes la asesinaron.<\/p>\n<p>Hoy, en el transcurso del d\u00eda, se conocer\u00e1 si el cuerpo reci\u00e9n localizado es el de Yolanda Mart\u00ednez Cadena.<\/p>\n<p>Ante la deplorable actitud de las autoridades, organizaciones y colectivos defensores de los derechos humanos se pronuncian por una alerta de violencia a nivel nacional.<\/p>\n<p>Argumentan que no se cuentan con estrategias, formas o recursos para atacar las causas que generan asesinatos y agresiones en contra de ni\u00f1as y mujeres.<\/p>\n<p>De acuerdo con los registros sobre violencia contra las mujeres, en el primer trimestre del 2022 ocurrieron 229 feminicidios. Suficiente n\u00famero de v\u00edctimas para que los gobiernos local, estatal y federal se preocupen de ese problema social.<\/p>\n<p>\u00bfUsted qu\u00e9 opina amable lector?<\/p>\n<p><a href=\"mailto:aco2742@hotmail.com\" target=\"_blank\" rel=\"noopener noreferrer\"><em>aco2742@hotmail.com<\/em><\/a><\/p>\n","protected":false},"excerpt":{"rendered":"<p><span style=\"color: #005497;\"><strong>Augusto Corro<\/strong><\/span><\/p>\n","protected":false},"author":3,"featured_media":0,"comment_status":"open","ping_status":"open","sticky":false,"template":"","format":"standard","meta":{"_monsterinsights_skip_tracking":false,"_monsterinsights_sitenote_active":false,"_monsterinsights_sitenote_note":"","_monsterinsights_sitenote_category":0,"footnotes":""},"categories":[157],"tags":[43686,43674,11515],"class_list":["post-546453","post","type-post","status-publish","format-standard","hentry","category-augusto-corro","tag-augusto-corro","tag-opinion","tag-punto-por-punto"],"_links":{"self":[{"href":"https:\/\/www.diarioimagen.net\/index.php?rest_route=\/wp\/v2\/posts\/546453","targetHints":{"allow":["GET"]}}],"collection":[{"href":"https:\/\/www.diarioimagen.net\/index.php?rest_route=\/wp\/v2\/posts"}],"about":[{"href":"https:\/\/www.diarioimagen.net\/index.php?rest_route=\/wp\/v2\/types\/post"}],"author":[{"embeddable":true,"href":"https:\/\/www.diarioimagen.net\/index.php?rest_route=\/wp\/v2\/users\/3"}],"replies":[{"embeddable":true,"href":"https:\/\/www.diarioimagen.net\/index.php?rest_route=%2Fwp%2Fv2%2Fcomments&post=546453"}],"version-history":[{"count":0,"href":"https:\/\/www.diarioimagen.net\/index.php?rest_route=\/wp\/v2\/posts\/546453\/revisions"}],"wp:attachment":[{"href":"https:\/\/www.diarioimagen.net\/index.php?rest_route=%2Fwp%2Fv2%2Fmedia&parent=546453"}],"wp:term":[{"taxonomy":"category","embeddable":true,"href":"https:\/\/www.diarioimagen.net\/index.php?rest_route=%2Fwp%2Fv2%2Fcategories&post=546453"},{"taxonomy":"post_tag","embeddable":true,"href":"https:\/\/www.diarioimagen.net\/index.php?rest_route=%2Fwp%2Fv2%2Ftags&post=546453"}],"curies":[{"name":"wp","href":"https:\/\/api.w.org\/{rel}","templated":true}]}}