{"id":546455,"date":"2022-05-16T00:03:10","date_gmt":"2022-05-16T05:03:10","guid":{"rendered":"https:\/\/www.diarioimagen.net\/?p=546455"},"modified":"2022-05-16T03:11:08","modified_gmt":"2022-05-16T08:11:08","slug":"al-magisterio-con-carino-y-gratitud","status":"publish","type":"post","link":"https:\/\/www.diarioimagen.net\/?p=546455","title":{"rendered":"Al magisterio\u2026 con cari\u00f1o y gratitud"},"content":{"rendered":"<h2>Espacio Electoral<\/h2>\n<h5>Eleazar Flores<strong>\u00a0<\/strong><\/h5>\n<p>&nbsp;<\/p>\n<p><strong>TODOS, SIN EXCEPCI\u00d3N-.<\/strong> Unos m\u00e1s y otros menos, pero todos tenemos una deuda con todo el personal docente del pa\u00eds, hasta donde hayamos logrado llegar en nuestros estudios que seguramente no fue culpa de ellos sino nuestra responsabilidad, simplemente a su esfuerzo debemos el saber leer y escribir, as\u00ed muchos no lo hagamos tan bien.<\/p>\n<p>Una verdad m\u00e1s, si la vida la debemos a nuestros padres, nuestros conocimientos los reconocemos en nuestros profesores de grupo, no en los dirigentes sindicales y menos en los manifestantes o bloqueadores de vialidades y v\u00edas f\u00e9rreas como en Michoac\u00e1n o incendiando oficinas en Guerrero, Chiapas y dem\u00e1s.<\/p>\n<p>Por muchos de ellos-as, asimilamos mejor los conocimientos en varias disciplinas que nos marcaron e incluso direccionaron nuestro inter\u00e9s, (vocaci\u00f3n), para dedicarnos y estudiar tal o cual carrera. Otros eran tan buenos que nos facilitaron aprender materias dif\u00edciles como matem\u00e1ticas, \u00e1lgebra, trigonometr\u00eda, c\u00e1lculo. Con decirle que hasta pude sacar un diez en esas materias de secundaria.<\/p>\n<p>Obviamente, son inolvidables los catedr\u00e1ticos de Literatura en prepa, quienes nos dejaban leer tal o cual libro de una semana para otra, -de 300 o m\u00e1s p\u00e1ginas-, como parte del plan de estudios del a\u00f1o escolar. Aqu\u00ed me naci\u00f3 y aument\u00f3 la sana adicci\u00f3n por la lectura.<\/p>\n<p><strong>SNTE-.<\/strong> Desde siempre, pero por desgracia se desvirtuaron, o desviaron, los iniciales y sanos prop\u00f3sitos gremiales y sindicales del magisterio, pues de las conquistas laborales pasaron a las ambiciones personales de sus dirigentes con reelecciones interminables y dudosos manejos de recursos, l\u00e9ase cuotas de lo cientos de miles de agremiados.<\/p>\n<p>El Sindicato Nacional de Trabajadores de la Educaci\u00f3n (SNTE) nace en 1943 en el periodo presidencial del general Manuel \u00c1vila Camacho, justamente para congregar los diversos grupos que surg\u00edan por los cuatro puntos cardinales del pa\u00eds\u2026 Pero surgi\u00f3 el reeleccionismo sindical.<\/p>\n<p><strong>CNTE-.<\/strong> Tanto, que con el tiempo vino el inevitable divisionismo, naciendo la Coordinadora Nacional de Trabajadores de la Educaci\u00f3n (CNTE), el 17 de diciembre de 1979, con fuertes ra\u00edces en la secci\u00f3n 10 de\u00a0 la capital del pa\u00eds y c\u00e9lulas visibles en Oaxaca, Michoac\u00e1n, Chiapas y Guerrero.<\/p>\n<p>Esta CNTE nace en abiertos prop\u00f3sitos anti reeleccionistas, s\u00f3lo que sus dirigentes vinieron cayendo en el mismo vicio, agregando tintes violentos a sus manifestaciones e incluso queriendo intervenir en la elaboraci\u00f3n de los planes de estudio, potestad del gobierno.<\/p>\n<p>De sus dirigentes de antes y de ahora mejor ni hablar y menos mencionarlos pues ninguno destac\u00f3 por cosas positivas sino todo lo contrario.<\/p>\n<p>Por eso reitero felicitaci\u00f3n y gratitud a las y los miles de docentes de grupo, ignorados en su mayor\u00eda y quienes trabajan por y para la ni\u00f1ez y la juventud.<\/p>\n<p><em><a href=\"mailto:elefa44@gmail.com\" target=\"_blank\" rel=\"noopener noreferrer\">elefa44@gmail.com<\/a><\/em><\/p>\n","protected":false},"excerpt":{"rendered":"<p><span style=\"color: #005497;\"><strong>Eleazar Flores<\/strong><\/span><\/p>\n","protected":false},"author":3,"featured_media":0,"comment_status":"open","ping_status":"open","sticky":false,"template":"","format":"standard","meta":{"_monsterinsights_skip_tracking":false,"_monsterinsights_sitenote_active":false,"_monsterinsights_sitenote_note":"","_monsterinsights_sitenote_category":0,"footnotes":""},"categories":[81743],"tags":[81744,81776,43674],"class_list":["post-546455","post","type-post","status-publish","format-standard","hentry","category-eleazar-flores","tag-eleazar-flores","tag-espacio-electoral","tag-opinion"],"_links":{"self":[{"href":"https:\/\/www.diarioimagen.net\/index.php?rest_route=\/wp\/v2\/posts\/546455","targetHints":{"allow":["GET"]}}],"collection":[{"href":"https:\/\/www.diarioimagen.net\/index.php?rest_route=\/wp\/v2\/posts"}],"about":[{"href":"https:\/\/www.diarioimagen.net\/index.php?rest_route=\/wp\/v2\/types\/post"}],"author":[{"embeddable":true,"href":"https:\/\/www.diarioimagen.net\/index.php?rest_route=\/wp\/v2\/users\/3"}],"replies":[{"embeddable":true,"href":"https:\/\/www.diarioimagen.net\/index.php?rest_route=%2Fwp%2Fv2%2Fcomments&post=546455"}],"version-history":[{"count":0,"href":"https:\/\/www.diarioimagen.net\/index.php?rest_route=\/wp\/v2\/posts\/546455\/revisions"}],"wp:attachment":[{"href":"https:\/\/www.diarioimagen.net\/index.php?rest_route=%2Fwp%2Fv2%2Fmedia&parent=546455"}],"wp:term":[{"taxonomy":"category","embeddable":true,"href":"https:\/\/www.diarioimagen.net\/index.php?rest_route=%2Fwp%2Fv2%2Fcategories&post=546455"},{"taxonomy":"post_tag","embeddable":true,"href":"https:\/\/www.diarioimagen.net\/index.php?rest_route=%2Fwp%2Fv2%2Ftags&post=546455"}],"curies":[{"name":"wp","href":"https:\/\/api.w.org\/{rel}","templated":true}]}}