{"id":546457,"date":"2022-05-16T00:11:01","date_gmt":"2022-05-16T05:11:01","guid":{"rendered":"https:\/\/www.diarioimagen.net\/?p=546457"},"modified":"2022-05-18T00:10:13","modified_gmt":"2022-05-18T05:10:13","slug":"ya-le-dicen-que-es-el-hermano-mayor-de-america-latina","status":"publish","type":"post","link":"https:\/\/www.diarioimagen.net\/?p=546457","title":{"rendered":"Ya le dicen que es \u201cel hermano\u00a0 Mayor\u201d de Am\u00e9rica Latina"},"content":{"rendered":"<h2>\u00cdndice pol\u00edtico<\/h2>\n<h5>Francisco Rodr\u00edguez<em>\u00a0<\/em><\/h5>\n<p>&nbsp;<\/p>\n<ul>\n<li><strong><em>AMLO ya se instal\u00f3 en la megaloman\u00eda<\/em><\/strong><\/li>\n<li><strong><em>Y ya nos tiene enojados<\/em><\/strong><\/li>\n<\/ul>\n<p>&nbsp;<\/p>\n<p>Los \u00faltimos diez d\u00edas han sido una pesadilla pol\u00edtica para los mexicanos informados.<\/p>\n<p>El protagonista de esas malas pasadas, claro, ha sido Andr\u00e9s Manuel L\u00f3pez Obrador, quien en su viaje a El Salvador, Honduras, Guatemala y Belice no s\u00f3lo regal\u00f3 dinero de nosotros los pagaimpuestos, tambi\u00e9n anunci\u00f3 la incorporaci\u00f3n de 25 mil chapines al desvencijado y muy saqueado Instituto Mexicano del Seguro Social.<\/p>\n<p>El colmo fue el anuncio de la contrataci\u00f3n de 500 \u201cm\u00e9dicos\u201d cubanos, tras su visita a La Habana.<\/p>\n<p>Y el denominador com\u00fan: su empecinamiento ante el gobierno de Joe Biden para que \u00e9ste invite a los jefes pol\u00edticos de Venezuela, Nicaragua y Cuba a la reuni\u00f3n continental que se llevar\u00e1 a cabo dentro de tres semanas en territorio estadounidense.<\/p>\n<p>En su megaloman\u00eda, AMLO ha adoptado el papel de \u201chermano mayor\u201d de las naciones latinoamericanas que, seg\u00fan sus escribidores, le queda a la medida&#8230; as\u00ed y, el costo econ\u00f3mico y, sobre todo pol\u00edtico, sean de proporciones exageradamente altos.<\/p>\n<p>Las redes sociales se han mostrado implacables ante todas esas locuras del presidente mexicano que, ya no hay duda, es paciente del s\u00edndrome de Hubris, del cual le platiqu\u00e9 en enero de 2020 y que puede usted releer dando click aqu\u00ed:\u00a0https:\/\/indicepolitico.com\/lo-que-nos-faltaba-en-la-4t-amlo-y-el-sindrome-de-hubris\/<\/p>\n<p>L\u00f3pez Obrador emplea en las \u201cma\u00f1aneras\u201d la teatralizaci\u00f3n de los fascismos, con sus gestos paramilitares, los s\u00edmbolos gr\u00e1ficos y el culto a la personalidad de los totalitarismos, en general,<\/p>\n<p>Pronto da un paso m\u00e1s y entra en la \u201cideaci\u00f3n megaloman\u00edaca\u201d, cuyos s\u00edntomas son la infalibilidad y el creerse insustituible. Ya comenz\u00f3, por ello, a realizar planes estrat\u00e9gicos para veinte a\u00f1os, obras fara\u00f3nicas y a dar opiniones sobre temas que desconoce.<\/p>\n<p>Ya padece lo que psicol\u00f3gicamente se llama \u201cdesarrollo paranoide\u201d. Todo el que se opone a \u00e9l o a sus ideas, es un enemigo personal. Y no ser\u00eda raro que entre sus colaboradores m\u00e1s cercanos ya se hayan dado muestras de una \u201cparanoia o trastorno delirante\u201d que consiste en \u201csospechar de todo el mundo\u201d que le haga una m\u00ednima cr\u00edtica, Ya ha alejado por ello a varios de su entorno.<\/p>\n<p>AMLO ya dej\u00f3 de escuchar a quienes lo rodean. Por eso se ha vuelto imprudente, toma decisiones por su cuenta, sin consultar, porque cree que sus ideas son correctas. Y aunque finalmente se descubra que son err\u00f3neas, nunca reconocer\u00e1 la equivocaci\u00f3n. Se siente llamado por el destino a las grandes haza\u00f1as: el salvador de M\u00e9xico&#8230; el \u201chermano mayor\u201d de Am\u00e9rica Latina.<\/p>\n<p style=\"text-align: center;\"><strong>L\u00f3pez Obrador ya ejerce el poder demencialmente<\/strong><\/p>\n<p>\u00a0Entre los mexicanos informados la palabra m\u00e1s utilizada para describir la pol\u00edtica actual es la animadversi\u00f3n, sino es que hasta la antipat\u00eda monda y lironda. Incluso circulan conceptos tan dispares como desorientaci\u00f3n, decepci\u00f3n, insatisfacci\u00f3n, enfado e incluso enojo y alienaci\u00f3n.<\/p>\n<p>Hay una inconformidad creciente hacia AMLO y hacia sus muy cuestionables decisiones econ\u00f3micas y pol\u00edticas. Contra sus dichos, incluso.<\/p>\n<p>El m\u00e1s criticado y cuestionado de estos d\u00edas ha sido el de cuidar a los miembros de las bandas delictivas, porque tambi\u00e9n son humanos.<\/p>\n<p>\u00bfSe trata acaso de la confesi\u00f3n de su complicidad con los maleantes? \u00bfEs cierto que ellos le cuidan en las giras y aportaron recursos para sus campa\u00f1as?<\/p>\n<p>\u00bfY las v\u00edctimas tienen o no tuvieron derechos?<\/p>\n<p>L\u00f3pez Obrador ya ejerce el poder demencialmente.<\/p>\n<p>Y no hay contrapesos ante esas posiciones de locura.<\/p>\n<p>\u00bfHasta d\u00f3nde vamos a llegar?<\/p>\n<p>\u00bfHasta d\u00f3nde vamos a permitir que llegue?<\/p>\n<p style=\"text-align: center;\"><strong>Indicios<\/strong><\/p>\n<p>La \u201cfavorita de Palacio\u201d \u2014en el mejor de los t\u00e9rminos, no en el versallesco\u2014 sigue en abierta campa\u00f1a por la candidatura presidencial del Movimiento que encabeza su jefe. El s\u00e1bado, en efecto, la \u201cregenta\u201d de AMLO en CDMX visit\u00f3, en gira de autopromoci\u00f3n, la obra de construcci\u00f3n de lo que ser\u00e1 la refiner\u00eda de Dos Bocas, en Tabasco. La acompa\u00f1aron gobernadores de entidades vecinas al proyecto. * * * Gran impacto caus\u00f3 este fin de semana un ensayo titulado\u00a0M\u00e9xico no necesita un nuevo l\u00edder; necesita un nuevo sistema, de la consultora estadounidense Virtual Centre for Strategic Economic Policy and Geopolitics Research and Analysis (SEGPRA) en el que, entre otras cosas, se lee que \u201ccrece una polarizaci\u00f3n que puede tornarse violenta no solo en el discurso sino tambi\u00e9n en m\u00faltiples frentes: narcos contra narcos, morenistas contra opositores, proletarios contra clase media \u201caspiracional\u201d, anarquistas contra defensores de las instituciones. Una lucha fratricida que conduce irremediablemente a un mayor empobrecimiento y atraso, mientras otros pa\u00edses que conviven en armon\u00eda interna y entre s\u00ed avanzan para lograr el verdadero bienestar de sus ciudadanos&#8230;\u00a0\u00a0La destrucci\u00f3n institucional avanza a pesar de la precaria defensa de los opositores, quienes se\u00f1alan que existe una gran diferencia entre modernizar instituciones que necesitan una actualizaci\u00f3n y destruirlas. La obstinaci\u00f3n en derrochar recursos en proyectos innecesarios y costosos tiene el efecto de debilitar instituciones y programas tan esenciales como sensibles a los menos privilegiados. Adem\u00e1s, hay una total falta de respeto por el estado de derecho. AMLO afirma con frecuencia que si debe decidir entre la justicia y la ley, la justicia debe prevalecer. Excepto que \u00e9l determina lo que es justo. La ley s\u00f3lo se aplica cuando \u00e9l as\u00ed lo decide. Recientemente, cuando se debat\u00eda en el Congreso la Reforma Energ\u00e9tica presentada por su gobierno, dijo: \u201cNo me vengan a decir que la ley es la ley\u201d. Considera que est\u00e1 por encima de ella. Suena como la definici\u00f3n de tiran\u00eda&#8230;\u201d * * * Y por hoy es todo. Le agradezco su compa\u00f1\u00eda hasta el punto final de este texto y, como siempre, le deseo que tenga \u00a1buenas gracias y muchos, muchos d\u00edas!<\/p>\n<p><em><u><a href=\"http:\/\/www.indicepolitico.com\" target=\"_blank\" rel=\"noopener noreferrer\">www.indicepolitico.com<\/a><\/u><u><br \/>\n<\/u><a href=\"mailto:indicepolitico@gmail.com\" target=\"_blank\" rel=\"noopener noreferrer\">indicepolitico@gmail.com<\/a><\/em><br \/>\n<em><a href=\"https:\/\/twitter.com\/indicepolitico?lang=es\" target=\"_blank\" rel=\"noopener noreferrer\">@IndicePolitico<\/a><\/em><br \/>\n<em><u><a href=\"https:\/\/twitter.com\/pacorodriguez\" target=\"_blank\" rel=\"noopener noreferrer\">@pacorodriguez<\/a><\/u><\/em><\/p>\n","protected":false},"excerpt":{"rendered":"<p><span style=\"color: #005497;\"><strong>Francisco Rodr\u00edguez<\/strong><\/span><br \/>\n<br \/>\nLos \u00faltimos diez d\u00edas han sido una pesadilla pol\u00edtica para los mexicanos informados.<\/p>\n","protected":false},"author":3,"featured_media":0,"comment_status":"open","ping_status":"open","sticky":false,"template":"","format":"standard","meta":{"_monsterinsights_skip_tracking":false,"_monsterinsights_sitenote_active":false,"_monsterinsights_sitenote_note":"","_monsterinsights_sitenote_category":0,"footnotes":""},"categories":[549],"tags":[43689,550,43674],"class_list":["post-546457","post","type-post","status-publish","format-standard","hentry","category-francisco-rodriguez","tag-francisco-rodriguez","tag-indice-politico","tag-opinion"],"_links":{"self":[{"href":"https:\/\/www.diarioimagen.net\/index.php?rest_route=\/wp\/v2\/posts\/546457","targetHints":{"allow":["GET"]}}],"collection":[{"href":"https:\/\/www.diarioimagen.net\/index.php?rest_route=\/wp\/v2\/posts"}],"about":[{"href":"https:\/\/www.diarioimagen.net\/index.php?rest_route=\/wp\/v2\/types\/post"}],"author":[{"embeddable":true,"href":"https:\/\/www.diarioimagen.net\/index.php?rest_route=\/wp\/v2\/users\/3"}],"replies":[{"embeddable":true,"href":"https:\/\/www.diarioimagen.net\/index.php?rest_route=%2Fwp%2Fv2%2Fcomments&post=546457"}],"version-history":[{"count":0,"href":"https:\/\/www.diarioimagen.net\/index.php?rest_route=\/wp\/v2\/posts\/546457\/revisions"}],"wp:attachment":[{"href":"https:\/\/www.diarioimagen.net\/index.php?rest_route=%2Fwp%2Fv2%2Fmedia&parent=546457"}],"wp:term":[{"taxonomy":"category","embeddable":true,"href":"https:\/\/www.diarioimagen.net\/index.php?rest_route=%2Fwp%2Fv2%2Fcategories&post=546457"},{"taxonomy":"post_tag","embeddable":true,"href":"https:\/\/www.diarioimagen.net\/index.php?rest_route=%2Fwp%2Fv2%2Ftags&post=546457"}],"curies":[{"name":"wp","href":"https:\/\/api.w.org\/{rel}","templated":true}]}}