{"id":546461,"date":"2022-05-16T00:06:23","date_gmt":"2022-05-16T05:06:23","guid":{"rendered":"https:\/\/www.diarioimagen.net\/?p=546461"},"modified":"2022-05-18T00:04:46","modified_gmt":"2022-05-18T05:04:46","slug":"becas-a-jovenes-centro-de-acopio-y-seguro-ganadero-en-la-cnog-oscar-garcia","status":"publish","type":"post","link":"https:\/\/www.diarioimagen.net\/?p=546461","title":{"rendered":"Becas a j\u00f3venes; centro de acopio y seguro ganadero en la CNOG: \u00d3scar Garc\u00eda"},"content":{"rendered":"<h2>Como veo, doy<\/h2>\n<h5>Jorge Luis Galicia Palacios<\/h5>\n<p>&nbsp;<\/p>\n<ul>\n<li><strong><em>Revisar, reordenar y corregir pol\u00edticas p\u00fablicas en el campo: Ricardo Monreal<\/em><\/strong><\/li>\n<\/ul>\n<p>&nbsp;<\/p>\n<p>Interesantes, los resolutivos que emanaron de la reciente 86\u00aa Convenci\u00f3n Nacional Ganadera de la Confederaci\u00f3n Nacional de Organizaciones Ganaderas (CNOG), que este a\u00f1o se celebr\u00f3 en Tamaulipas y donde los delegados del gremio eligieron a su Consejo Directivo para el periodo 2022-2025, quedando al frente de la presidencia, Homero Garc\u00eda de la Llata; como secretario y tesorero, Ernestino Mazariego Zenteno y Noel Ram\u00edrez Mej\u00eda, respectivamente.<\/p>\n<p>En este evento, el nuevo dirigente de la CNOG, Garc\u00eda de la Llata, destac\u00f3 que el ganadero es uno de los sectores que m\u00e1s aportes brinda a la econom\u00eda nacional y que uno de los mayores retos de la organizaci\u00f3n que ahora encabeza ser\u00e1 no solo mantener la productividad y buena imagen de esa rama dentro de la producci\u00f3n agroalimentaria, sino que adem\u00e1s los esfuerzos de esta organizaci\u00f3n se encaminar\u00e1n a dar impulso a nuevas ideas y propuestas que ha recibido de los ganaderos de todo el pa\u00eds.<\/p>\n<p>\u00bfCu\u00e1les son esas propuestas?, le preguntamos a Homero Garc\u00eda. Aqu\u00ed parte de lo que contest\u00f3: \u201cEntre otras l\u00edneas a desarrollar destaca un proyecto de comercializaci\u00f3n de los productos de todas las especies, con alcance nacional e internacional, en los que se incluyen la construcci\u00f3n de un centro de acopio, salones de subasta y corrales de engorda, entre otra infraestructura; reforzar el \u00e1rea de sanidad animal, a trav\u00e9s de la colaboraci\u00f3n con autoridades, para el avance del estatus zoosanitario, conservando y ampliando el acceso a los mercados nacionales e internacionales; en este punto est\u00e1 considerada la reactivaci\u00f3n de la Coordinadora Nacional de Comit\u00e9 de Fomento y Protecci\u00f3n Pecuaria (CFPT).<\/p>\n<p>\u00bfCentro de acopio para qu\u00e9?: \u201cAnte el incremento de los precios de los granos a\u00a0 nivel internacional y otros insumos que se utilizan en la ganader\u00eda, provocado principalmente por dos factores, entre ellos la pandemia provocada por la Covid-19 y la guerra de Rusia con Ucrania, el Consejo Directivo actual, de la CNOG, y a petici\u00f3n de los ganaderos del pa\u00eds, contar\u00e1 con un centro de acopio con el prop\u00f3sito de ofrecerlo a los ganaderos del pa\u00eds a precios accesibles; con esto se busca fortalecer la actividad pecuaria\u201d.<\/p>\n<p>Se\u00f1al\u00f3 que tambi\u00e9n impulsar\u00e1 un ambicioso programa de capacitaci\u00f3n y extensionismo, y con ello se busca dotar de herramientas tecnol\u00f3gicas a los ganaderos, ya que M\u00e9xico es l\u00edder a nivel mundial en mejoramiento gen\u00e9tico y a trav\u00e9s de la capacitaci\u00f3n de los ganaderos se busca que todos, peque\u00f1os, medianos y grandes mejoren las razas de sus hatos.<\/p>\n<p>Tambi\u00e9n asegur\u00f3 que se seguir\u00e1 apoyando el seguro ganadero y que actualmente la CNOG cuenta con 9 seguros que forman parte de los Fondos de Aseguramiento: ganadero para eventos de alta mortalidad; ganadero por da\u00f1os clim\u00e1ticos; muerte por ataque a depredadores; comerciales agropecuarios; da\u00f1os patrimoniales en instalaciones ganaderas; ap\u00edcola de da\u00f1os clim\u00e1ticos; de vida; y recientemente se incorporaron el agr\u00edcola y ca\u00f1ero. Todos estos servicios -asever\u00f3- buscan proteger las actividades pecuarias para que las p\u00e9rdidas de los productores sean m\u00ednimas.<\/p>\n<p>Entre las acciones a implementar tambi\u00e9n se encuentra un programa de j\u00f3venes ganaderos, con becas de estudio y alimentaci\u00f3n a hijos de productores, donde el prop\u00f3sito principal de este programa es incentivar a los j\u00f3venes para dedicarse a las actividades pecuarias, ya que, como se dice, los propietarios est\u00e1n envejeciendo y los j\u00f3venes prefieren dedicarse a otras actividades, menos al cuidado de los ranchos.<\/p>\n<p>Y por \u00faltimo, nos coment\u00f3 que la CNOG buscar\u00e1 contar de manera permanente con un despacho profesional de cabildeo a nivel nacional e internacional, ya que, ante las constantes aplicaciones de nuevas normas y regulaciones en los mercados internacionales, principalmente con Estados Unidos, que aplica algunas regulaciones que violan los tratados comerciales, los ganaderos han decido tomar en sus manos la defensa, a trav\u00e9s de asesor\u00edas profesionales en esa materia.<\/p>\n<p>Enhorabuena, ojal\u00e1 los ganaderos del pa\u00eds sigan poniendo en alto el nombre de M\u00e9xico en materia de productividad y beneficios para la econom\u00eda nacional.<\/p>\n<p><strong>LAS CARTAS HABLAN.-<\/strong> Dos datos: <strong>1.-<\/strong> Homero Garc\u00eda de la Llata es un ganadero de ciudad Victoria, Tamaulipas, y entre otros cargos ha sido presidente de la Uni\u00f3n Regional de Tamaulipas (UGRT) y secretario de la Confederaci\u00f3n Nacional de Organizaciones Ganaderas (CNOG). Tambi\u00e9n ha representado a la organizaci\u00f3n en eventos nacionales e internacionales; ha participado en reuniones de trabajo con diputados, senadores, gobernadores y, por supuesto, con ganaderos.<\/p>\n<p><strong>2.-<\/strong> La pr\u00f3xima sede de la 87\u00aa Asamblea General Ordinaria de la Confederaci\u00f3n Nacional de Organizaciones Ganaderas y la mencionada convenci\u00f3n tendr\u00e1 como sede al estado de Chihuahua.<\/p>\n<p><strong>VA MI RESTO.-<\/strong> Al participar en la Convenci\u00f3n Ganadera de Tamaulipas, el coordinador de Morena en el Senado de la Rep\u00fablica, Ricardo Monreal \u00c1vila, tambi\u00e9n presidente de la Junta de Coordinaci\u00f3n Pol\u00edtica de la C\u00e1mara alta, se\u00f1al\u00f3 en entrevista al diario \u201cLa Raz\u00f3n\u201d que se deben revisar las pol\u00edticas p\u00fablicas para el campo mexicano. \u201cDos problemas que para m\u00ed no hemos dado respuesta como movimiento social: uno, la inseguridad, que ustedes la padecen todos los d\u00edas: extorsiones, secuestros, robos, abigeos e impunidad y el respaldo al campo; estas son dos cosas a las que tenemos que meternos para revisar, reordenar y corregir pol\u00edticas p\u00fablicas en beneficio de la gente\u201d. Que conste, y hasta ah\u00ed porque como veo doy.<\/p>\n<p><em><a href=\"mailto:jorgelgalicia@yahoo.com.mx\" target=\"_blank\" rel=\"noopener noreferrer\">jorgelgalicia@yahoo.com.mx<\/a><\/em><\/p>\n","protected":false},"excerpt":{"rendered":"<p><span style=\"color: #005497;\"><strong>Jorge Luis Galicia Palacios<\/strong><\/span><\/p>\n","protected":false},"author":3,"featured_media":0,"comment_status":"open","ping_status":"open","sticky":false,"template":"","format":"standard","meta":{"_monsterinsights_skip_tracking":false,"_monsterinsights_sitenote_active":false,"_monsterinsights_sitenote_note":"","_monsterinsights_sitenote_category":0,"footnotes":""},"categories":[63916],"tags":[28722,63917,43674],"class_list":["post-546461","post","type-post","status-publish","format-standard","hentry","category-jorge-luis-galicia-palacios","tag-como-veo-doy","tag-jorge-luis-galicia-palacios","tag-opinion"],"_links":{"self":[{"href":"https:\/\/www.diarioimagen.net\/index.php?rest_route=\/wp\/v2\/posts\/546461","targetHints":{"allow":["GET"]}}],"collection":[{"href":"https:\/\/www.diarioimagen.net\/index.php?rest_route=\/wp\/v2\/posts"}],"about":[{"href":"https:\/\/www.diarioimagen.net\/index.php?rest_route=\/wp\/v2\/types\/post"}],"author":[{"embeddable":true,"href":"https:\/\/www.diarioimagen.net\/index.php?rest_route=\/wp\/v2\/users\/3"}],"replies":[{"embeddable":true,"href":"https:\/\/www.diarioimagen.net\/index.php?rest_route=%2Fwp%2Fv2%2Fcomments&post=546461"}],"version-history":[{"count":0,"href":"https:\/\/www.diarioimagen.net\/index.php?rest_route=\/wp\/v2\/posts\/546461\/revisions"}],"wp:attachment":[{"href":"https:\/\/www.diarioimagen.net\/index.php?rest_route=%2Fwp%2Fv2%2Fmedia&parent=546461"}],"wp:term":[{"taxonomy":"category","embeddable":true,"href":"https:\/\/www.diarioimagen.net\/index.php?rest_route=%2Fwp%2Fv2%2Fcategories&post=546461"},{"taxonomy":"post_tag","embeddable":true,"href":"https:\/\/www.diarioimagen.net\/index.php?rest_route=%2Fwp%2Fv2%2Ftags&post=546461"}],"curies":[{"name":"wp","href":"https:\/\/api.w.org\/{rel}","templated":true}]}}