{"id":546463,"date":"2022-05-16T00:07:09","date_gmt":"2022-05-16T05:07:09","guid":{"rendered":"https:\/\/www.diarioimagen.net\/?p=546463"},"modified":"2022-05-16T03:19:02","modified_gmt":"2022-05-16T08:19:02","slug":"los-maestros-inconformes-con-sus-salarios-y-sus-pensiones","status":"publish","type":"post","link":"https:\/\/www.diarioimagen.net\/?p=546463","title":{"rendered":"Los maestros inconformes con sus salarios y sus pensiones"},"content":{"rendered":"<h2>Clase Pol\u00edtica<\/h2>\n<h5>Miguel \u00c1ngel Rivera<\/h5>\n<p><strong>\u00a0<\/strong><\/p>\n<p>Aunque sin llegar a manifestaciones violentas como en a\u00f1os anteriores, el magisterio disidente volvi\u00f3 a marcar distancia respecto del gobierno de la llamada Cuarta Transformaci\u00f3n y, para empezar, expres\u00f3 su desacuerdo con el aumento de salarios concedido por la administraci\u00f3n del presidente Andr\u00e9s Manuel L\u00f3pez Obrador.<\/p>\n<p>En ceremonia efectuada en Palacio Nacional, el primer mandatario y su secretaria de Educaci\u00f3n P\u00fablica (SEP), Delfina G\u00f3mez \u00c1lvarez, anunciaron un aumento escalonado a los salarios de los profesores de tres por ciento inicial, luego de dos y tercero y final de un solo punto porcentual. En total, seg\u00fan sus cuentas, esto representa un incremento de 7.5 por ciento.<\/p>\n<p>Poco m\u00e1s tarde arranc\u00f3 la marcha tradicional del magisterio disidente y, al t\u00e9rmino de la misma, algunos de los m\u00e1s destacados miembros de la dirigencia de la Coordinadora Nacional de Trabajadores de la Educaci\u00f3n (CNTE) sostuvieron que el anunciado\u00a07.5 por ciento que se aplicar\u00e1 al magisterio de forma diferencial \u201cno resuelve la grave p\u00e9rdida de poder adquisitivo de los trabajadores de la educaci\u00f3n, que llega hasta un 44 por ciento\u201d.<\/p>\n<p>De acuerdo con la nota informativa del diario <em>La Jornada<\/em>, en el mitin frente a Palacio Nacional, los secretarios generales de Chiapas, Pedro G\u00f3mez Bamaca; de Michoac\u00e1n, Gamaliel Guzm\u00e1n; de Ciudad de M\u00e9xico, Pedro Hern\u00e1ndez; y de Guerrero, H\u00e9ctor Torres, se\u00f1alaron que el incremento de hasta un 44 por ciento\u201d.<\/p>\n<p>Los siempre descontentos dirigentes de la Coordinadora tienen raz\u00f3n en cuanto a la p\u00e9rdida del poder adquisitivo de los salarios, pues el m\u00e1s reciente reporte del Inegi, dado a conocer la semana anterior, indica que en abril de 2022, el \u00cdndice Nacional de Precios al Consumidor (INPC) registr\u00f3 una variaci\u00f3n de 0.54% respecto al mes anterior. Con este resultado, la inflaci\u00f3n general anual se estableci\u00f3 en 7.68%. En el mismo mes de 2021, la inflaci\u00f3n mensual fue de 0.33% y la anual de 6.08%.<\/p>\n<p>Adem\u00e1s, al concluir su movilizaci\u00f3n por el D\u00eda del Maestro, los dirigentes del magisterio disidente insistieron en su petici\u00f3n de que el presidente L\u00f3pez Obrador \u201ccumpla su palabra y se concreten los acuerdos suscritos en las siete mesas de negociaci\u00f3n con el gobierno federal\u201d, tras recordar que hace dos a\u00f1os que est\u00e1 suspendido el di\u00e1logo directo con el mandatario federal.<\/p>\n<p>En particular, el chiapaneco G\u00f3mez Bamaca destac\u00f3 la conveniencia de \u201cmantener la unidad y organizaci\u00f3n de la lucha, porque no podemos darnos el lujo de menospreciar cualquier esfuerzo de organizaci\u00f3n, y asegur\u00f3 que quiz\u00e1 no est\u00e1bamos preparados para enfrentar una pol\u00edtica de doble discurso como la que aplica la Cuarta Transformaci\u00f3n, pero le reiteramos que no nos van a poner de rodillas\u201d.<\/p>\n<p style=\"text-align: center;\"><strong>Tambi\u00e9n en magisterio oficialista tiene sus exigencias<\/strong><\/p>\n<p>El oficialista Sindicato Nacional de Trabajadores de la Educaci\u00f3n (SNTE), que ya hab\u00eda aceptado el aumento salarial, de cualquier manera plante\u00f3 una demanda que potencialmente resulta m\u00e1s conflictiva que el tema salarial: pidi\u00f3 que se elimine el sistema de afores para determinar las pensiones de los profesores.<\/p>\n<p>El secretario general del Sindicato, Alfonso Cepeda Salas, plante\u00f3 que las afores son injustas, impuestas y no han significado mejoras en las pensiones de los maestros.<\/p>\n<p>El dirigente magisterial mencion\u00f3 una f\u00f3rmula que resulta infalible para hacer que se mueva la maquinaria de\u00a0la llamada Cuarta Transformaci\u00f3n. Record\u00f3\u00a0que en 2007 se llev\u00f3 a cabo una reforma absolutamente\u00a0<strong><em>neoliberal<\/em><\/strong>\u00a0y desventajosa para los trabajadores del Estado. De acuerdo con esa reforma qued\u00f3 establecido que quienes ingresaran a partir de ese a\u00f1o, entrar\u00edan obligadamente al esquema de las cuentas individuales de las afores.<\/p>\n<p>Cepeda Salas dijo que la mayor\u00eda de los pa\u00edses en el mundo que siguieron ese esquema ya dieron marcha atr\u00e1s y regresaron al sistema de reparto definido, llamado coloquialmente \u201cel de atr\u00e1s paga\u201d.<\/p>\n<p>Dijo que el SNTE ha planteado su propuesta para la desaparici\u00f3n de las afores, y los maestros lo \u201cesperan con ansia\u201d.<\/p>\n<p>\u201cNo es equitativo que los trabajadores que pertenecen al IMSS tengan como tope salarial en sus jubilaciones y pensiones, 25 UMAS (Unidades de Medida y Actualizaci\u00f3n, cada una con valor aproximado de 96.22 pesos), y que los trabajadores de la Educaci\u00f3n tengamos como tope 10 UMAS\u201d, detall\u00f3.<\/p>\n<p>Cepeda Salas explic\u00f3 que es posible hacerlo desde el punto de vista financiero y presupuestal, y se pueda incrementar gradualmente una UMA por a\u00f1o a los trabajadores de la Educaci\u00f3n que se jubilan, lo cual permitir\u00eda a los integrantes del SNTE llegar a un n\u00famero importante de UMAS que no los hagan sentir inferiores frente a los trabajadores del IMSS. \u201cEsto lo esperan con ansia los trabajadores de la educaci\u00f3n\u201d, asegur\u00f3.<\/p>\n<p>Aunque las propuestas de soluci\u00f3n no coincidan, el SNTE ofreci\u00f3 as\u00ed al presidente L\u00f3pez Obrador la oportunidad de empezar a operar para modificar ese sistema de pensiones que tampoco le gusta.<\/p>\n<p>Por ejemplo, en junio de 2020, el presidente L\u00f3pez Obrador asegur\u00f3 ayer que el sistema de afores result\u00f3 da\u00f1ino para el pa\u00eds y, desde entonces ofreci\u00f3 que su gobierno impulsar\u00e1 reformas para revertirlo antes de que concluya el sexenio.<\/p>\n<p>Lo que est\u00e1 en juego es muy importante. Datos oficiales de la Comisi\u00f3n Nacional del Sistema de Ahorro para el Retiro (Consar) estiman que las afores manejan m\u00e1s de 4 billones de pesos esas instituciones financieras manejaban al mes de abril pasado m\u00e1s de cinco billones (cinco millones de millones) de pesos. Para tener una comparaci\u00f3n, el presupuesto federal para el presente a\u00f1o es poco m\u00e1s de siete billones de pesos.<\/p>\n<p>\u201cVamos a atender el asunto de las pensiones porque todas las reformas que hicieron a la Constituci\u00f3n en el periodo neoliberal fue para afectar\u201d, dijo en la fecha mencionada el primer mandatario, quien advirti\u00f3 que \u201cpara 2024 y 2025 van a empezar a jubilarse los trabajadores y si no hay una reforma, van a recibir la mitad de su salario\u201d, asegur\u00f3.<\/p>\n<p>Lo posibilidad de cambios no tuvo buena aceptaci\u00f3n general.<\/p>\n<p>\u201cEs extremadamente peligroso. Es dinero de los trabajadores y que sigue reglas. Cambiar de sistema me parecer\u00eda poner en riesgo el dinero de los trabajadores\u201d.<\/p>\n<p>A su vez, el dirigente nacional del PAN, Marko Cort\u00e9s, consider\u00f3 que las afores son producto del esfuerzo de los trabajadores y es muy importante que sean garantizadas y que tengan las mejores condiciones financieras.<\/p>\n<p>El tema qued\u00f3 parcialmente olvidado, luego de que en la anterior Legislatura circul\u00f3 la versi\u00f3n de el diputado de Morena Edelmiro Santos hab\u00eda presentado una iniciativa para \u201cnacionalizar\u201d los recursos de las afores, que pasar\u00edan al oficial Banco del Bienestar.<\/p>\n<p>Aunque el legislador se\u00f1alado neg\u00f3 la supuesta nacionalizaci\u00f3n, el tema, por candente, qued\u00f3 \u201ccongelado\u201d, pero ahora con la petici\u00f3n del SNTE, el presidente puede revivir su intenci\u00f3n de modificar las afores.<\/p>\n<p>Al escuchar la demanda del l\u00edder del SNTE, el jefe del Ejecutivo dijo que se quedaba \u201ccon la tarea\u201d de concretar la petici\u00f3n que hizo a nombre de poco m\u00e1s de 1 mill\u00f3n 300 mil profesores, el secretario general del SNTE, Cepeda Salas.<\/p>\n<p>L\u00f3pez Obrador dijo que se abordar\u00e1 el tema de las pensiones, para que en vez de ser individuales sean como antes, que vayan a un fondo y el Estado responda para que no se pongan en riesgo en ninguna circunstancia.<\/p>\n<p>Entre los invitados a la ceremonia por el D\u00eda del Maestro, estuvo la secretaria del Bienestar \u2013 la encargada de repartir el dinero de los programas sociales, Ariadna Montiel Reyes, quien evidentemente result\u00f3 muy motivada por la fecha y la casi obligada conveniencia de felicitar a los profesores de todo el pa\u00eds, por ese esfuerzo no siempre bien retribuido de formar a los hombres (y mujeres, para cumplir con las normas del buen comportamiento social) del futuro.<\/p>\n<p>En Twitter, desde Palacio Nacional, la funcionaria lanz\u00f3 este mensaje:<\/p>\n<p>\u201cConmovedora celebraci\u00f3n del d\u00eda de la Maestra y el Maestro, encabezada por la mejor Secretar\u00eda de Educaci\u00f3n en la historia de M\u00e9xico: Delfina G\u00f3mez \u00c1lvarez @delfinagomeza<\/p>\n<p>y el presidente L\u00f3pez Obrador @lopezobrador_<\/p>\n<p>Agreg\u00f3: \u201cRecordamos la lucha de los maestros Lucio Caba\u00f1as y Othon Salazar\u201d.<\/p>\n<p>Montiel, quien no concluy\u00f3 la carrera de Arquitectura en la UNAM, es alumna aventajada de la organizaci\u00f3n Izquierda Democr\u00e1tica Nacional (IDN), que dirigen el profesor Ren\u00e9 Bejarano y su esposa Dolores Padierna.<\/p>\n<p><em><a href=\"mailto:riparcangel@hotmail.com\" target=\"_blank\" rel=\"noopener noreferrer\">riparcangel@hotmail.com<\/a><\/em><\/p>\n","protected":false},"excerpt":{"rendered":"<p><span style=\"color: #005497;\"><strong>Miguel \u00c1ngel Rivera<\/strong><\/span<\/span><\/p>\n","protected":false},"author":3,"featured_media":0,"comment_status":"open","ping_status":"open","sticky":false,"template":"","format":"standard","meta":{"_monsterinsights_skip_tracking":false,"_monsterinsights_sitenote_active":false,"_monsterinsights_sitenote_note":"","_monsterinsights_sitenote_category":0,"footnotes":""},"categories":[84119],"tags":[84120,84121,43674],"class_list":["post-546463","post","type-post","status-publish","format-standard","hentry","category-miguel-angel-rivera","tag-clase-politica","tag-miguel-angel-rivera","tag-opinion"],"_links":{"self":[{"href":"https:\/\/www.diarioimagen.net\/index.php?rest_route=\/wp\/v2\/posts\/546463","targetHints":{"allow":["GET"]}}],"collection":[{"href":"https:\/\/www.diarioimagen.net\/index.php?rest_route=\/wp\/v2\/posts"}],"about":[{"href":"https:\/\/www.diarioimagen.net\/index.php?rest_route=\/wp\/v2\/types\/post"}],"author":[{"embeddable":true,"href":"https:\/\/www.diarioimagen.net\/index.php?rest_route=\/wp\/v2\/users\/3"}],"replies":[{"embeddable":true,"href":"https:\/\/www.diarioimagen.net\/index.php?rest_route=%2Fwp%2Fv2%2Fcomments&post=546463"}],"version-history":[{"count":0,"href":"https:\/\/www.diarioimagen.net\/index.php?rest_route=\/wp\/v2\/posts\/546463\/revisions"}],"wp:attachment":[{"href":"https:\/\/www.diarioimagen.net\/index.php?rest_route=%2Fwp%2Fv2%2Fmedia&parent=546463"}],"wp:term":[{"taxonomy":"category","embeddable":true,"href":"https:\/\/www.diarioimagen.net\/index.php?rest_route=%2Fwp%2Fv2%2Fcategories&post=546463"},{"taxonomy":"post_tag","embeddable":true,"href":"https:\/\/www.diarioimagen.net\/index.php?rest_route=%2Fwp%2Fv2%2Ftags&post=546463"}],"curies":[{"name":"wp","href":"https:\/\/api.w.org\/{rel}","templated":true}]}}