{"id":546608,"date":"2022-05-17T00:02:43","date_gmt":"2022-05-17T05:02:43","guid":{"rendered":"https:\/\/www.diarioimagen.net\/?p=546608"},"modified":"2022-05-17T08:08:16","modified_gmt":"2022-05-17T13:08:16","slug":"morena-permite-arbitrariedades-desde-el-congreso-federal-acusa-pan-edomex","status":"publish","type":"post","link":"https:\/\/www.diarioimagen.net\/?p=546608","title":{"rendered":"Morena permite arbitrariedades desde el Congreso federal, acusa PAN-Edomex"},"content":{"rendered":"<p>&nbsp;<\/p>\n<ul>\n<li><strong><em>Apoyan demanda contra Mario Delgado y Sergio Guti\u00e9rrez<\/em><\/strong><\/li>\n<\/ul>\n<p>&nbsp;<\/p>\n<div id=\"attachment_546762\" style=\"width: 470px\" class=\"wp-caption aligncenter\"><a href=\"https:\/\/www.diarioimagen.net\/?attachment_id=546762\" rel=\"attachment wp-att-546762\"><img loading=\"lazy\" decoding=\"async\" aria-describedby=\"caption-attachment-546762\" class=\"size-full wp-image-546762\" src=\"https:\/\/www.diarioimagen.net\/wp-content\/uploads\/2022\/05\/morena.jpg\" alt=\"\" width=\"460\" height=\"270\" \/><\/a><p id=\"caption-attachment-546762\" class=\"wp-caption-text\">Panistas del Edomex se suman a demanda contra los morenistas Mario Delgado y Sergio Guti\u00e9rrez.<\/p><\/div>\n<p>&nbsp;<\/p>\n<p><strong>Valle de M\u00e9xico.\u2014<\/strong> Panistas mexiquenses se sumaron a la demanda del blanquiazul contra Mario Delgado y Sergio Guti\u00e9rrez, quienes han ocasionado un da\u00f1o enorme al pueblo de M\u00e9xico, al permitir que, desde el Congreso federal, se cometan arbitrariedades.<\/p>\n<p>Los representantes populares panistas a trav\u00e9s de Jorge Triana y Agust\u00edn Belgodere, entre otros,\u00a0 exigieron \u201cno dar carpetazo\u201d a las demandas, no s\u00f3lo de Acci\u00f3n Nacional, sino de otras instancias para favorecer al Movimiento de Regeneraci\u00f3n Nacional ( Morena), dijeron.<\/p>\n<p>\u201cLas pruebas est\u00e1n a la vista de todos, ah\u00ed est\u00e1n juicios penales y civiles, que han sido objeto tanto el dirigente nacional de Morena y el presidente de la C\u00e1mara de Diputados, es decir Mario Delgado y Sergio Guti\u00e9rrez\u201d, destacaron.<\/p>\n<p>El regidor Agust\u00edn Belgodere dijo que ya hay sospecha en el PAN, pues es raro que se les deje trabajar con tanta impunidad a estos dos deficientes servidores p\u00fablicos y todo supone que hay \u201cintereses oscuros\u201d atr\u00e1s de estos dos personajes.<\/p>\n<p>Recordaron que Mario Delgado \u201ces odiado dentro y fuera del partido por su incapacidad pol\u00edtica.\u00a0 No dudamos que como premio a sus torpezas le otorguen una secretaria o una buena direcci\u00f3n, as\u00ed es la 4T\u201d.<\/p>\n<p>Finalmente, manifestaron que \u201cno dudamos que, gracias a las adulaciones\u00a0de su pupilo, Sergio Guti\u00e9rrez, la 4T le haga efectiva su candidatura al Gobierno de Veracruz, para terminar de hundir a ese Estado\u201d, concluyeron.<\/p>\n","protected":false},"excerpt":{"rendered":"<p>Panistas mexiquenses se sumaron a la demanda del blanquiazul contra Mario Delgado y Sergio Guti\u00e9rrez, quienes han ocasionado un da\u00f1o enorme al pueblo de M\u00e9xico, al permitir que, desde el Congreso federal, se cometan arbitrariedades.<\/p>\n","protected":false},"author":3,"featured_media":546762,"comment_status":"open","ping_status":"open","sticky":false,"template":"","format":"standard","meta":{"_monsterinsights_skip_tracking":false,"_monsterinsights_sitenote_active":false,"_monsterinsights_sitenote_note":"","_monsterinsights_sitenote_category":0,"footnotes":""},"categories":[5],"tags":[95474,20663,91,34],"class_list":["post-546608","post","type-post","status-publish","format-standard","has-post-thumbnail","hentry","category-estado-de-mexico","tag-arbitrariedades","tag-morena","tag-pan","tag-valle-de-mexico"],"_links":{"self":[{"href":"https:\/\/www.diarioimagen.net\/index.php?rest_route=\/wp\/v2\/posts\/546608","targetHints":{"allow":["GET"]}}],"collection":[{"href":"https:\/\/www.diarioimagen.net\/index.php?rest_route=\/wp\/v2\/posts"}],"about":[{"href":"https:\/\/www.diarioimagen.net\/index.php?rest_route=\/wp\/v2\/types\/post"}],"author":[{"embeddable":true,"href":"https:\/\/www.diarioimagen.net\/index.php?rest_route=\/wp\/v2\/users\/3"}],"replies":[{"embeddable":true,"href":"https:\/\/www.diarioimagen.net\/index.php?rest_route=%2Fwp%2Fv2%2Fcomments&post=546608"}],"version-history":[{"count":0,"href":"https:\/\/www.diarioimagen.net\/index.php?rest_route=\/wp\/v2\/posts\/546608\/revisions"}],"wp:featuredmedia":[{"embeddable":true,"href":"https:\/\/www.diarioimagen.net\/index.php?rest_route=\/wp\/v2\/media\/546762"}],"wp:attachment":[{"href":"https:\/\/www.diarioimagen.net\/index.php?rest_route=%2Fwp%2Fv2%2Fmedia&parent=546608"}],"wp:term":[{"taxonomy":"category","embeddable":true,"href":"https:\/\/www.diarioimagen.net\/index.php?rest_route=%2Fwp%2Fv2%2Fcategories&post=546608"},{"taxonomy":"post_tag","embeddable":true,"href":"https:\/\/www.diarioimagen.net\/index.php?rest_route=%2Fwp%2Fv2%2Ftags&post=546608"}],"curies":[{"name":"wp","href":"https:\/\/api.w.org\/{rel}","templated":true}]}}