{"id":546612,"date":"2022-05-17T00:01:08","date_gmt":"2022-05-17T05:01:08","guid":{"rendered":"https:\/\/www.diarioimagen.net\/?p=546612"},"modified":"2022-05-17T08:11:35","modified_gmt":"2022-05-17T13:11:35","slug":"debe-encabezar-alianza-en-edomex-quien-garantice-el-triunfo-enrique-vargas-del-villar","status":"publish","type":"post","link":"https:\/\/www.diarioimagen.net\/?p=546612","title":{"rendered":"Debe encabezar alianza en Edomex quien garantice el triunfo: Enrique Vargas\u00a0del Villar"},"content":{"rendered":"<p>&nbsp;<\/p>\n<ul>\n<li><strong><em>Rumbo a la elecci\u00f3n de 2023<\/em><\/strong><\/li>\n<\/ul>\n<p>&nbsp;<\/p>\n<h6>Arturo Baena<\/h6>\n<p>&nbsp;<\/p>\n<div id=\"attachment_546768\" style=\"width: 470px\" class=\"wp-caption aligncenter\"><a href=\"https:\/\/www.diarioimagen.net\/?attachment_id=546768\" rel=\"attachment wp-att-546768\"><img loading=\"lazy\" decoding=\"async\" aria-describedby=\"caption-attachment-546768\" class=\"size-full wp-image-546768\" src=\"https:\/\/www.diarioimagen.net\/wp-content\/uploads\/2022\/05\/naucalpan-1-2.jpg\" alt=\"\" width=\"460\" height=\"270\" \/><\/a><p id=\"caption-attachment-546768\" class=\"wp-caption-text\">El diputado local y coordinador del Grupo parlamentario de PAN en el Congreso mexiquense,\u00a0 Enrique Vargas del Villar, afirm\u00f3 que la alianza con PRI y PRD va.<\/p><\/div>\n<p>&nbsp;<\/p>\n<p><strong>Naucalpan, Estado de M\u00e9xico.\u2014<\/strong> Contrario a lo que militantes y simpatizantes del PRI, PAN y PRD, suponen que la alianza de esos institutos pol\u00edticos en la entidad mexiquense no se llevar\u00eda a cabo, el diputado local y coordinador del Grupo parlamentario de PAN Enrique Vargas del Villar, afirm\u00f3 que \u00e9sta va.<\/p>\n<p>Vargas del Villar puntualiz\u00f3 lo anterior durante una visita a esta localidad y reiter\u00f3 que \u201c el que genere mejores condiciones de triunfo en las elecciones de 2023 a gobernador del Edomex, podr\u00eda encabezar la coalici\u00f3n del PRI, PAN, PRD\u201d, destac\u00f3.<\/p>\n<p>De acuerdo con el diputado Enrique Vargas, el partido de Morena, no es un rival a vencer de cara a las elecciones para gobernador en 2023, ya que no existen las condiciones favorables para ese instituto pol\u00edtico en la entidad mexiquense.<\/p>\n<p>\u201cSi ustedes ven la votaci\u00f3n que sacamos en la alianza, 2.7 millones contra un mill\u00f3n 750 mil votos, la verdad es que no; el estado de M\u00e9xico no lo va a ganar Morena, eso es claro y por eso esa es la preocupaci\u00f3n y el destape adelantado de muchos pol\u00edticos en el estado de M\u00e9xico, como lo es el de la maestra Delfina\u201d, dijo. Adem\u00e1s, el legislador dio por hecho que, para la gubernatura, los partidos PRI, PAN y PRD ir\u00e1n en Coalici\u00f3n para 2023, puesto que ya lo han dicho y ratificado los dirigentes nacionales:<\/p>\n<p>\u201cEs un hecho que vamos para el 2023 y 2024 en alianza, Vamos de aqu\u00ed al 24 en alianza\u201d, reiter\u00f3. Finalmente, para el diputado panista, destac\u00f3 qu\u00e9 a\u00fan falta mucho tiempo para definir qui\u00e9n ser\u00e1 la persona y el partido que encabece tal coalici\u00f3n, pero \u201c deber\u00e1 ser la persona quien garantice el triunfo y est\u00e9 mejor posicionado\u201d.<\/p>\n","protected":false},"excerpt":{"rendered":"<p>Contrario a lo que militantes y simpatizantes del PRI, PAN y PRD, suponen que la alianza de esos institutos pol\u00edticos en la entidad mexiquense no se llevar\u00eda a cabo, el diputado local y coordinador del Grupo parlamentario de PAN Enrique Vargas del Villar, afirm\u00f3 que \u00e9sta va.<\/p>\n","protected":false},"author":3,"featured_media":546768,"comment_status":"open","ping_status":"open","sticky":false,"template":"","format":"standard","meta":{"_monsterinsights_skip_tracking":false,"_monsterinsights_sitenote_active":false,"_monsterinsights_sitenote_note":"","_monsterinsights_sitenote_category":0,"footnotes":""},"categories":[5],"tags":[47218,43675,970,91,211,362],"class_list":["post-546612","post","type-post","status-publish","format-standard","has-post-thumbnail","hentry","category-estado-de-mexico","tag-enrique-vargas-del-villar","tag-estado-de-mexico","tag-naucalpan","tag-pan","tag-prd","tag-pri"],"_links":{"self":[{"href":"https:\/\/www.diarioimagen.net\/index.php?rest_route=\/wp\/v2\/posts\/546612","targetHints":{"allow":["GET"]}}],"collection":[{"href":"https:\/\/www.diarioimagen.net\/index.php?rest_route=\/wp\/v2\/posts"}],"about":[{"href":"https:\/\/www.diarioimagen.net\/index.php?rest_route=\/wp\/v2\/types\/post"}],"author":[{"embeddable":true,"href":"https:\/\/www.diarioimagen.net\/index.php?rest_route=\/wp\/v2\/users\/3"}],"replies":[{"embeddable":true,"href":"https:\/\/www.diarioimagen.net\/index.php?rest_route=%2Fwp%2Fv2%2Fcomments&post=546612"}],"version-history":[{"count":0,"href":"https:\/\/www.diarioimagen.net\/index.php?rest_route=\/wp\/v2\/posts\/546612\/revisions"}],"wp:featuredmedia":[{"embeddable":true,"href":"https:\/\/www.diarioimagen.net\/index.php?rest_route=\/wp\/v2\/media\/546768"}],"wp:attachment":[{"href":"https:\/\/www.diarioimagen.net\/index.php?rest_route=%2Fwp%2Fv2%2Fmedia&parent=546612"}],"wp:term":[{"taxonomy":"category","embeddable":true,"href":"https:\/\/www.diarioimagen.net\/index.php?rest_route=%2Fwp%2Fv2%2Fcategories&post=546612"},{"taxonomy":"post_tag","embeddable":true,"href":"https:\/\/www.diarioimagen.net\/index.php?rest_route=%2Fwp%2Fv2%2Ftags&post=546612"}],"curies":[{"name":"wp","href":"https:\/\/api.w.org\/{rel}","templated":true}]}}