{"id":546641,"date":"2022-05-17T00:02:04","date_gmt":"2022-05-17T05:02:04","guid":{"rendered":"https:\/\/www.diarioimagen.net\/?p=546641"},"modified":"2022-05-19T01:11:42","modified_gmt":"2022-05-19T06:11:42","slug":"educar-fortalece-el-tejido-social-mag-guerra-alvarez","status":"publish","type":"post","link":"https:\/\/www.diarioimagen.net\/?p=546641","title":{"rendered":"Educar fortalece el tejido social: mag. Guerra \u00c1lvarez"},"content":{"rendered":"<p>&nbsp;<\/p>\n<ul>\n<li><strong><em>As\u00ed lo afirm\u00f3 el presidente del PJCDMX en la sede del Instituto de Estudios Judiciales, durante la conmemoraci\u00f3n del D\u00eda del Maestro<\/em><\/strong><strong>\u00a0<\/strong><\/li>\n<\/ul>\n<p>&nbsp;<\/p>\n<div id=\"attachment_546674\" style=\"width: 470px\" class=\"wp-caption aligncenter\"><a href=\"https:\/\/www.diarioimagen.net\/?attachment_id=546674\" rel=\"attachment wp-att-546674\"><img loading=\"lazy\" decoding=\"async\" aria-describedby=\"caption-attachment-546674\" class=\"size-full wp-image-546674\" src=\"https:\/\/www.diarioimagen.net\/wp-content\/uploads\/2022\/05\/tribunal-4.jpg\" alt=\"\" width=\"460\" height=\"270\" \/><\/a><p id=\"caption-attachment-546674\" class=\"wp-caption-text\">El magistrado Rafael Guerra \u00c1lvarez reconoci\u00f3 a los docentes del instituto dedicar su legado personal a proteger el imperio de la justicia.<\/p><\/div>\n<p>&nbsp;<\/p>\n<p>Educar es una tradici\u00f3n que fortalece el tejido social y promueve el triunfo de la naci\u00f3n entera, afirm\u00f3 el presidente del Poder Judicial de la Ciudad de M\u00e9xico (PJCDMX), magistrado Rafael Guerra \u00c1lvarez, quien reconoci\u00f3 a los docentes del \u00f3rgano judicial capitalino en la conmemoraci\u00f3n del D\u00eda del Maestro.<\/p>\n<p>Al reunirse con los maestros del Instituto de Estudios Judiciales, les reconoci\u00f3 dedicar su legado personal a proteger el imperio de la justicia, y destac\u00f3 que son los mentores quienes se entregan a la carrera m\u00e1s noble y trascendente de todas.<\/p>\n<p>\u201cNuestro Instituto de Estudios Judiciales participa activamente, desde distintos frentes, para consolidar una nueva tradici\u00f3n jur\u00eddica que llevar\u00e1 a M\u00e9xico por los senderos de la justicia del Siglo XXI\u201d, coment\u00f3.<\/p>\n<p>Con la presencia de la consejera de la Judicatura de la Ciudad de M\u00e9xico, Susana B\u00e1tiz Zavala; del oficial mayor, Sergio Fontes Granados, y de la directora general del IEJ, Mar\u00eda Elena Ram\u00edrez S\u00e1nchez, el magistrado evoc\u00f3 la sinergia de generaciones unidas por la misi\u00f3n de educar, que une a maestros y a alumnos en una misi\u00f3n por el destino de \u201cnuestro pueblo\u201d.<\/p>\n<p>\u201cNadia ha llegado hasta aqu\u00ed solo. Ninguna, ninguno de nosotros. Somos el legado de juristas que vislumbraron el a\u00f1o 2022 como un futuro posible y perfectible, y sab\u00edan que poner su parte ser\u00eda una obra cuyo final tal vez nunca ver\u00edan\u201d, coment\u00f3.<\/p>\n<p>Esas mentes, abund\u00f3, \u201cnos permitieron escalar, despertar y elevarnos en nuestra vocaci\u00f3n en el mundo; y, como sembrar un \u00e1rbol en cuya sombra jam\u00e1s descansar\u00edan, nos dejaron la semilla del conocimiento para germinar en lo que hoy somos\u201d.<\/p>\n<p>Agradeci\u00f3 a maestros, profesores, educadores, mentores, especialistas, consultores, docentes y formadores, a quienes dijo: \u201custedes nos unen con el conocimiento y con nuestra misi\u00f3n en el mundo; hemos sido unidos por un poder y para un prop\u00f3sito superiores; los valoramos con cari\u00f1o y gratitud\u201d<\/p>\n<p>En la conmemoraci\u00f3n se guard\u00f3 un minuto de silencio en memoria del magistrado Antonio Mu\u00f1ozcano Eternod, y de los jueces Mar\u00eda Elena Galguera Gonz\u00e1lez, Marco Antonio Crespo dorado y Sergio Sibaja Escobar, a quienes Guerra \u00c1lvarez record\u00f3 como \u201cgrandes maestros y l\u00edderes que nos dieron el ejemplo para seguir renovando el pulso de la justicia\u201d.<\/p>\n","protected":false},"excerpt":{"rendered":"<p>Educar es una tradici\u00f3n que fortalece el tejido social y promueve el triunfo de la naci\u00f3n entera, afirm\u00f3 el presidente del Poder Judicial de la Ciudad de M\u00e9xico (PJCDMX), magistrado Rafael Guerra \u00c1lvarez, quien reconoci\u00f3 a los docentes del \u00f3rgano judicial capitalino en la conmemoraci\u00f3n del D\u00eda del Maestro.<\/p>\n","protected":false},"author":3,"featured_media":546674,"comment_status":"open","ping_status":"open","sticky":false,"template":"","format":"standard","meta":{"_monsterinsights_skip_tracking":false,"_monsterinsights_sitenote_active":false,"_monsterinsights_sitenote_note":"","_monsterinsights_sitenote_category":0,"footnotes":""},"categories":[6],"tags":[73183,87379,79994,65490,95479],"class_list":["post-546641","post","type-post","status-publish","format-standard","has-post-thumbnail","hentry","category-cd-de-mexico","tag-fortalecer","tag-pjcdmx","tag-rafael-guerra-alvarez","tag-social","tag-tejido"],"_links":{"self":[{"href":"https:\/\/www.diarioimagen.net\/index.php?rest_route=\/wp\/v2\/posts\/546641","targetHints":{"allow":["GET"]}}],"collection":[{"href":"https:\/\/www.diarioimagen.net\/index.php?rest_route=\/wp\/v2\/posts"}],"about":[{"href":"https:\/\/www.diarioimagen.net\/index.php?rest_route=\/wp\/v2\/types\/post"}],"author":[{"embeddable":true,"href":"https:\/\/www.diarioimagen.net\/index.php?rest_route=\/wp\/v2\/users\/3"}],"replies":[{"embeddable":true,"href":"https:\/\/www.diarioimagen.net\/index.php?rest_route=%2Fwp%2Fv2%2Fcomments&post=546641"}],"version-history":[{"count":0,"href":"https:\/\/www.diarioimagen.net\/index.php?rest_route=\/wp\/v2\/posts\/546641\/revisions"}],"wp:featuredmedia":[{"embeddable":true,"href":"https:\/\/www.diarioimagen.net\/index.php?rest_route=\/wp\/v2\/media\/546674"}],"wp:attachment":[{"href":"https:\/\/www.diarioimagen.net\/index.php?rest_route=%2Fwp%2Fv2%2Fmedia&parent=546641"}],"wp:term":[{"taxonomy":"category","embeddable":true,"href":"https:\/\/www.diarioimagen.net\/index.php?rest_route=%2Fwp%2Fv2%2Fcategories&post=546641"},{"taxonomy":"post_tag","embeddable":true,"href":"https:\/\/www.diarioimagen.net\/index.php?rest_route=%2Fwp%2Fv2%2Ftags&post=546641"}],"curies":[{"name":"wp","href":"https:\/\/api.w.org\/{rel}","templated":true}]}}