{"id":546660,"date":"2022-05-17T00:04:58","date_gmt":"2022-05-17T05:04:58","guid":{"rendered":"https:\/\/www.diarioimagen.net\/?p=546660"},"modified":"2022-05-17T04:32:27","modified_gmt":"2022-05-17T09:32:27","slug":"dia-del-maestro-educacion-humanista","status":"publish","type":"post","link":"https:\/\/www.diarioimagen.net\/?p=546660","title":{"rendered":"D\u00eda del Maestro, educaci\u00f3n humanista"},"content":{"rendered":"<h2>Desde el portal<\/h2>\n<h5>\u00c1ngel Soriano<\/h5>\n<p>&nbsp;<\/p>\n<p>Una nueva orientaci\u00f3n a la educaci\u00f3n p\u00fablica anunci\u00f3 el presidente Andr\u00e9s Manuel L\u00f3pez Obrador durante el desayuno conmemorativo del D\u00eda del Maestro e indic\u00f3 que antes de formar cient\u00edficos o pr\u00f3speros hombres de negocios, se debe ser humanista, impulsar la fraternidad y la convivencia humanista.<\/p>\n<p>Esto, dado que se ha privilegiado la acumulaci\u00f3n de recursos, el enriquecimiento a costa de lo que sea y pasando por encima de los valores, con el objeto de poseer cada vez m\u00e1s bienes materiales, lo que ha llevado al pa\u00eds a la degradaci\u00f3n y a observar los niveles de violencia irracionales en diversas regiones de la Rep\u00fablica.<\/p>\n<p>Una nueva formaci\u00f3n de ciudadanos basados en la ayuda mutua y en el resaltar los valores originarios m\u00e1s all\u00e1 de las modas, de las marcas y del lujo de los autom\u00f3viles, de las residencias y de las comidas en los restaurantes de post\u00edn, se deben conservar las tradiciones de las culturas de nuestros pueblos.<\/p>\n<p>Cambio de mentalidad, de educaci\u00f3n, es lo que promover\u00e1n los nuevos libros de texto, pero consideramos que, al margen de la nueva orientaci\u00f3n, tambi\u00e9n\u00a0 deber\u00e1 dejarse en libertad al individuo para que ejerza plenamente su vocaci\u00f3n hacia la t\u00e9cnica o la ciencia para contribuir, no con fines b\u00e9licos, pero s\u00ed con fines de avance en la ciencia para el servicio de la comunidad.<\/p>\n<p style=\"text-align: center;\"><strong>Turbulencias<br \/>\nAl margen de ideolog\u00edas, se gobierna para todos<\/strong><\/p>\n<p>El PAN, con af\u00e1n protag\u00f3nico, censur\u00f3 la presencia del gobernador priista Alejandro Murat en el encuentro de gobernadores mayoritariamente morenistas en la visita a la refiner\u00eda de Dos Bocas, donde resalt\u00f3 la presencia de la aspirante presidencial Claudia Sheinbaum, pero deber\u00eda entender la oposici\u00f3n que por encima de pasiones electorales o ideol\u00f3gicas, est\u00e1 el bienestar de la poblaci\u00f3n. El proyecto de clase mundial que se impulsa en la regi\u00f3n el Istmo de Tehuantepec no debe ser encerrado entre s\u00ed se es morenista o priista, se trata de una obra monumental que beneficiar\u00e1 no s\u00f3lo a la regi\u00f3n sureste del pa\u00eds, sino que enlazar\u00e1 a la entidad con el mundo en el tr\u00e1fico internacional de mercanc\u00edas y entrar\u00e1 en el juego geopol\u00edtico mundial. Lamentable que por una visi\u00f3n mezquina de tipo partidista no se sepa la trascendencia internacional de dichas obras\u2026 Sigue rodando la candidatura presidencial del canciller Marcelo Ebrard que se da el lujo de recorrer en bicicleta la avenida Ju\u00e1rez de la CDMX, como de llegar a Washington o a cualquier parte del mundo en su encomienda de la pol\u00edtica exterior del pa\u00eds, muy por encima del resto de los aspirantes que se multiplican. Desde \u201cAlito\u201d Moreno, hasta el l\u00edder senatorial Ricardo Monreal \u00c1vila, que es uno de los m\u00e1s combativos y as\u00ed como suma adeptos, tambi\u00e9n suma opositores. La multiplicaci\u00f3n de candidaturas desde luego no quiere decir que alguno de ellos tenga asegurado su acceso a Palacio Nacional, hay diversas formas de llegar a quien en realidad decidir\u00e1 qui\u00e9n puede continuar su trascendental obra en el pa\u00eds\u2026 Ser\u00e9 breve, dijo el presidente Andr\u00e9s Manuel L\u00f3pez Obrador durante su discurso en la celebraci\u00f3n del D\u00eda del Maestro, no s\u00f3lo por el calor, sino porque hay un desayuno y es la hora del recreo. Y dej\u00f3 de tarea el retorno de las cuentas individuales de las pensiones a maestros que son superadas por las del IMSS y que volver\u00e1n al sistema anterior. Asimismo, elogi\u00f3 que los l\u00edderes sindicales sean electos en elecciones limpias y transparentes -\u201cmejor organizadas que el INE con todo su presupuesto\u201d, indic\u00f3 el dirigente Alfonso Cepeda Salas-, por cierto que la maestra Delfina se le adelant\u00f3 al secretario de Hacienda en el anuncio del incremento salarial de 7.51% a los maestros. \u201cHaiga sido como haiga sido\u201d, los maestros recibir\u00e1n un aumento decoroso y eso fue una buena noticia en su d\u00eda.<\/p>\n<p><u><a href=\"mailto:asorianocarrasco@yahoo.com\" target=\"_blank\" rel=\"noopener noreferrer\"><em>asorianocarrasco@yahoo.com<\/em><\/a><br \/>\n<em><a href=\"https:\/\/revistabrecha.com\" target=\"_blank\" rel=\"noopener noreferrer\">www.revistabrecha.com<\/a><br \/>\n<a href=\"https:\/\/twitter.com\/brecharevista\" target=\"_blank\" rel=\"noopener noreferrer\">@BrechaRevista<\/a><\/em><\/u><\/p>\n","protected":false},"excerpt":{"rendered":"<p><span style=\"color: #005497;\"><strong>\u00c1ngel Soriano<\/strong><\/span><\/p>\n","protected":false},"author":3,"featured_media":0,"comment_status":"open","ping_status":"open","sticky":false,"template":"","format":"standard","meta":{"_monsterinsights_skip_tracking":false,"_monsterinsights_sitenote_active":false,"_monsterinsights_sitenote_note":"","_monsterinsights_sitenote_category":0,"footnotes":""},"categories":[135],"tags":[85,86,43674],"class_list":["post-546660","post","type-post","status-publish","format-standard","hentry","category-angel-soriano-opinion","tag-angel-soriano","tag-desde-el-portal","tag-opinion"],"_links":{"self":[{"href":"https:\/\/www.diarioimagen.net\/index.php?rest_route=\/wp\/v2\/posts\/546660","targetHints":{"allow":["GET"]}}],"collection":[{"href":"https:\/\/www.diarioimagen.net\/index.php?rest_route=\/wp\/v2\/posts"}],"about":[{"href":"https:\/\/www.diarioimagen.net\/index.php?rest_route=\/wp\/v2\/types\/post"}],"author":[{"embeddable":true,"href":"https:\/\/www.diarioimagen.net\/index.php?rest_route=\/wp\/v2\/users\/3"}],"replies":[{"embeddable":true,"href":"https:\/\/www.diarioimagen.net\/index.php?rest_route=%2Fwp%2Fv2%2Fcomments&post=546660"}],"version-history":[{"count":0,"href":"https:\/\/www.diarioimagen.net\/index.php?rest_route=\/wp\/v2\/posts\/546660\/revisions"}],"wp:attachment":[{"href":"https:\/\/www.diarioimagen.net\/index.php?rest_route=%2Fwp%2Fv2%2Fmedia&parent=546660"}],"wp:term":[{"taxonomy":"category","embeddable":true,"href":"https:\/\/www.diarioimagen.net\/index.php?rest_route=%2Fwp%2Fv2%2Fcategories&post=546660"},{"taxonomy":"post_tag","embeddable":true,"href":"https:\/\/www.diarioimagen.net\/index.php?rest_route=%2Fwp%2Fv2%2Ftags&post=546660"}],"curies":[{"name":"wp","href":"https:\/\/api.w.org\/{rel}","templated":true}]}}