{"id":546670,"date":"2022-05-17T00:08:29","date_gmt":"2022-05-17T05:08:29","guid":{"rendered":"https:\/\/www.diarioimagen.net\/?p=546670"},"modified":"2022-05-17T04:36:11","modified_gmt":"2022-05-17T09:36:11","slug":"racismo-armas-y-masacres","status":"publish","type":"post","link":"https:\/\/www.diarioimagen.net\/?p=546670","title":{"rendered":"Racismo, armas y masacres"},"content":{"rendered":"<h2>Punto por punto<\/h2>\n<h5>Augusto Corro<\/h5>\n<p>&nbsp;<\/p>\n<p>El racismo cobra m\u00e1s v\u00edctimas en Estados Unidos. Se trata de un problema que, a simple vista, no tiene soluci\u00f3n. En la masacre del s\u00e1bado pasado, diez personas fueron asesinadas (la mayor\u00eda gente negra) por un desquiciado sujeto de 18 a\u00f1os, en un supermercado de Buffalo, Nueva York.<\/p>\n<p>(El racismo es el odio, rechazo o exclusi\u00f3n de una persona por su raza, color de piel, origen \u00e9tnico o su lengua, que le impide el goce de sus derechos humanos. Es originado por un sentimiento irracional de superioridad de una persona sobre otra).<\/p>\n<p>Y, precisamente, en el pa\u00eds vecino se recrudece el odio de los llamados supremacistas blancos en contra de los afroestadounidenses, jud\u00edos, e inmigrantes de varias etnias. La \u00faltima matanza fue transmitida en tiempo real por el multiasesino, quien se dijo supremacista y fascista.<\/p>\n<p>Al odio racial se suma la facilidad con la que se arman los norteamericanos. Las pistolas, rifles de alto poder y toda clase de armamento est\u00e1 a la mano de cualquier persona, que sin reflexi\u00f3n alguna priva de la vida a las personas.<\/p>\n<p>La falta de control en la venta de armamento favorece a la delincuencia organizada en M\u00e9xico, que tambi\u00e9n lleva a cabo masacres de enemigos. El tr\u00e1fico ilegal de armas hacia nuestro pa\u00eds es un problema permanente que dif\u00edcilmente se erradicar\u00e1.<\/p>\n<p>Los conflictos derivados del tr\u00e1fico ilegal de armas y drogas tienen a M\u00e9xico y a EU en una permanente espiral de violencia, que se agudiza cada d\u00eda, no s\u00f3lo por problemas raciales, sino tambi\u00e9n por la lucha de los c\u00e1rteles de la droga que pelean el dominio territorial.<\/p>\n<p>En fin, parece que a EU le interesa mucho evitar que cualquier estadounidense tenga la posibilidad de armarse. Se trata de una libertad mal entendida que no s\u00f3lo propicia la muerte en la poblaci\u00f3n vecina, por el uso indiscriminado de pistolas, rifles de alto poder, etc., sino que tambi\u00e9n sirve para darle poder a la delincuencia organizada.<\/p>\n<p>Total, el fin de semana fue violento en EU, pues se registraron 14 asesinatos y m\u00e1s de una decena de heridos en cuatro balaceras.<\/p>\n<p>Por su parte, el secretario general de la ONU, Ant\u00f3nio Guterres, hizo un llamado el domingo para que haya m\u00e1s armon\u00eda en Estados Unidos tras la muerte el s\u00e1bado de 10 personas, en un tiroteo racista en Buffalo, Nueva York.<\/p>\n<p>El funcionario se mostr\u00f3 consternado por este \u201cvil acto de extremismo violento racista\u201d. Adem\u00e1s, conden\u00f3 en los t\u00e9rminos m\u00e1s en\u00e9rgicos el racismo en todas sus formas y la discriminaci\u00f3n basada en la raza, la religi\u00f3n, las creencias o el origen nacional\u201d.<\/p>\n<p>Finalmente, dijo que todos debemos trabajar juntos para construir sociedades m\u00e1s pac\u00edficas e inclusivas.<\/p>\n<p style=\"text-align: center;\"><strong>Precandidatos presidenciales<\/strong><\/p>\n<p>Una vez que el presidente L\u00f3pez Obrador dio a conocer los precandidatos presidenciales de Morena, estos decidieron iniciar sus campa\u00f1as pol\u00edticas. Los fines de semana buscan la forma de estar presentes en cualquier acto pol\u00edtico.<\/p>\n<p>Por ejemplo, los aspirantes presidenciales aprovecharon los actos de campa\u00f1a de los candidatos a gobiernos estatales: Marcelo Ebrard estuvo en Durango y Tamaulipas; Claudia Sheinbaum estuvo con los gobernadores de Oaxaca, Alejandro Murat; y de Campeche, Layda Sansores, en la refiner\u00eda en construcci\u00f3n de Dos Bocas, en Tabasco.<\/p>\n<p>El l\u00edder del Senado, Ricardo Monreal, estuvo en Quintana Roo, para apoyar a la candidata morenista Mara Lezama. Los precandidatos escucharon el grito de \u00a1presidente, presidente!<\/p>\n<p>Como se ve, en el partido Movimiento Regeneraci\u00f3n Nacional (Morena) optaron por adelantar los actos de precampa\u00f1a presidencial, con un n\u00famero suficiente de aspirantes a la contienda electoral presidencial.<\/p>\n<p>Ser\u00e1 interesante saber c\u00f3mo quedar\u00e1n las tribus morenistas, una vez que se designe al precandidato oficialmente. Para empezar, ya se cre\u00f3 el Consorcio 4T con el fin de impulsar al pr\u00f3ximo candidato de Morena para 2024.<\/p>\n<p>\u00bfUsted qu\u00e9 opina amable lector?<\/p>\n<p><a href=\"mailto:aco2742@hotmail.com\" target=\"_blank\" rel=\"noopener noreferrer\"><em>aco2742@hotmail.com<\/em><\/a><\/p>\n","protected":false},"excerpt":{"rendered":"<p><span style=\"color: #005497;\"><strong>Augusto Corro<\/strong><\/span><\/p>\n","protected":false},"author":3,"featured_media":0,"comment_status":"open","ping_status":"open","sticky":false,"template":"","format":"standard","meta":{"_monsterinsights_skip_tracking":false,"_monsterinsights_sitenote_active":false,"_monsterinsights_sitenote_note":"","_monsterinsights_sitenote_category":0,"footnotes":""},"categories":[157],"tags":[43686,43674,11515],"class_list":["post-546670","post","type-post","status-publish","format-standard","hentry","category-augusto-corro","tag-augusto-corro","tag-opinion","tag-punto-por-punto"],"_links":{"self":[{"href":"https:\/\/www.diarioimagen.net\/index.php?rest_route=\/wp\/v2\/posts\/546670","targetHints":{"allow":["GET"]}}],"collection":[{"href":"https:\/\/www.diarioimagen.net\/index.php?rest_route=\/wp\/v2\/posts"}],"about":[{"href":"https:\/\/www.diarioimagen.net\/index.php?rest_route=\/wp\/v2\/types\/post"}],"author":[{"embeddable":true,"href":"https:\/\/www.diarioimagen.net\/index.php?rest_route=\/wp\/v2\/users\/3"}],"replies":[{"embeddable":true,"href":"https:\/\/www.diarioimagen.net\/index.php?rest_route=%2Fwp%2Fv2%2Fcomments&post=546670"}],"version-history":[{"count":0,"href":"https:\/\/www.diarioimagen.net\/index.php?rest_route=\/wp\/v2\/posts\/546670\/revisions"}],"wp:attachment":[{"href":"https:\/\/www.diarioimagen.net\/index.php?rest_route=%2Fwp%2Fv2%2Fmedia&parent=546670"}],"wp:term":[{"taxonomy":"category","embeddable":true,"href":"https:\/\/www.diarioimagen.net\/index.php?rest_route=%2Fwp%2Fv2%2Fcategories&post=546670"},{"taxonomy":"post_tag","embeddable":true,"href":"https:\/\/www.diarioimagen.net\/index.php?rest_route=%2Fwp%2Fv2%2Ftags&post=546670"}],"curies":[{"name":"wp","href":"https:\/\/api.w.org\/{rel}","templated":true}]}}