{"id":546681,"date":"2022-05-17T00:01:14","date_gmt":"2022-05-17T05:01:14","guid":{"rendered":"https:\/\/www.diarioimagen.net\/?p=546681"},"modified":"2022-05-17T04:39:49","modified_gmt":"2022-05-17T09:39:49","slug":"cubanos-grillos","status":"publish","type":"post","link":"https:\/\/www.diarioimagen.net\/?p=546681","title":{"rendered":"Cubanos \u201cgrillos\u201d"},"content":{"rendered":"<h2>Precios y desprecios<\/h2>\n<h5>Freddy S\u00e1nchez<\/h5>\n<p>&nbsp;<\/p>\n<p>A qu\u00e9 llegan a M\u00e9xico quinientos m\u00e9dicos cubanos: A ayudar o a \u201cgrillar\u201d.<\/p>\n<p>Lo segundo es lo que algunos piensan, incitados por la idea de que son enviados por el gobierno de Cuba como parte de un grupo controlado y no independiente que viene a cumplir las \u00f3rdenes que en la isla les hayan dado.<\/p>\n<p>Por la misma raz\u00f3n, hay quienes los catalogan como agentes con una misi\u00f3n espec\u00edfica que supuestamente ser\u00eda la de \u201ccatequizar\u201d a m\u00e9dicos y habitantes de los lugares del pa\u00eds a donde se les mande a proporcionar sus servicios de apoyo.<\/p>\n<p>En ese contexto, existe la suposici\u00f3n de que se les usa tambi\u00e9n como pretexto para financiar actividades de la dictadura cubana, con dinero de M\u00e9xico, bajo el disfraz de que se pagar\u00e1 por los servicios de los m\u00e9dicos enviados de la isla caribe\u00f1a cuando que a decir de los cr\u00edticos de esta contrataci\u00f3n la mayor parte de dicho pago ir\u00e1 a parar a las arcas de gobierno cubano.<\/p>\n<p>Claro que entre lo que se piensa y se dice y lo que se puede probar hay un trecho.<\/p>\n<p>Ahora que en relaci\u00f3n con la tarea de que vienen al pa\u00eds a dar \u00fanicamente apoyo m\u00e9dico a los servicios institucionales, algunos piensan que eso que se afirma sobre la presencia de galenos cubanos, no es cre\u00edble ni m\u00ednimamente.<\/p>\n<p>De ah\u00ed entonces que vale la pena mencionar lo dicho por un catedr\u00e1tico de la UNAM, al respecto de los visitantes.<\/p>\n<p>Y es que en una entrevista con el colega Leonardo Curzio de Radio F\u00f3rmula el entrevistado asegur\u00f3 que la justificaci\u00f3n dada por el presidente Andr\u00e9s Manuel L\u00f3pez Obrador, en relaci\u00f3n a que en M\u00e9xico hay un d\u00e9ficit de profesionistas de la medicina, es cierto.<\/p>\n<p>Pero, al mismo tiempo declar\u00f3 que los quinientos galenos que vienen de Cuba no servir\u00e1n de nada para remediar las deficiencias en el sector mexicano de la salud, puesto que su problema se debe a falta de recursos para impulsar el desarrollo en el campo de la medicina institucional.<\/p>\n<p>En su exposici\u00f3n, se\u00f1al\u00f3 que mientras en nuestro pa\u00eds se dedica solamente el dos por ciento del Producto Interno Bruto para apoyar el desarrollo de las actividades m\u00e9dicas del gobierno, en otras naciones cuentan con un respaldo del cuatro y hasta ocho por ciento.<\/p>\n<p>El entrevistado manifest\u00f3 lo que a su juicio ha sido una deficiencia en la planificaci\u00f3n de las profesiones requeridas a futuro entre los m\u00e9dicos, poniendo de ejemplo la geriatr\u00eda que ser\u00e1 ampliamente solicitada en las pr\u00f3ximas d\u00e9cadas y no existe un plan de preparaci\u00f3n de doctores en esa especialidad.<\/p>\n<p>En lo relativo a los sueldos que se pagan actualmente a los m\u00e9dicos institucionales, asegur\u00f3 que est\u00e1n mal pagados y muy por debajo de lo que ganan profesionistas como ellos en otros pa\u00edses.<\/p>\n<p>En consonancia con lo expuesto por el catedr\u00e1tico de la UNAM podr\u00eda llegarse a la conclusi\u00f3n de que efectivamente los quinientos m\u00e9dicos cubanos que ser\u00edan contratados por el gobierno de M\u00e9xico, poco o nada contribuir\u00e1n a subsanar las deficiencias de fondo que padece el sector oficial de la medicina.<\/p>\n<p>Sin querer, entonces, pensar en una doble intenci\u00f3n para traer a los galenos cubanos al pa\u00eds, es de imaginarse que m\u00e1s que un af\u00e1n de fortalecer al sector salud con su presencia, de lo que se trata de es de la posibilidad de estar \u201cfraternizando\u201d con el gobierno cubano con el \u00e1nimo de alentar las buenas relaciones entre los gobiernos de ambos pa\u00edses.<\/p>\n<p>Y l\u00f3gicamente ir m\u00e1s all\u00e1 en las suposiciones y se\u00f1alar que AMLO act\u00faa como financiador de la dictadura cubana y contratante de m\u00e9dicos que vienen a meter ideas \u201ccomunistoides\u201d en la cabeza de doctores mexicanos y gente con la que traten durante su estancia en el pa\u00eds, si bien no se antoja dif\u00edcil de creer hasta ahora nadie ha probado que los que llegan son cubanos \u201cgrillos\u201d.<\/p>\n<p><em><a href=\"mailto:serviciospremier_vip@hotmail.com\" target=\"_blank\" rel=\"noopener noreferrer\">serviciospremier_vip@hotmail.com<\/a><\/em><\/p>\n","protected":false},"excerpt":{"rendered":"<p><span style=\"color: #005497;\"><strong>Freddy S\u00e1nchez<\/strong><\/span><\/p>\n","protected":false},"author":3,"featured_media":0,"comment_status":"open","ping_status":"open","sticky":false,"template":"","format":"standard","meta":{"_monsterinsights_skip_tracking":false,"_monsterinsights_sitenote_active":false,"_monsterinsights_sitenote_note":"","_monsterinsights_sitenote_category":0,"footnotes":""},"categories":[22959],"tags":[43710,43674,22960],"class_list":["post-546681","post","type-post","status-publish","format-standard","hentry","category-freddy-sanchez","tag-freddy-sanchez","tag-opinion","tag-precios-y-desprecios"],"_links":{"self":[{"href":"https:\/\/www.diarioimagen.net\/index.php?rest_route=\/wp\/v2\/posts\/546681","targetHints":{"allow":["GET"]}}],"collection":[{"href":"https:\/\/www.diarioimagen.net\/index.php?rest_route=\/wp\/v2\/posts"}],"about":[{"href":"https:\/\/www.diarioimagen.net\/index.php?rest_route=\/wp\/v2\/types\/post"}],"author":[{"embeddable":true,"href":"https:\/\/www.diarioimagen.net\/index.php?rest_route=\/wp\/v2\/users\/3"}],"replies":[{"embeddable":true,"href":"https:\/\/www.diarioimagen.net\/index.php?rest_route=%2Fwp%2Fv2%2Fcomments&post=546681"}],"version-history":[{"count":0,"href":"https:\/\/www.diarioimagen.net\/index.php?rest_route=\/wp\/v2\/posts\/546681\/revisions"}],"wp:attachment":[{"href":"https:\/\/www.diarioimagen.net\/index.php?rest_route=%2Fwp%2Fv2%2Fmedia&parent=546681"}],"wp:term":[{"taxonomy":"category","embeddable":true,"href":"https:\/\/www.diarioimagen.net\/index.php?rest_route=%2Fwp%2Fv2%2Fcategories&post=546681"},{"taxonomy":"post_tag","embeddable":true,"href":"https:\/\/www.diarioimagen.net\/index.php?rest_route=%2Fwp%2Fv2%2Ftags&post=546681"}],"curies":[{"name":"wp","href":"https:\/\/api.w.org\/{rel}","templated":true}]}}