{"id":546683,"date":"2022-05-17T00:17:24","date_gmt":"2022-05-17T05:17:24","guid":{"rendered":"https:\/\/www.diarioimagen.net\/?p=546683"},"modified":"2022-05-24T01:47:35","modified_gmt":"2022-05-24T06:47:35","slug":"alianzas-criminales-y-el-ejercito","status":"publish","type":"post","link":"https:\/\/www.diarioimagen.net\/?p=546683","title":{"rendered":"Alianzas criminales y el Ej\u00e9rcito"},"content":{"rendered":"<h2>Caleidoscopio<\/h2>\n<h5>Guillermina G\u00f3mora Ord\u00f3\u00f1ez<\/h5>\n<p>&nbsp;<\/p>\n<p>El Estado mexicano registra un foco rojo de dimensiones a\u00fan no calculadas. El desaf\u00edo del crimen organizado a las fuerzas militares, perseguidas a plena luz del d\u00eda en Nueva Italia, Michoac\u00e1n, es un signo de ingobernabilidad que evidencia la incapacidad de los tres niveles de gobierno para aplicar y hacer respetar la ley.<\/p>\n<p>No es la primera vez que humillan al <strong>Ej\u00e9rcito mexicano<\/strong> en lo que va del sexenio. Los soldados se han convertido en moneda de cambio en diferentes estados de la Rep\u00fablica o simplemente son blanco de agresiones por parte de civiles sin que las afrentas sean contestadas. Tienen prohibido por \u00f3rdenes superiores, responder.<\/p>\n<p>Las razones de las afrentas van desde el decomiso de armas en Michoac\u00e1n, combate al huachicoleo en Hidalgo o por instalar retenes en diversos estados del pa\u00eds. En Guerrero, Los militares son retenidos o expulsados a palos de las comunidades donde se siembra la amapola. En 2019, los habitantes de la sierra los utilizaron como rehenes a cambio de fertilizantes.<\/p>\n<p>En las p\u00e1ginas negras de la historia reciente en las fuerzas armadas, a\u00fan no cierra la herida del \u201cculiacanazo\u201d, la batalla que gan\u00f3 el crimen organizado a las fuerzas federales de la <strong><em>#4Transformaci\u00f3n<\/em><\/strong> en 2020, por el intento de captura de <strong>Ovidio Guzm\u00e1n<\/strong>, hijo del \u201cChapo\u201d, que al final del operativo fue liberado.<\/p>\n<p>Los ataques en contra de elementos del <strong>Ej\u00e9rcito mexicano<\/strong>, no son una simple agresi\u00f3n a una de las instituciones m\u00e1s respetadas por los ciudadanos, se atac\u00f3 al Estado mexicano en su conjunto. El mensaje del crimen organizado a la sociedad es claro: \u201cimponer su ley\u201d para continuar con sus actividades delictivas.<\/p>\n<p>Sin embargo, el <strong>presidente Andr\u00e9s Manuel L\u00f3pez Obrador<\/strong> afirma que el video de la persecuci\u00f3n al convoy militar en Michoac\u00e1n se us\u00f3 con fines pol\u00edticos para demostrar que las autoridades se han visto rebasadas por los grupos criminales: \u201cEso se us\u00f3 para decir: \u00bfEn qu\u00e9 pa\u00eds vivimos? Hablando de que no hab\u00eda autoridad, de que c\u00f3mo se humillaba as\u00ed al ej\u00e9rcito\u201d.<\/p>\n<p>Seg\u00fan L\u00f3pez Obrador, los militares respetaron el ideal \u201chumanista\u201d de su administraci\u00f3n la cual, dijo, vela por la seguridad de los oficiales, as\u00ed como de los integrantes de las bandas: \u201cSon seres humanos. Es una pol\u00edtica distinta\u201d<\/p>\n<p>En efecto, una pol\u00edtica diferente donde civiles y militares sobrevivimos cada d\u00eda en un estado de indefensi\u00f3n. Los criminales en sus diversas facetas se han apoderado del pa\u00eds. Pareciera que las autoridades en los tres niveles de gobierno, aplican la estrategia de administrar la criminalidad de quienes los impusieron en el cargo, olvidando su deber de garantizar seguridad a los ciudadanos.<\/p>\n<p>As\u00ed lo confirm\u00f3 <strong>@AdrianLebaron<\/strong> en un tuit el 13 de mayo: \u201cDijo @lopezobrador_ que cuidaban la vida de los delincuentes porque \u201cson seres humanos\u201d. Se\u00f1or, el que mutila, viola, descuartiza, asesina a mujeres y ni\u00f1os, quema pueblos enteros, etc, ya perdi\u00f3 todo rastro de \u201chumanidad\u201d. Usted se va en dos a\u00f1os, no nos deje un pa\u00eds impune.\u201d<\/p>\n<p>El pasado fin de semana se registraron 184 homicidios dolosos, de los cuales 105 se cometieron el 15 de mayo, ubicando \u00e9ste d\u00eda como el m\u00e1s violento del a\u00f1o, de acuerdo con el reporte diario del gabinete de seguridad federal. La primera quincena de mayo suma mil 226 asesinatos.<\/p>\n<p>Y ni c\u00f3mo rebatir estos datos, basta con revisar la prensa local de las entidades referidas para confirmar lo manifestado por la gente que se debate entre el miedo, el coraje y la impotencia ante el avance de los grupos delincuenciales que imponen la ley del miedo a la sociedad en colusi\u00f3n con autoridades y cuerpos policiacos.<\/p>\n<p>\u00bfSus efectos? Los vemos o los padecemos todos los d\u00edas, secuestros, extorsiones, muertos, desaparecidos, levantados y desplazados, estos \u00faltimos en aumento con un peligroso efecto socioecon\u00f3mico que no se ha dimensionado y muchos menos atendido.<\/p>\n<p>Combatir el avance de la ley del miedo, demanda aplicar el Estado de derecho formado por dos componentes: el Estado, como forma de organizaci\u00f3n pol\u00edtica y el derecho como conjunto de las normas que rigen el funcionamiento de una sociedad.<\/p>\n<p>Bien har\u00eda el nuevo gobierno en meditar sobre los alcances de negociar con estos grupos armados. El hartazgo social registra niveles preocupantes y no es momento de compartir el poder y el control de la seguridad, que es potestad del Estado.<\/p>\n<p style=\"text-align: center;\"><strong>VERICUENTOS<\/strong><\/p>\n<p style=\"text-align: center;\"><strong>Pasarela morenista 2024<\/strong><\/p>\n<p>Los suspirantes presidenciales de Morena, se placearon en las diferentes campa\u00f1as a gobernador que hay en el pa\u00eds. El <strong>senador Ricardo Monreal,<\/strong> fue a Canc\u00fan, Quintana Roo y se dej\u00f3 querer al grito de \u00a1Presidente! \u00a1Presidente! El zacatecano, se dice candidato independiente de las llamadas \u201cCorcholatas\u201d del inquilino de Palacio: <strong>Marcelo Ebrard<\/strong>, <strong>Claudia Sheinbaum<\/strong>, lastimadas por el accidente de la L\u00ednea 12 del Metro y, \u201cel tercero en discordia\u201d, Ad\u00e1n Augusto L\u00f3pez. <strong>\u00a1\u00d3rale!<\/strong><\/p>\n<p style=\"text-align: center;\"><strong>Provocaci\u00f3n de la CNTE<\/strong><\/p>\n<p>Fieles a su ADN, integrantes de la Secci\u00f3n 18 de la CNTE instalaron un campamento frente a la <strong>Secretar\u00eda de Educaci\u00f3n P\u00fablica<\/strong>. Exigen el pago de mil 200 profesores y la soluci\u00f3n a los problemas administrativos que no ha resuelto -dicen-\u00a0 el gobierno de Michoac\u00e1n. Su l\u00edder, <strong>Gamaliel Guzm\u00e1n<\/strong>, afirm\u00f3 que a\u00fan hay profesores cesados como resultado de la reforma educativa y que este problema no ha sido atendido por las autoridades. <strong>\u00a1Aguas!<\/strong><\/p>\n<p><a href=\"https:\/\/twitter.com\/guillegomora?lang=es\" target=\"_blank\" rel=\"noopener\"><em>@guillegomora<\/em><\/a><\/p>\n","protected":false},"excerpt":{"rendered":"<p><span style=\"color: #005497;\"><strong>Guillermina G\u00f3mora Ord\u00f3\u00f1ez<\/strong><\/span<\/span><\/p>\n","protected":false},"author":3,"featured_media":0,"comment_status":"open","ping_status":"open","sticky":false,"template":"","format":"standard","meta":{"_monsterinsights_skip_tracking":false,"_monsterinsights_sitenote_active":false,"_monsterinsights_sitenote_note":"","_monsterinsights_sitenote_category":0,"footnotes":""},"categories":[58361],"tags":[58362,58363,43674],"class_list":["post-546683","post","type-post","status-publish","format-standard","hentry","category-guillermina-gomora-ordonez","tag-caleidoscopio","tag-guillermina-gomora-ordonez","tag-opinion"],"_links":{"self":[{"href":"https:\/\/www.diarioimagen.net\/index.php?rest_route=\/wp\/v2\/posts\/546683","targetHints":{"allow":["GET"]}}],"collection":[{"href":"https:\/\/www.diarioimagen.net\/index.php?rest_route=\/wp\/v2\/posts"}],"about":[{"href":"https:\/\/www.diarioimagen.net\/index.php?rest_route=\/wp\/v2\/types\/post"}],"author":[{"embeddable":true,"href":"https:\/\/www.diarioimagen.net\/index.php?rest_route=\/wp\/v2\/users\/3"}],"replies":[{"embeddable":true,"href":"https:\/\/www.diarioimagen.net\/index.php?rest_route=%2Fwp%2Fv2%2Fcomments&post=546683"}],"version-history":[{"count":0,"href":"https:\/\/www.diarioimagen.net\/index.php?rest_route=\/wp\/v2\/posts\/546683\/revisions"}],"wp:attachment":[{"href":"https:\/\/www.diarioimagen.net\/index.php?rest_route=%2Fwp%2Fv2%2Fmedia&parent=546683"}],"wp:term":[{"taxonomy":"category","embeddable":true,"href":"https:\/\/www.diarioimagen.net\/index.php?rest_route=%2Fwp%2Fv2%2Fcategories&post=546683"},{"taxonomy":"post_tag","embeddable":true,"href":"https:\/\/www.diarioimagen.net\/index.php?rest_route=%2Fwp%2Fv2%2Ftags&post=546683"}],"curies":[{"name":"wp","href":"https:\/\/api.w.org\/{rel}","templated":true}]}}