{"id":546687,"date":"2022-05-17T00:06:52","date_gmt":"2022-05-17T05:06:52","guid":{"rendered":"https:\/\/www.diarioimagen.net\/?p=546687"},"modified":"2022-05-17T04:43:29","modified_gmt":"2022-05-17T09:43:29","slug":"en-la-cumbre-solo-democratas","status":"publish","type":"post","link":"https:\/\/www.diarioimagen.net\/?p=546687","title":{"rendered":"En la cumbre, s\u00f3lo dem\u00f3cratas"},"content":{"rendered":"<h2>As\u00ed las cosas&#8230;<\/h2>\n<h5>Humberto Mares N.<\/h5>\n<p>&nbsp;<\/p>\n<p>Pareciera que M\u00e9xico les hace el trabajo sucio a los tiranos de Am\u00e9rica Latina. El hecho que AMLO haya decidido condicionar su asistencia a la Cumbre de las Am\u00e9ricas, en los \u00c1ngeles California, y que varias naciones se hayan unido a la exigencia de invitar a todos, pareciera que M\u00e9xico est\u00e1 haciendo el trabajo sucio a los tiranos del continente, sobre todo luego de su gira por pa\u00edses de Centroam\u00e9rica.<\/p>\n<p>Y si bien es cierto que la relaci\u00f3n entre los Estados Unidos y M\u00e9xico se encuentra en un momento bueno de respeto mutuo, tambi\u00e9n es cierto existe en la agenda temas cruciales para ambos pa\u00edses, como es la migraci\u00f3n y seguridad ligadas \u00edntimamente, en este momento que Joe Biden hace un esfuerzo por recuperar el liderazgo de los Estados Unidos en el continente y convoca a los pa\u00edses del continente a sentarse a la mesa y su principal aliado y socio comercial le condiciona, pues eso en diplomacia no es bien visto.<\/p>\n<p>Es cierto que ambos pa\u00edses son libres y soberanos, sin duda, pero al ser M\u00e9xico el principal socio de los EU, los norteamericanos esperan el apoyo total e incondicional del pa\u00eds como socio principal y vecino amigo, como durante a\u00f1os ha sucedido.<\/p>\n<p>Tal vez esto se toma como una actitud de supremac\u00eda por parte de nuestros vecinos o lo que es peor actitud de servil de los mexicanos, pero no es as\u00ed, hoy en d\u00eda es hacer equipo para un mismo fin, cosa que es m\u00e1s que claro que AMLO no piensa as\u00ed, sino por el contrario, hace equipo con sus amigos tiranos de Cuba, Venezuela y Nicaragua. Esto se ve como un boicot ante el mundo.<\/p>\n<p>A pregunta expresa sobre esto, AMLO contest\u00f3 que no, no es as\u00ed, no es un boicot, hay una relaci\u00f3n respetuosa a partir de la igualdad. A diferencia de las dictaduras, la democracia significa pluralidad, no es pensamiento \u00fanico, es poder discernir, no estar de acuerdo en todo, dijo AMLO.<\/p>\n<p>Sin duda eso es democracia, como sucede en nuestro pa\u00eds y en los EU, y ese es el motivo por el cual Joe Biden no quiere invitar a los dictadores de Cuba, Venezuela y Nicaragua, porque en esos pa\u00edses no respetan la democracia y es requisito indispensable para asistir, ser un pa\u00eds dem\u00f3crata, y es donde se cruzan los cables porque al parecer los mandatarios\u00a0 no lo entienden.<\/p>\n<p>Es oportuno mencionar que las primeras seis Cumbres de las Am\u00e9ricas efectuadas, Cuba no fue invitada y a iniciativa del presidente Obama fue incluida en las \u00faltimas dos efectuadas en Panam\u00e1 y Per\u00fa, ya que Trump simplemente ignor\u00f3 las cumbres y a los pa\u00edses de Am\u00e9rica Latina y el Caribe.<\/p>\n<p>Podemos estar de acuerdo o no en algunas situaciones de pol\u00edticas de pa\u00edses del continente pero el hecho de que a iniciativa de un comentario de AMLO lo secunden Bolivia, Argentina, Honduras, Ecuador y Brasil suena o se ve como \u201cboicot\u201d quieran o no.<\/p>\n<p>Pareciera que\u00a0 AMLO pretende ser l\u00edder de la zona sobre todo de Centroam\u00e9rica y tan es as\u00ed que firma convenios a modo, que poco benefician a nuestro pa\u00eds, pero s\u00ed lo hace a los pa\u00edses centroamericanos, como lo hizo Luis Echeverr\u00eda, cuando llamo a la zona pa\u00edses del \u201ctercer mundo\u201d. Un ejemplo de ello es el convenio para traer m\u00e9dicos cubanos por segunda ocasi\u00f3n, la ayuda econ\u00f3mica a El Salvador.<\/p>\n<p>Tal vez la nueva visi\u00f3n de la democracia en el continente sea necesario incluir a pa\u00edses gobernados por tiranos y en ese tono el canciller Marcelo Ebrard, ha puntualizado que s\u00ed los EU desea una nueva era diplom\u00e1tica en las relaciones con Am\u00e9rica Latina y el Caribe, como ha planteado el presidente Joe Biden desde que lleg\u00f3 a la Casa Blanca,\u00a0 no se puede excluir a nadie.<\/p>\n<p>Sin embargo el jefe de la diplomacia estadounidense para el continente americano, Brian Nichols, dijo que el respeto a la democracia es \u201ccondici\u00f3n\u201d para participar en la Cumbre de las Am\u00e9ricas, luego de que los presidentes de M\u00e9xico, AMLO; y Bolivia, Luis Alberto Arce, supeditaron su asistencia, aunque la prensa internacional en pa\u00edses de la zona y estadounidenses calificaron como \u201cboicot\u201d, incluso como \u201cextorsi\u00f3n\u201d el amago y consideran a M\u00e9xico como un mediador de los \u201cexcluidos\u201d ante Washington.<\/p>\n<p style=\"text-align: center;\"><strong>Lo dicho en Palacio<\/strong><\/p>\n<p>El Presidente AMLO reitera su pol\u00edtica de \u201cabrazos no balazos\u201d y ahora su declaraci\u00f3n desde su p\u00falpito ma\u00f1anero que caus\u00f3 euforia, enojo y reclamos: \u201cCuidamos a integrantes de las bandas, son humanos\u201d y justific\u00f3 la posici\u00f3n del ej\u00e9rcito en Michoac\u00e1n, luego de los videos que se volvieron virales en redes, donde persiguen al Ej\u00e9rcito un grupo de delincuentes. El Presidente reconoci\u00f3 la actitud \u201cresponsable\u201d de los soldados que aparecieron en el video en el que presuntos criminales los persegu\u00edan, porque no cayeron en \u201cprovocaciones\u201d.<\/p>\n<p>Esto no s\u00f3lo fue criticado sino que es una situaci\u00f3n que no deja bien parado al ej\u00e9rcito, que es la instituci\u00f3n m\u00e1s respetada en nuestro pa\u00eds, y que ha sido utilizada para seguridad p\u00fablica, que no le corresponde y ahora la limitan para enfrentar a los delincuentes, que es responsabilidad de la autoridad civil en los tres niveles de gobierno. Esta situaci\u00f3n no le da buena imagen al ej\u00e9rcito y las fuerzas armadas. El Estado mexicano debe cuidar a los ciudadanos, no a los delincuentes. Es una pena. As\u00ed las cosas, hasta pronto. Use cubrebocas.<\/p>\n<p><a href=\"mailto:hmares21@gmail.com\" target=\"_blank\" rel=\"noopener noreferrer\"><em>mares21@gmail.com<\/em><\/a><\/p>\n","protected":false},"excerpt":{"rendered":"<p><span style=\"color: #005497;\"><strong>Humberto Mares N.<\/strong><\/span><\/p>\n","protected":false},"author":3,"featured_media":0,"comment_status":"open","ping_status":"open","sticky":false,"template":"","format":"standard","meta":{"_monsterinsights_skip_tracking":false,"_monsterinsights_sitenote_active":false,"_monsterinsights_sitenote_note":"","_monsterinsights_sitenote_category":0,"footnotes":""},"categories":[15043],"tags":[92044,92045,43674],"class_list":["post-546687","post","type-post","status-publish","format-standard","hentry","category-humberto-mares-n","tag-asi-las-cosas","tag-humberto-mares-n","tag-opinion"],"_links":{"self":[{"href":"https:\/\/www.diarioimagen.net\/index.php?rest_route=\/wp\/v2\/posts\/546687","targetHints":{"allow":["GET"]}}],"collection":[{"href":"https:\/\/www.diarioimagen.net\/index.php?rest_route=\/wp\/v2\/posts"}],"about":[{"href":"https:\/\/www.diarioimagen.net\/index.php?rest_route=\/wp\/v2\/types\/post"}],"author":[{"embeddable":true,"href":"https:\/\/www.diarioimagen.net\/index.php?rest_route=\/wp\/v2\/users\/3"}],"replies":[{"embeddable":true,"href":"https:\/\/www.diarioimagen.net\/index.php?rest_route=%2Fwp%2Fv2%2Fcomments&post=546687"}],"version-history":[{"count":0,"href":"https:\/\/www.diarioimagen.net\/index.php?rest_route=\/wp\/v2\/posts\/546687\/revisions"}],"wp:attachment":[{"href":"https:\/\/www.diarioimagen.net\/index.php?rest_route=%2Fwp%2Fv2%2Fmedia&parent=546687"}],"wp:term":[{"taxonomy":"category","embeddable":true,"href":"https:\/\/www.diarioimagen.net\/index.php?rest_route=%2Fwp%2Fv2%2Fcategories&post=546687"},{"taxonomy":"post_tag","embeddable":true,"href":"https:\/\/www.diarioimagen.net\/index.php?rest_route=%2Fwp%2Fv2%2Ftags&post=546687"}],"curies":[{"name":"wp","href":"https:\/\/api.w.org\/{rel}","templated":true}]}}