{"id":546700,"date":"2022-05-17T00:12:03","date_gmt":"2022-05-17T05:12:03","guid":{"rendered":"https:\/\/www.diarioimagen.net\/?p=546700"},"modified":"2022-05-17T04:52:07","modified_gmt":"2022-05-17T09:52:07","slug":"debe-ahora-la-dea-certificar-las-elecciones-en-mexico-en-lugar-del-ine","status":"publish","type":"post","link":"https:\/\/www.diarioimagen.net\/?p=546700","title":{"rendered":"\u00bfDebe ahora la DEA certificar las elecciones en M\u00e9xico, en lugar del INE?"},"content":{"rendered":"<h2>Tras la puerta del poder<\/h2>\n<h5>Roberto Vizca\u00edno<\/h5>\n<p>&nbsp;<\/p>\n<p>De acuerdo a los hechos, dice el l\u00edder nacional del PAN, <strong>Marko Cort\u00e9s<\/strong>, es ya de tal nivel que el involucramiento del <em>narco<\/em> y la delincuencia organizada en los procesos electorales de M\u00e9xico en favor de los candidatos de Morena, que ya no sirve de nada denunciarlos ante el INE o la Fiscal\u00eda de Delitos Electorales, sino acudir a otras instancias.<\/p>\n<p>\u00bf<strong><em>Como la DEA<\/em><\/strong>?<\/p>\n<p>Esta agencia y el general <strong>Glen Van Herk<\/strong>, jefe del Comando Norte de EU, recuerda <strong>Cort\u00e9s<\/strong>, afirman que entre el 30 y el 35 por ciento del territorio mexicano es controlado ya por el <em>narco<\/em> y el crimen organizado ante la inacci\u00f3n o acuerdo del Gobierno de <strong>Andr\u00e9s Manuel L\u00f3pez Obrador<\/strong>.<\/p>\n<p>Por eso, y por el involucramiento del <em>narco<\/em> y la delincuencia organizada en los comicios de 2021, \u00e9l y los dirigentes del PRI, <strong>Alejandro Moreno, y Jes\u00fas Zambrano,<\/strong> del PRD, fueron a Washington a documentar estos hechos.<\/p>\n<p>Bueno, hasta <strong>William Barr<\/strong>, el exprocurador de <strong>Donald Trump<\/strong>, el republicano amigo de <strong>Andr\u00e9s Manuel<\/strong>, asegura que <strong>AMLO<\/strong> ya perdi\u00f3 el control del pa\u00eds frente al narco.<\/p>\n<p>\u201cEl narcotr\u00e1fico tiene un ej\u00e9rcito paramilitar con el que controla el territorio mexicano\u201d, comenta <strong>Barr,<\/strong> a quien lo quiera escuchar y pone como ejemplo irrefutable el \u201c<strong><em>culiacanazo<\/em><\/strong>\u201d, donde <strong>L\u00f3pez Obrador<\/strong> mismo ha reconocido desde Palacio Nacional que el dio la orden de soltar a <strong>Ovidio Guzm\u00e1n<\/strong>.<\/p>\n<p>En 2021, el <em>narco<\/em> intervino en favor de los candidatos de Morena en los procesos de Sinaloa, Sonora y Michoac\u00e1n y hasta se document\u00f3 que secuestr\u00f3 y retuvo durante 3 d\u00edas a unos 150 dirigentes y representantes de partidos en Sinaloa hasta que se dictamin\u00f3 el triunfo de los morenistas.<\/p>\n<p>S\u00f3lo el senador priista <strong>Mario Zamora<\/strong>, candidato a Gobernador, se atrevi\u00f3 a denunciarlo ante autoridades electorales locales, las cuales nunca hicieron nada.<\/p>\n<p>En ese proceso de Sinaloa donde el <em>narco <\/em>oper\u00f3 libremente en favor de los candidatos de Morena, el delegado especial de la dirigencia del partido dominante en ese proceso fue el senador <strong>Am\u00e9rico Villarreal<\/strong>, quien ahora es el candidato de este partido a gobernador de Tamaulipas, donde, al parecer, ya operan los grupos delincuenciales igual que ya lo hicieron en Sinaloa.<\/p>\n<p>Por ello, y desde el Senado, ayer el presidente del PAN, <strong>Marko Cort\u00e9s,<\/strong> llam\u00f3 \u201ca las autoridades electorales a que en coordinaci\u00f3n con las fuerzas de seguridad impida la actuaci\u00f3n de esos grupos criminales en favor de los candidatos de Morena\u201d,<\/p>\n<p>En especial de <strong>Am\u00e9rico Villarreal,<\/strong> indica <strong>Cort\u00e9s<\/strong>, ya que se dice, afirma el dirigente blanquiazul, <strong>Villarreal <\/strong>podr\u00eda haber recibido a trav\u00e9s de Sergio Carmona -quien es se\u00f1alado de cometer contrabando ilegal de combustibles-, 20 millones de d\u00f3lares que habr\u00eda entregado a un hijo del candidato a gobernador v\u00eda una cuenta en \u00c1msterdam.<\/p>\n<p>De ah\u00ed, que sea necesario la certificaci\u00f3n de una agencia como la DEA para corroborar esos hechos.<\/p>\n<p>\u201cNosotros queremos insistir en que se investigue el posible financiamiento ilegal producto del crimen organizado a las campa\u00f1as de Morena\u201d, insisti\u00f3<strong> Cort\u00e9s<\/strong><\/p>\n<p>Agreg\u00f3:<\/p>\n<p>\u201c&#8230; la elecci\u00f3n del 2021 fue el proceso electoral m\u00e1s sucio y violento en la historia (de M\u00e9xico), con m\u00e1s candidatos ejecutados, golpeados, secuestrados y operadores pol\u00edticos retenidos hasta el d\u00eda siguiente de la elecci\u00f3n&#8230; eso mientras el Presidente (<strong>Andr\u00e9s Manuel L\u00f3pez Obrador<\/strong>) le da las gracias al crimen <strong><em>porque se port\u00f3 bien<\/em><\/strong>.<\/p>\n<p>\u201cHoy decimos: no queremos que se vuelva a involucrar el crimen organizado en los procesos electorales que est\u00e1n ocurriendo&#8230; particularmente hemos puesto una denuncia que tiene que ver con el caso de Tamaulipas, en donde hay elementos publicados en medios de comunicaci\u00f3n que involucran a <strong>Mario Delgado<\/strong>, que involucran a <strong>Am\u00e9rico Villarreal<\/strong>, del posible financiamiento de recursos il\u00edcitos ligados al huachicol para sus campa\u00f1as electorales y ante esto, ante esta denuncia en la Fiscal\u00eda, ni <strong>Mario Delgado<\/strong>, ni <strong>Am\u00e9rico Villareal<\/strong> ni la Fiscal\u00eda han dicho absolutamente nada y por eso pareciera que hay un pacto pernicioso entre el Gobierno y el crimen organizado cosa que es muy peligroso para M\u00e9xico y para todas y todos los mexicanos\u201d, advirti\u00f3 <strong>Cortes<\/strong>.<\/p>\n<p style=\"text-align: center;\"><strong>Y Monreal, a lo suyo<\/strong><\/p>\n<p>Precandidato al 2024 por voluntad e impulso propios, el senador <strong>Ricardo Monreal<\/strong> se reuni\u00f3 ayer con <strong>Francisco Cervantes<\/strong>, nuevo presidente del Consejo Coordinador Empresarial para recuperar el di\u00e1logo que tuvo en los primeros 3 a\u00f1os del este r\u00e9gimen con <strong>Carlos Salazar<\/strong>, anterior dirigente de esa organizaci\u00f3n.<\/p>\n<p>El encuentro sirvi\u00f3 para comentar la agenda legislativa que impulsa el zacatecano a fin de impulsar la recuperaci\u00f3n econ\u00f3mica del pa\u00eds luego de la pandemia por Covid-19.<\/p>\n<p>El tambi\u00e9n presidente de la Junta de Coordinaci\u00f3n Pol\u00edtica consider\u00f3 su encuentro con el l\u00edder empresarial como \u201cproductivo y franco\u201d, y subray\u00f3 que en esta legislatura el Senado siempre ha estado abierto al di\u00e1logo con todos los sectores.<\/p>\n<p>\u201c&#8230; hemos logrado la aprobaci\u00f3n un\u00e1nime del 80 por ciento de las iniciativas legislativas y as\u00ed seguiremos\u201d, afirm\u00f3.<\/p>\n<p>El Consejo Coordinador Empresarial es reconocido como m\u00e1ximo \u00f3rgano de representaci\u00f3n del sector privado y del capital y agrupa a las 14 organizaciones c\u00fapula empresariales del pa\u00eds, que en su conjunto aglutinan a m\u00e1s de 2 mil asociaciones y alrededor del 80 por ciento del PIB de M\u00e9xico.<\/p>\n<p>La semana anterior, el l\u00edder de la mayor\u00eda de Morena en la C\u00e1mara alta recibi\u00f3 en sus oficinas a los integrantes del Consejo Nacional Agropecuario, con quienes convers\u00f3 sobre los impactos de las iniciativas de las leyes generales de Aguas y de Bienestar Animal.<\/p>\n<p>De igual forma, <strong>Monreal <\/strong>se ha entrevistado en varios estados del pa\u00eds como Nuevo Le\u00f3n, Jalisco y Yucat\u00e1n con representantes de diversos sectores productivos y en especial con universitarios y docentes con quienes refrend\u00f3 el compromiso del Senado de escuchar sus demandas para convertirlas en leyes que ayuden a la recuperaci\u00f3n, y el desarrollo y bienestar de M\u00e9xico.<\/p>\n<p>\u00bfUn aspirante presidencial en campa\u00f1a? Eso parece.<\/p>\n<p><em><a href=\"mailto:rvizcainoa@gmail.com\" target=\"_blank\" rel=\"noopener noreferrer\">vizcainoa@gmail.com<\/a><a href=\"mailto:rvizcainoa@gmail.com\" target=\"_blank\" rel=\"noopener noreferrer\"><br \/>\n<\/a><a href=\"http:\/\/endirecto.mx\" target=\"_blank\" rel=\"noopener noreferrer\">www.endirecto.mx<\/a><a href=\"mailto:rvizcainoa@gmail.com\" target=\"_blank\" rel=\"noopener noreferrer\"><br \/>\n<\/a><a href=\"https:\/\/twitter.com\/_rvizcaino\" target=\"_blank\" rel=\"noopener noreferrer\">@_RVizcaino<\/a><a href=\"mailto:rvizcainoa@gmail.com\" target=\"_blank\" rel=\"noopener noreferrer\"><br \/>\n<\/a><a href=\"https:\/\/www.facebook.com\/rvizcainoa\" target=\"_blank\" rel=\"noopener noreferrer\">facebook.com\/rvizcainoa<\/a><\/em><\/p>\n","protected":false},"excerpt":{"rendered":"<p><span style=\"color: #005497;\"><strong>Roberto Vizca\u00edno<\/strong><\/span><br \/>\n<br \/>\nDe acuerdo a los hechos, dice el l\u00edder nacional del PAN, <strong>Marko Cort\u00e9s<\/strong>, es ya de tal nivel que el involucramiento del <em>narco<\/em> y la delincuencia organizada en los procesos electorales de M\u00e9xico en favor de los candidatos de Morena, que ya no sirve de nada denunciarlos ante el INE o la Fiscal\u00eda de Delitos Electorales, sino acudir a otras instancias.<\/p>\n","protected":false},"author":3,"featured_media":0,"comment_status":"open","ping_status":"open","sticky":false,"template":"","format":"standard","meta":{"_monsterinsights_skip_tracking":false,"_monsterinsights_sitenote_active":false,"_monsterinsights_sitenote_note":"","_monsterinsights_sitenote_category":0,"footnotes":""},"categories":[136],"tags":[43674,93,94],"class_list":["post-546700","post","type-post","status-publish","format-standard","hentry","category-roberto-vizcaino-opinion","tag-opinion","tag-roberto-vizcaino","tag-tras-la-puerta-del-poder"],"_links":{"self":[{"href":"https:\/\/www.diarioimagen.net\/index.php?rest_route=\/wp\/v2\/posts\/546700","targetHints":{"allow":["GET"]}}],"collection":[{"href":"https:\/\/www.diarioimagen.net\/index.php?rest_route=\/wp\/v2\/posts"}],"about":[{"href":"https:\/\/www.diarioimagen.net\/index.php?rest_route=\/wp\/v2\/types\/post"}],"author":[{"embeddable":true,"href":"https:\/\/www.diarioimagen.net\/index.php?rest_route=\/wp\/v2\/users\/3"}],"replies":[{"embeddable":true,"href":"https:\/\/www.diarioimagen.net\/index.php?rest_route=%2Fwp%2Fv2%2Fcomments&post=546700"}],"version-history":[{"count":0,"href":"https:\/\/www.diarioimagen.net\/index.php?rest_route=\/wp\/v2\/posts\/546700\/revisions"}],"wp:attachment":[{"href":"https:\/\/www.diarioimagen.net\/index.php?rest_route=%2Fwp%2Fv2%2Fmedia&parent=546700"}],"wp:term":[{"taxonomy":"category","embeddable":true,"href":"https:\/\/www.diarioimagen.net\/index.php?rest_route=%2Fwp%2Fv2%2Fcategories&post=546700"},{"taxonomy":"post_tag","embeddable":true,"href":"https:\/\/www.diarioimagen.net\/index.php?rest_route=%2Fwp%2Fv2%2Ftags&post=546700"}],"curies":[{"name":"wp","href":"https:\/\/api.w.org\/{rel}","templated":true}]}}