{"id":546703,"date":"2022-05-17T00:09:10","date_gmt":"2022-05-17T05:09:10","guid":{"rendered":"https:\/\/www.diarioimagen.net\/?p=546703"},"modified":"2022-05-17T04:51:20","modified_gmt":"2022-05-17T09:51:20","slug":"miserable-aumento-a-maestros-los-zopilotes-ideologicos","status":"publish","type":"post","link":"https:\/\/www.diarioimagen.net\/?p=546703","title":{"rendered":"Miserable aumento a maestros; los zopilotes ideol\u00f3gicos"},"content":{"rendered":"<h2>Poder y dinero<\/h2>\n<h5>V\u00edctor S\u00e1nchez Ba\u00f1os<\/h5>\n<p>&nbsp;<\/p>\n<ul>\n<li><em><strong>Cacarean incremento como \u201cgrandioso\u201d<\/strong><\/em><\/li>\n<li><em><strong>Los divide y no va para todos<\/strong><\/em><\/li>\n<li><em><strong>L\u00edmite salarial: 20 mil pesos a mentores<\/strong><\/em><\/li>\n<li><em><strong>Los sentencian a la ignominia<\/strong><\/em><\/li>\n<li><em><strong>Ideolog\u00edas de los 60, cambio educativo<\/strong><\/em><\/li>\n<li><em><strong>Justicia social, un mito gubernamental<\/strong><\/em><\/li>\n<li><em><strong>Libros de texto y los ni\u00f1os, objetivos<\/strong><\/em><\/li>\n<li><em><strong>Carlos Joaqu\u00edn: dec\u00e1logo de seguridad en Quintana Roo<\/strong><\/em><\/li>\n<\/ul>\n<p>&nbsp;<\/p>\n<p style=\"text-align: right;\"><em>El m\u00e1s importante y principal negocio p\u00fablico<br \/>\nes la buena educaci\u00f3n de la juventud<br \/>\n<\/em><strong>Plat\u00f3n<\/strong> (427 AC-347 AC), fil\u00f3sofo griego<\/p>\n<p>&nbsp;<\/p>\n<p>Luego que el gobierno federal dio a conocer su estrategia salarial para los maestros, qued\u00f3 claro que hay un desprecio de la Cuarta Transformaci\u00f3n contra los mentores. El incremento es totalmente injusto, inequitativo y diferenciado.<\/p>\n<p>La titular de la SEP, y aspirante a la gubernatura del Estado de M\u00e9xico por Morena, Delfina G\u00f3mez \u00c1lvarez, inform\u00f3 que como parte de la nueva pol\u00edtica educativa se prev\u00e9 un aumento escalonado de 3.2 y 1% para aquellos salarios menores a 20 mil pesos, dice que es para la mayor\u00eda de ellos. De acuerdo a los c\u00e1lculos de la maestra, es un 7.5% aproximadamente. Esto est\u00e1 muy por debajo de la inflaci\u00f3n. Esto demuestra la miseria actitud de los pol\u00edticos.<\/p>\n<p>\u00bfAcaso no merecen TODOS, un incremento salarial que los proteja contra la inflaci\u00f3n? \u00bfAcaso buscan el empobrecimiento de ese sector?<\/p>\n<p>La inflaci\u00f3n acabar\u00e1 con los incrementos que d\u00e9 el gobierno. Esto da\u00f1ar\u00e1 la econom\u00eda de 2 millones maestros, que sirven para 250 mil 698 instituciones educativas.<\/p>\n<p>En cambio, le proporcionar\u00e1n a los ni\u00f1os un sistema educativo que va encaminado a la mediocridad social. Buscan, desde la Cuarta Transformaci\u00f3n, convertir al pa\u00eds en una naci\u00f3n con igual nivel de vida que Cuba, Nicaragua, Bolivia y Venezuela. En estos pa\u00edses conseguir un kilo de carne al mes, es una epopeya. Claro, la burocracia y el ej\u00e9rcito, son los sectores que viven en condiciones de potentados.<\/p>\n<p>La educaci\u00f3n es el factor inductivo para que los ni\u00f1os endiosen a los pol\u00edticos que \u201cgestaron la revoluci\u00f3n\u201d. Para ello, impregnan de historias m\u00e1gicas, de ficci\u00f3n, de la manera c\u00f3mo \u201csalvaron\u201d a sus pa\u00edses de la maldici\u00f3n capitalista. Tanto odian a los capitalistas, que ellos mismos se \u201cflagelan\u201d sufriendo los lujos palaciegos del \u201chorror\u201d del dinero. Claro, para ellos, el dinero que tienen se lo roban al pueblo.<\/p>\n<p>La enfermedad econ\u00f3mica que sufren desde el poder, contamina a todos los sectores de la poblaci\u00f3n. Hablan de que est\u00e1n contra la corrupci\u00f3n, pero la corrupci\u00f3n son ellos; dicen que todo lo que los cuestiona es corrupto, cuando su actual comportamiento es totalmente corrupto; quieren convencer a la mayor\u00eda que son expertos, y demuestran que son improvisados, ignorantes, prejuiciosos y est\u00fapidos.<\/p>\n<p>La lista es interminable.<\/p>\n<p>Si seguimos analizando lo que ocurre en la educaci\u00f3n, es parte de lo que un grupo de rom\u00e1nticos de la \u201crevoluci\u00f3n armada\u201d, quieren ense\u00f1ar a nuestras futuras generaciones.<\/p>\n<p>Para nada quieren impulsar el desarrollo intelectual, ni el mejoramiento de las familias, ni mucho menos las habilidades de acercarse socialmente. Lo que buscan es crear c\u00e9lulas que sean sirvientes o \u201csiervos\u201d, como les gusta a los actuales potentados que despachan bajo el halo de poder del Presidente.<\/p>\n<p>La educaci\u00f3n de nuestras siguientes generaciones debe ser impecable.<\/p>\n<p>Y no salir con los sue\u00f1os on\u00edricos del inquilino de Palacio Nacional que dice que la educaci\u00f3n debe ser humanista (eso ni quien lo dude), para que no salgan a inventar armas at\u00f3micas.<\/p>\n<p>Los ni\u00f1os y j\u00f3venes deben tener las herramientas para ser competitivos a nivel mundial. En todas las materias, matem\u00e1ticas, ciencias, historia&#8230; en todas. El camino para el mejoramiento de una sociedad es el conocimiento plural. No el conocimiento segmentado, ideologizado, tendencioso.<\/p>\n<p>Necesitamos ideas modernas que sirvan para que millones de mexicanos, en las siguientes generaciones, busquen el bienestar individual, que al final es bienestar generalizado de toda la sociedad.<\/p>\n<p>Ya basta de una clase pol\u00edtica que est\u00e1 empecinada en mantener al pa\u00eds sumido en niveles de ignorancia emocional y acad\u00e9mica, para beneficiar a los potentados en el poder.<\/p>\n<p style=\"text-align: center;\"><strong>RESPONSABILIDAD SOCIAL CORPORATIVA<\/strong><\/p>\n<p><strong>HEROGUEST:<\/strong> La C\u00e1mara Nacional de la Industria Restaurantera y de Alimentos Condimentados (Canirac) promover\u00e1 entre sus 15 mil afiliados, la capacitaci\u00f3n a todo el personal de la industria, lo que le permitir\u00e1 a los negocios ofrecer una mejor atenci\u00f3n a sus clientes, incrementar sus ventas entre 5 y hasta 15 por ciento as\u00ed como mayores propinas. Rodrigo Vargas, socio fundador de Heroguest, explic\u00f3 que esta aplicaci\u00f3n permite dar estructura a los empleados del ramo, principalmente en 4 grandes pilares como operaci\u00f3n, hospitalidad, mercadot\u00e9cnica y ventas.<\/p>\n<p style=\"text-align: center;\"><strong>PODEROSOS CABALLEROS<\/strong><\/p>\n<p><strong>CARLOS JOAQU\u00cdN; MEDIDAS AL L\u00cdMITE:<\/strong> El gobernador Carlos Joaqu\u00edn, orden\u00f3 10 acciones para reforzar la seguridad y procuraci\u00f3n de justicia. Estos se basan en fomentar estrat\u00e9gicamente la denuncia bajo un mecanismo espec\u00edfico que garantice el anonimato para integrar permanentemente mapas de riesgos sobre la extorsi\u00f3n y el narcomenudeo. Destacan, revisar todos los veh\u00edculos y motocicletas, que no est\u00e9n regularizados. Revisar con cercos de seguridad las inmediaciones de bares y restaurantes. Implementar el uso de los veh\u00edculos t\u00e1cticos denominados \u201crinos\u201d. La Polic\u00eda supervisar\u00e1 permanentemente que los bares y restaurantes que cuenten con seguridad privada est\u00e9n autorizadas por la misma. A \u00faltimas fechas la violencia se intensific\u00f3 en la entidad, especialmente en centros nocturnos y de esparcimiento de Canc\u00fan, Playa del Carmen y Tulum. Las medidas dr\u00e1sticas a problemas dr\u00e1sticos.<\/p>\n<p>&nbsp;<\/p>\n<blockquote>\n<p style=\"text-align: right;\"><strong>Esc\u00fachame de lunes a viernes, de 21 a 22 horas,<br \/>\nen \u201cV\u00edctor S\u00e1nchez Ba\u00f1os en MVS\u201d<\/strong><\/p>\n<\/blockquote>\n<p>&nbsp;<\/p>\n<p><a href=\"https:\/\/mvsnoticias.com\/\" target=\"_blank\" rel=\"noopener noreferrer\"><em>MVSnoticias.com<\/em><\/a><br \/>\n<a href=\"http:\/\/poderydinero.mx\" target=\"_blank\" rel=\"noopener noreferrer\"><em>poderydinero.mx<\/em><\/a><em><b><br \/>\n<\/b><a href=\"mailto:vsb@poderydinero.mx\" target=\"_blank\" rel=\"noopener noreferrer\">vsb@poderydinero.mx<\/a><a href=\"mailto:vsanchezb@gmail.com\" target=\"_blank\" rel=\"noopener noreferrer\"><br \/>\n<\/a><strong>Twitter:<\/strong><a href=\"https:\/\/twitter.com\/vsanchezbanos\" target=\"_blank\" rel=\"noopener noreferrer\">@vsanchezbanos<br \/>\n<\/a><strong>Facebook: <\/strong><a href=\"https:\/\/www.facebook.com\/vsanchezbanos?fref=ts\" target=\"_blank\" rel=\"noopener noreferrer\">vsanchezbanos<\/a><\/em><\/p>\n","protected":false},"excerpt":{"rendered":"<p><span style=\"color: #005497;\"><strong>V\u00edctor S\u00e1nchez Ba\u00f1os<\/strong><\/span><\/p>\n","protected":false},"author":3,"featured_media":0,"comment_status":"open","ping_status":"open","sticky":false,"template":"","format":"standard","meta":{"_monsterinsights_skip_tracking":false,"_monsterinsights_sitenote_active":false,"_monsterinsights_sitenote_note":"","_monsterinsights_sitenote_category":0,"footnotes":""},"categories":[38844],"tags":[43674,38847,38848],"class_list":["post-546703","post","type-post","status-publish","format-standard","hentry","category-victor-sanchez-banos","tag-opinion","tag-poder-y-dinero","tag-victor-sanchez-banos"],"_links":{"self":[{"href":"https:\/\/www.diarioimagen.net\/index.php?rest_route=\/wp\/v2\/posts\/546703","targetHints":{"allow":["GET"]}}],"collection":[{"href":"https:\/\/www.diarioimagen.net\/index.php?rest_route=\/wp\/v2\/posts"}],"about":[{"href":"https:\/\/www.diarioimagen.net\/index.php?rest_route=\/wp\/v2\/types\/post"}],"author":[{"embeddable":true,"href":"https:\/\/www.diarioimagen.net\/index.php?rest_route=\/wp\/v2\/users\/3"}],"replies":[{"embeddable":true,"href":"https:\/\/www.diarioimagen.net\/index.php?rest_route=%2Fwp%2Fv2%2Fcomments&post=546703"}],"version-history":[{"count":0,"href":"https:\/\/www.diarioimagen.net\/index.php?rest_route=\/wp\/v2\/posts\/546703\/revisions"}],"wp:attachment":[{"href":"https:\/\/www.diarioimagen.net\/index.php?rest_route=%2Fwp%2Fv2%2Fmedia&parent=546703"}],"wp:term":[{"taxonomy":"category","embeddable":true,"href":"https:\/\/www.diarioimagen.net\/index.php?rest_route=%2Fwp%2Fv2%2Fcategories&post=546703"},{"taxonomy":"post_tag","embeddable":true,"href":"https:\/\/www.diarioimagen.net\/index.php?rest_route=%2Fwp%2Fv2%2Ftags&post=546703"}],"curies":[{"name":"wp","href":"https:\/\/api.w.org\/{rel}","templated":true}]}}