{"id":546793,"date":"2022-05-18T00:06:24","date_gmt":"2022-05-18T05:06:24","guid":{"rendered":"https:\/\/www.diarioimagen.net\/?p=546793"},"modified":"2022-05-18T23:27:14","modified_gmt":"2022-05-19T04:27:14","slug":"concientiza-uaemex-sobre-importancia-de-preservar-la-diversidad-biologica","status":"publish","type":"post","link":"https:\/\/www.diarioimagen.net\/?p=546793","title":{"rendered":"Concientiza UAEM\u00e9x sobre importancia de preservar la diversidad biol\u00f3gica"},"content":{"rendered":"<p><em>\u00a0<\/em><\/p>\n<ul>\n<li><strong><em>El investigador de la UNAM, Hugh Michael Drummond Durey, dict\u00f3 la Conferencia Magistral \u201cEvoluci\u00f3n de la monogamia y la infidelidad con \u00e9nfasis en el bobo de dos patas y una reflexi\u00f3n sobre el homo sapiens\u201d<\/em><\/strong><\/li>\n<\/ul>\n<p>&nbsp;<\/p>\n<div id=\"attachment_546906\" style=\"width: 470px\" class=\"wp-caption aligncenter\"><a href=\"https:\/\/www.diarioimagen.net\/?attachment_id=546906\" rel=\"attachment wp-att-546906\"><img loading=\"lazy\" decoding=\"async\" aria-describedby=\"caption-attachment-546906\" class=\"size-full wp-image-546906\" src=\"https:\/\/www.diarioimagen.net\/wp-content\/uploads\/2022\/05\/uaem-11.jpg\" alt=\"\" width=\"460\" height=\"270\" \/><\/a><p id=\"caption-attachment-546906\" class=\"wp-caption-text\">La UAEM\u00e9x realiz\u00f3 una jornada de actividades conmemorativas al D\u00eda Internacional de la Diversidad Biol\u00f3gica, con el prop\u00f3sito de promover la reflexi\u00f3n sobre la alteraci\u00f3n ambiental mundial provocada por la actividad humana.<\/p><\/div>\n<p>&nbsp;<\/p>\n<p><strong>Toluca, Estado de M\u00e9xico.\u2014<\/strong> La alteraci\u00f3n ambiental mundial provocada por la actividad humana urge a la reflexi\u00f3n y difusi\u00f3n del conocimiento sobre la importancia de la biodiversidad y los efectos negativos de no protegerla, afirm\u00f3 la secretaria de Investigaci\u00f3n y Estudios Avanzados de la Universidad Aut\u00f3noma del Estado de M\u00e9xico (UAEM\u00e9x), Martha Patricia Zarza Delgado, al inaugurar la jornada de actividades conmemorativas al D\u00eda Internacional de la Diversidad Biol\u00f3gica.<\/p>\n<p>En el Auditorio \u201cIsidro Fabela Alfaro\u201d de la Facultad de Derecho, Zarza Delgado indic\u00f3 que una de las tareas de la investigaci\u00f3n universitaria es seguir avanzado en estrategias de formaci\u00f3n y educaci\u00f3n con enfoque cr\u00edtico para fortalecer los proyectos y programas de posgrado con mayor pertinencia social y ambiental, as\u00ed como pol\u00edticas de conservaci\u00f3n de la biodiversidad que tiendan a generar impactos positivos de capacidades y en la participaci\u00f3n con instancias de apoyo a los bienes comunes.<\/p>\n<p>\u201cEste evento cient\u00edfico-cultural que hoy nos convoca tiene la intenci\u00f3n de reflexionar sobre c\u00f3mo la biodiversidad nos presta variados servicios ambientales como el agua, ox\u00edgeno, combustibles y alimentaci\u00f3n, entre otros elementos de mucho valor biol\u00f3gico y cultural. Este ejercicio de difusi\u00f3n del conocimiento tambi\u00e9n fomenta la necesidad de proteger la biodiversidad, a trav\u00e9s de espacios de di\u00e1logo transdisciplinar y la creaci\u00f3n o fortalecimiento de \u00e1reas naturales protegidas, unidades de manejo ambiental, parques ecol\u00f3gicos, sistemas de econom\u00eda circular, entre otros\u201d, extern\u00f3 la universitaria.<\/p>\n<p>En tanto, la secretaria de Difusi\u00f3n Cultural de esta casa de estudios, Mar\u00eda de las Mercedes Portilla Luja, detall\u00f3 que con el objetivo de generar conciencia y sensibilizar a la comunidad de la instituci\u00f3n sobre el cuidado del medio ambiente y los riesgos que implica el cambio clim\u00e1tico como parte de este evento fueron programadas conferencias, talleres, exposiciones, una muestra gastron\u00f3mica y actividades art\u00edsticas.<\/p>\n<p>\u201cNuestra Alma Mater, formadora de ciudadanos libres y humanistas se suma a esta toma de conciencia colectiva promovida por la Organizaci\u00f3n de las Naciones Unidas, que en el a\u00f1o 2000 proclam\u00f3 la celebraci\u00f3n del D\u00eda Internacional de la Diversidad Biol\u00f3gica cada 22 de mayo\u201d, expres\u00f3.<\/p>\n<p>Previo al acto inaugural, las universitarias, en compa\u00f1\u00eda del director de la Facultad de Derecho, Jos\u00e9 Dolores Alan\u00eds Tavira, dieron el banderazo de salida al desfile de tres alebrijes monumentales del Museo de Arte Popular de la Ciudad de M\u00e9xico que se realiz\u00f3 en el circuito de Ciudad Universitaria. Estas piezas estar\u00e1n expuestas, para la comunidad universitaria y p\u00fablico en general, en la Expo-Sala de la Facultad de Arquitectura y Dise\u00f1o.<\/p>\n<p>En este marco, el investigador y acad\u00e9mico de la Universidad Nacional Aut\u00f3noma de M\u00e9xico (UNAM), Hugh Michael Drummond Durey, fundador de la Ecolog\u00eda Conductual en M\u00e9xico, imparti\u00f3 la Conferencia Magistral \u201cEvoluci\u00f3n de la monogamia y la infidelidad con \u00e9nfasis en el bobo de dos patas y una reflexi\u00f3n sobre el homo sapiens\u201d.<\/p>\n","protected":false},"excerpt":{"rendered":"<p>La alteraci\u00f3n ambiental mundial provocada por la actividad humana urge a la reflexi\u00f3n y difusi\u00f3n del conocimiento sobre la importancia de la biodiversidad y los efectos negativos de no protegerla, afirm\u00f3 la secretaria de Investigaci\u00f3n y Estudios Avanzados de la Universidad Aut\u00f3noma del Estado de M\u00e9xico (UAEM\u00e9x), Martha Patricia Zarza Delgado, al inaugurar la jornada de actividades conmemorativas al D\u00eda Internacional de la Diversidad Biol\u00f3gica.<\/p>\n","protected":false},"author":3,"featured_media":546906,"comment_status":"open","ping_status":"open","sticky":false,"template":"","format":"standard","meta":{"_monsterinsights_skip_tracking":false,"_monsterinsights_sitenote_active":false,"_monsterinsights_sitenote_note":"","_monsterinsights_sitenote_category":0,"footnotes":""},"categories":[5],"tags":[95489,750,43675,452,67878],"class_list":["post-546793","post","type-post","status-publish","format-standard","has-post-thumbnail","hentry","category-estado-de-mexico","tag-concientiza","tag-diversidad","tag-estado-de-mexico","tag-toluca","tag-uaemex"],"_links":{"self":[{"href":"https:\/\/www.diarioimagen.net\/index.php?rest_route=\/wp\/v2\/posts\/546793","targetHints":{"allow":["GET"]}}],"collection":[{"href":"https:\/\/www.diarioimagen.net\/index.php?rest_route=\/wp\/v2\/posts"}],"about":[{"href":"https:\/\/www.diarioimagen.net\/index.php?rest_route=\/wp\/v2\/types\/post"}],"author":[{"embeddable":true,"href":"https:\/\/www.diarioimagen.net\/index.php?rest_route=\/wp\/v2\/users\/3"}],"replies":[{"embeddable":true,"href":"https:\/\/www.diarioimagen.net\/index.php?rest_route=%2Fwp%2Fv2%2Fcomments&post=546793"}],"version-history":[{"count":0,"href":"https:\/\/www.diarioimagen.net\/index.php?rest_route=\/wp\/v2\/posts\/546793\/revisions"}],"wp:featuredmedia":[{"embeddable":true,"href":"https:\/\/www.diarioimagen.net\/index.php?rest_route=\/wp\/v2\/media\/546906"}],"wp:attachment":[{"href":"https:\/\/www.diarioimagen.net\/index.php?rest_route=%2Fwp%2Fv2%2Fmedia&parent=546793"}],"wp:term":[{"taxonomy":"category","embeddable":true,"href":"https:\/\/www.diarioimagen.net\/index.php?rest_route=%2Fwp%2Fv2%2Fcategories&post=546793"},{"taxonomy":"post_tag","embeddable":true,"href":"https:\/\/www.diarioimagen.net\/index.php?rest_route=%2Fwp%2Fv2%2Ftags&post=546793"}],"curies":[{"name":"wp","href":"https:\/\/api.w.org\/{rel}","templated":true}]}}