{"id":546850,"date":"2022-05-18T00:08:09","date_gmt":"2022-05-18T05:08:09","guid":{"rendered":"https:\/\/www.diarioimagen.net\/?p=546850"},"modified":"2022-05-18T04:31:54","modified_gmt":"2022-05-18T09:31:54","slug":"los-opositores","status":"publish","type":"post","link":"https:\/\/www.diarioimagen.net\/?p=546850","title":{"rendered":"Los opositores"},"content":{"rendered":"<h2>Punto por punto<\/h2>\n<h5>Augusto Corro<\/h5>\n<p>&nbsp;<\/p>\n<p>Aunque es muy temprano para hablar de la sucesi\u00f3n presidencial, en el escenario pol\u00edtico empezaron a aparecer los nombres de los posibles candidatos de la oposici\u00f3n. Del Partido Acci\u00f3n Nacional (PAN) podr\u00eda surgir el representante que participe en la contienda electoral, apoyado por el PRI y el PRD.<\/p>\n<p>A esta situaci\u00f3n llevar\u00eda la alianza Va por M\u00e9xico en la que participan (PAN, PRI y PRD). Por otra parte, se encuentra el partido Movimiento Ciudadano (MC), propiedad de Dante Delgado, que ha participado en elecciones estatales con relativo \u00e9xito.<\/p>\n<p>En las encuestas y en diferentes medios de comunicaci\u00f3n las preferencias electorales muestran bajos los \u00edndices de los presuntos precandidatos presidenciales. Ah\u00ed est\u00e1 el caso del panista Ricardo Anaya, quien no alcanza a incrementar el n\u00famero de seguidores.<\/p>\n<p>Y si en Acci\u00f3n Nacional quieren que Anaya lo represente, ya pueden dar por perdida la lucha pol\u00edtica. El queretano parece encaprichado en ser un candidato, pero sus apoyos, si es que los tiene, no le funcionaron. Ahora, se encuentra en Estados Unidos, en lo que se ve como un autoexilio, mientras deja de presionarlo la Fiscal\u00eda General de la Rep\u00fablica (FGR).<\/p>\n<p>Entre otros delitos, el citado Anaya est\u00e1 acusado de recibir sobornos del ex director de Pemex, Emilio Lozoya, para aprobar la reforma energ\u00e9tica. El ex funcionario, sujeto a procesos penales, se ofreci\u00f3 a colaborar con la FGR.<\/p>\n<p>En las encuestas tambi\u00e9n se habla de Margarita Zavala como posible contendiente para el 2024. Con esta carta, Acci\u00f3n Nacional no tendr\u00eda ninguna opci\u00f3n de triunfo. La esposa de Felipe Calder\u00f3n es sobreviviente de los panistas que abandonaron el partido que no las tomaba en cuenta.<\/p>\n<p>Ni siquiera pudo conseguir una diputaci\u00f3n en su primer intento. Decepcionada compiti\u00f3 como candidata presidencial independiente. Le fue mal. Ahora, tiene su curul en San L\u00e1zaro, donde su participaci\u00f3n como legisladora raya en lo gris.<\/p>\n<p>El l\u00edder panista, Marko Cort\u00e9s, tuvo que incluir en la lista de precandidatos presidenciales a gobernadores de entidades donde gobierna Acci\u00f3n Nacional.<\/p>\n<p>En el Partido Revolucionario Institucional (PRI), uno que quiere ser candidato presidencial es Enrique de la Madrid, hijo del ex presidente Miguel de la Madrid Hurtado, quien ya dijo que s\u00ed quiere abanderar a su partido. S\u00f3lo que es raqu\u00edtico el porcentaje de sus seguidores.<\/p>\n<p>Otro que podr\u00eda hacerle sombra a Enrique es el senador Miguel Osorio Chong, uno de los principales colaboradores del presidente Enrique Pe\u00f1a Nieto. Sin embargo, primero tendr\u00e1n que poner orden en el partido, cuyo actual l\u00edder, Alejandro Moreno, no ata ni desata. El Revolucionario Institucional va a la deriva.<\/p>\n<p>Los gobernadores de Nuevo Le\u00f3n y Jalisco, Samuel Garc\u00eda y Enrique Alfaro, respectivamente, de MC, tambi\u00e9n est\u00e1n apuntados como posibles candidatos, aunque sus seguidores son pocos.<\/p>\n<p>No hay que olvidar que representantes patronales, como Gustavo de Hoyos Walther, son incluidos en las encuestas. Y por \u00faltimo, el hijo de Colosio, Luis Donaldo Colosio Riojas, tambi\u00e9n es nombrado en las encuestas, pero igualmente, pero con escasos seguidores.<\/p>\n<p>En el Partido de la Revoluci\u00f3n Democr\u00e1tica (PRD) hay una calma chicha. Como elemento de la alianza Va por M\u00e9xico, est\u00e1 en condiciones de hacer lo que le ordenen los partidos mayores.<\/p>\n<p style=\"text-align: center;\"><strong>M\u00e1s de cien mil desaparecidos<\/strong><\/p>\n<p>De marzo de 1964 al 16 de mayo de 2022, suman m\u00e1s de cien mil personas desaparecidas y no localizadas en M\u00e9xico. La Alta Comisionada de las Naciones Unidas para los Derechos Humanos, Michele Bachelet, llam\u00f3 a las autoridades mexicanas a redoblar los esfuerzos a fin de garantizar la verdad y la justicia a las v\u00edctimas de este delito.<\/p>\n<p>Ante el mencionado problema, en el Centro de Derechos Humanos Agust\u00edn Pro Ju\u00e1rez (Centro Prodh) se preguntan \u00bfcu\u00e1ntos y cu\u00e1ntas m\u00e1s para que se dise\u00f1e una verdadera pol\u00edtica nacional para prevenir y erradicar las desapariciones? Sin duda, no habr\u00e1 respuesta alguna.<\/p>\n<p>La mencionada organizaci\u00f3n dijo que \u201cla crisis de desapariciones en M\u00e9xico ha superado a las 100 mil personas\u201d, cifra que representa al mismo n\u00famero de \u201cmadres que gritan con dignidad\u201d, que buscan a sus seres queridos\u201d y a la misma cantidad de \u201ccorazones rotos\u201d.<\/p>\n<p>En diferentes sitios de nuestro pa\u00eds, los familiares de las v\u00edctimas formaron comit\u00e9s de b\u00fasqueda, que como es l\u00f3gico no cuentan con los recursos econ\u00f3micos, ni t\u00e9cnicos para realizar su dif\u00edcil tarea, en todas partes, incluidas las fosas clandestinas.<\/p>\n<p>Los dramas parecen no tener fin. En Sonora, las madres que ya no creen en la justicia, optaron por solicitarle a los propios delincuentes, a trav\u00e9s de diferentes medios, que les regresen a sus hijos desaparecidos. Cabe se\u00f1alar que son mujeres una cuarta parte de las personas desaparecidas documentadas.<\/p>\n<p>En t\u00e9rminos generales, la crisis de los desaparecidos no parece tener fin. Urge que las autoridades se empe\u00f1en en erradicar las desapariciones que tanto da\u00f1o han causado a la sociedad mexicana.<\/p>\n<p>\u00bfUsted qu\u00e9 opina amable lector?<\/p>\n<p><a href=\"mailto:aco2742@hotmail.com\" target=\"_blank\" rel=\"noopener noreferrer\"><em>aco2742@hotmail.com<\/em><\/a><\/p>\n","protected":false},"excerpt":{"rendered":"<p><span style=\"color: #005497;\"><strong>Augusto Corro<\/strong><\/span><\/p>\n","protected":false},"author":3,"featured_media":0,"comment_status":"open","ping_status":"open","sticky":false,"template":"","format":"standard","meta":{"_monsterinsights_skip_tracking":false,"_monsterinsights_sitenote_active":false,"_monsterinsights_sitenote_note":"","_monsterinsights_sitenote_category":0,"footnotes":""},"categories":[157],"tags":[43686,43674,11515],"class_list":["post-546850","post","type-post","status-publish","format-standard","hentry","category-augusto-corro","tag-augusto-corro","tag-opinion","tag-punto-por-punto"],"_links":{"self":[{"href":"https:\/\/www.diarioimagen.net\/index.php?rest_route=\/wp\/v2\/posts\/546850","targetHints":{"allow":["GET"]}}],"collection":[{"href":"https:\/\/www.diarioimagen.net\/index.php?rest_route=\/wp\/v2\/posts"}],"about":[{"href":"https:\/\/www.diarioimagen.net\/index.php?rest_route=\/wp\/v2\/types\/post"}],"author":[{"embeddable":true,"href":"https:\/\/www.diarioimagen.net\/index.php?rest_route=\/wp\/v2\/users\/3"}],"replies":[{"embeddable":true,"href":"https:\/\/www.diarioimagen.net\/index.php?rest_route=%2Fwp%2Fv2%2Fcomments&post=546850"}],"version-history":[{"count":0,"href":"https:\/\/www.diarioimagen.net\/index.php?rest_route=\/wp\/v2\/posts\/546850\/revisions"}],"wp:attachment":[{"href":"https:\/\/www.diarioimagen.net\/index.php?rest_route=%2Fwp%2Fv2%2Fmedia&parent=546850"}],"wp:term":[{"taxonomy":"category","embeddable":true,"href":"https:\/\/www.diarioimagen.net\/index.php?rest_route=%2Fwp%2Fv2%2Fcategories&post=546850"},{"taxonomy":"post_tag","embeddable":true,"href":"https:\/\/www.diarioimagen.net\/index.php?rest_route=%2Fwp%2Fv2%2Ftags&post=546850"}],"curies":[{"name":"wp","href":"https:\/\/api.w.org\/{rel}","templated":true}]}}