{"id":546875,"date":"2022-05-18T00:09:18","date_gmt":"2022-05-18T05:09:18","guid":{"rendered":"https:\/\/www.diarioimagen.net\/?p=546875"},"modified":"2022-05-18T04:45:29","modified_gmt":"2022-05-18T09:45:29","slug":"amlo-al-abordaje-de-la-unam","status":"publish","type":"post","link":"https:\/\/www.diarioimagen.net\/?p=546875","title":{"rendered":"AMLO, \u00a1al abordaje de la UNAM!"},"content":{"rendered":"<h2>Poder y dinero<\/h2>\n<h5>V\u00edctor S\u00e1nchez Ba\u00f1os<em>\u00a0<\/em><\/h5>\n<p>&nbsp;<\/p>\n<ul>\n<li><strong><em>La Universidad, en la mira de la 4T<\/em><\/strong><\/li>\n<li><strong><em>Para 2024, cambiar\u00e1 el rector<\/em><\/strong><\/li>\n<li><strong><em>Graue ser\u00eda el \u00faltimo m\u00e9dico<\/em><\/strong><\/li>\n<li><strong><em>La izquierda quiere apoder\u00e1rsela<\/em><\/strong><\/li>\n<li><strong><em>Sin l\u00edmite, la ambici\u00f3n de poder<\/em><\/strong><\/li>\n<li><strong><em>\u201cCatedr\u00e1ticos\u201d la han saqueado por d\u00e9cadas<\/em><\/strong><\/li>\n<li><strong><em>Comparten con empresarios<\/em><\/strong><\/li>\n<li><strong><em>Ahora quieren el poder de la rector\u00eda<\/em><\/strong><\/li>\n<li><strong><em>Las trampas de las investigaciones<\/em><\/strong><\/li>\n<li><strong><em>Millones de pesos que evaden al fisco<\/em><\/strong><\/li>\n<\/ul>\n<p>&nbsp;<\/p>\n<p style=\"text-align: right;\"><em>Hay quien cruza el bosque y s\u00f3lo ve le\u00f1a para el fuego<br \/>\n<\/em><strong>Leon Tolstoi<\/strong>\u00a0(1828-1910), escritor ruso.<\/p>\n<p>&nbsp;<\/p>\n<p>La ambici\u00f3n de poder de quienes nunca lo han tenido, es desmedida en los tiempos modernos.<\/p>\n<p>Lo dijo, como enga\u00f1a con la verdad, el presidente L\u00f3pez Obrador, al perder las elecciones del 2006, que \u201cal diablo con las instituciones\u201d, ahora pretende hacerlo realidad.<\/p>\n<p>Ya acabaron con instituciones p\u00fablicas como el Conacyt o Notimex, que no le sirven a sus intereses pol\u00edticos de poder y dinero. Primero, quiere acabar con los \u00f3rganos aut\u00f3nomos, que sirven para disminuir el poder de los presidentes en turno. Luego ir\u00eda por las universidades p\u00fablicas y hacerlas que dependan de los gobiernos, como lo han logrado en sus estados los gobernadores morenistas. Despu\u00e9s, acabar\u00e1n con la educaci\u00f3n que los padres quieran darle a sus hijos. Acabar con las libertades.<\/p>\n<p>En el gobierno de la Cuarta Transformaci\u00f3n el objetivo es derrumbar las instituciones y lo est\u00e1 logrando.<\/p>\n<p>En su mira est\u00e1 la Universidad Nacional Aut\u00f3noma de M\u00e9xico, que est\u00e1 ahora bajo la rector\u00eda de Enrique Graue.<\/p>\n<p>Si bien, la UNAM no es un ejemplo de democracia a su interior, s\u00ed es el orgullo acad\u00e9mico de nuestro pa\u00eds a nivel internacional. Estoy feliz de haber egresado de una instituci\u00f3n que est\u00e1 dentro de las mejores del mundo.<\/p>\n<p>Claro, ese reconocimiento lo ha logrado gracias a sus catedr\u00e1ticos, investigadores y sus egresados.<\/p>\n<p>Como en todos lados, sin que ello sirva de justificaci\u00f3n, en nuestra amada Universidad, desde la llegada a la rector\u00eda de Jorge Sober\u00f3n, abord\u00f3 de la mano el grupo de la Facultad de Medicina, que no ha dejado el poder dentro de esa instituci\u00f3n. Esto, hasta la fecha.<\/p>\n<p>Lo ideal es que soltaran la rector\u00eda para otras facultades. Sin embargo, en estos tiempos donde el gobierno de la 4T quiere controlar la Rector\u00eda, aparecen otros personajes de facultades que tradicionalmente han tenido que someterse a los grupos pol\u00edticos de izquierda e incluso a la delincuencia organizada que utiliza el campus como su mercado sobre pies.<\/p>\n<p>Los ataques cotidianos de L\u00f3pez Obrador contra la UNAM, no se debe a su fallido paso por la Facultad de Ciencias Pol\u00edticas, sino a un objetivo para controlar el sitio donde se generaron los \u00faltimos movimientos sociales, pol\u00edticos y armados del pa\u00eds. El semillero de \u201caspiracionistas\u201d que se identifican con la clase media.<\/p>\n<p>Ah\u00ed est\u00e1 el riesgo que tienen aquellos que no quieren un desarrollo arm\u00f3nico de la sociedad. Quieren simplemente tomar el control de todos los sectores que puedan identificar como un peligro para las aspiraciones de perpetuar el grupo pol\u00edtico que lleg\u00f3 y que se dice de izquierda.<\/p>\n<p style=\"text-align: center;\"><strong>SAQUEO DE LA UNAM<\/strong><\/p>\n<p>Ese grupo pol\u00edtico que ahora quiere apoderarse de la rector\u00eda, est\u00e1 ligado a catedr\u00e1ticos que forman parte de la \u00e9lite. Desde ah\u00ed realizan negocios ficticios que posteriormente les deja una millonada.<\/p>\n<p>Est\u00e1n plenamente identificados por la comunidad cient\u00edfica nacional. Por aquellos que aut\u00e9nticamente est\u00e1 dedicados a la investigaci\u00f3n y a la ciencia. Los otros, los m\u00e1s ricos, son aquellos que hacen negocios con empresas que les encargan investigaciones ficticias, que justifican con textos de tesis o, en su defecto, de fuentes en medios cibern\u00e9ticos (web).<\/p>\n<p>Por esos trabajos cobran millones de pesos, de los cuales se reparten en ese grupo de \u201cselectos cient\u00edficos\u201d, con quienes les encargan esos trabajos. Esto no es nuevo, lleva d\u00e9cadas practic\u00e1ndose con el contubernio de empresarios que saben perfectamente que esas \u201cinvestigaciones\u201d sirven para deducir impuestos.<\/p>\n<p>La \u201cfama\u201d de esos investigadores, que ahora est\u00e1n alineados en Morena o son, cuando menos, simpatizantes, rompe las fronteras del campus y los conocen perfectamente en varias empresas.<\/p>\n<p>Ah\u00ed est\u00e1 el poder y el dinero de la UNAM. Si bien el control hoy lo tienen los m\u00e9dicos, dejar a la deriva el cambio en la rector\u00eda implica m\u00e1s riesgos que beneficios. En especial, durante el proceso de cambio sexenal del gobierno federal. La UNAM est\u00e1 entrampada en su destino.<\/p>\n<p style=\"text-align: center;\"><strong>PODEROSOS CABALLEROS<\/strong><\/p>\n<p><strong>MARTINREA: <\/strong>Con una inversi\u00f3n de alrededor de 45 millones de d\u00f3lares, la empresa canadiense Martinrea, que a nivel internacional es liderada por Pat D\u2019Eramo, expandir\u00e1 sus operaciones en Ramos Arizpe, Coahuila. Ah\u00ed construye una planta que generar\u00e1 350 nuevos empleos en el cl\u00faster automotriz de la regi\u00f3n. As\u00ed tendr\u00e1 seis plantas en la entidad, de las 14 con que se cuentan en todo el pa\u00eds. El vicepresidente ejecutivo de fluidos de Martinrea, Alfredo Alonso, y la C\u00f3nsul General de Canad\u00e1 en M\u00e9xico, Sandra Shaddlick, se reunieron con el gobernador Miguel Riquelme, donde anuncia que esta es la primera de otras inversiones en dos predios de la entidad. La producci\u00f3n de la compa\u00f1\u00eda no baj\u00f3 ni par\u00f3 en el 2020, ni en el 2021, en plena pandemia por Covid-19.<\/p>\n<p>&nbsp;<\/p>\n<blockquote>\n<p style=\"text-align: right;\"><strong>Esc\u00fachame de lunes a viernes, de 21 a 22 horas,<br \/>\nen \u201cV\u00edctor S\u00e1nchez Ba\u00f1os en MVS\u201d<\/strong><\/p>\n<\/blockquote>\n<p>&nbsp;<\/p>\n<p><a href=\"https:\/\/mvsnoticias.com\/\" target=\"_blank\" rel=\"noopener noreferrer\"><em>MVSnoticias.com<\/em><\/a><br \/>\n<a href=\"http:\/\/poderydinero.mx\" target=\"_blank\" rel=\"noopener noreferrer\"><em>poderydinero.mx<\/em><\/a><em><b><br \/>\n<\/b><a href=\"mailto:vsb@poderydinero.mx\" target=\"_blank\" rel=\"noopener noreferrer\">vsb@poderydinero.mx<\/a><a href=\"mailto:vsanchezb@gmail.com\" target=\"_blank\" rel=\"noopener noreferrer\"><br \/>\n<\/a><strong>Twitter:<\/strong><a href=\"https:\/\/twitter.com\/vsanchezbanos\" target=\"_blank\" rel=\"noopener noreferrer\">@vsanchezbanos<br \/>\n<\/a><strong>Facebook: <\/strong><a href=\"https:\/\/www.facebook.com\/vsanchezbanos?fref=ts\" target=\"_blank\" rel=\"noopener noreferrer\">vsanchezbanos<\/a><\/em><\/p>\n","protected":false},"excerpt":{"rendered":"<p><span style=\"color: #005497;\"><strong>V\u00edctor S\u00e1nchez Ba\u00f1os<\/strong><\/span><\/p>\n","protected":false},"author":3,"featured_media":0,"comment_status":"open","ping_status":"open","sticky":false,"template":"","format":"standard","meta":{"_monsterinsights_skip_tracking":false,"_monsterinsights_sitenote_active":false,"_monsterinsights_sitenote_note":"","_monsterinsights_sitenote_category":0,"footnotes":""},"categories":[38844],"tags":[43674,38847,38848],"class_list":["post-546875","post","type-post","status-publish","format-standard","hentry","category-victor-sanchez-banos","tag-opinion","tag-poder-y-dinero","tag-victor-sanchez-banos"],"_links":{"self":[{"href":"https:\/\/www.diarioimagen.net\/index.php?rest_route=\/wp\/v2\/posts\/546875","targetHints":{"allow":["GET"]}}],"collection":[{"href":"https:\/\/www.diarioimagen.net\/index.php?rest_route=\/wp\/v2\/posts"}],"about":[{"href":"https:\/\/www.diarioimagen.net\/index.php?rest_route=\/wp\/v2\/types\/post"}],"author":[{"embeddable":true,"href":"https:\/\/www.diarioimagen.net\/index.php?rest_route=\/wp\/v2\/users\/3"}],"replies":[{"embeddable":true,"href":"https:\/\/www.diarioimagen.net\/index.php?rest_route=%2Fwp%2Fv2%2Fcomments&post=546875"}],"version-history":[{"count":0,"href":"https:\/\/www.diarioimagen.net\/index.php?rest_route=\/wp\/v2\/posts\/546875\/revisions"}],"wp:attachment":[{"href":"https:\/\/www.diarioimagen.net\/index.php?rest_route=%2Fwp%2Fv2%2Fmedia&parent=546875"}],"wp:term":[{"taxonomy":"category","embeddable":true,"href":"https:\/\/www.diarioimagen.net\/index.php?rest_route=%2Fwp%2Fv2%2Fcategories&post=546875"},{"taxonomy":"post_tag","embeddable":true,"href":"https:\/\/www.diarioimagen.net\/index.php?rest_route=%2Fwp%2Fv2%2Ftags&post=546875"}],"curies":[{"name":"wp","href":"https:\/\/api.w.org\/{rel}","templated":true}]}}