{"id":546961,"date":"2022-05-19T00:05:04","date_gmt":"2022-05-19T05:05:04","guid":{"rendered":"https:\/\/www.diarioimagen.net\/?p=546961"},"modified":"2022-05-20T06:32:18","modified_gmt":"2022-05-20T11:32:18","slug":"cultura-de-paz-fundamental-en-la-formacion-de-la-comunidad-uaemex","status":"publish","type":"post","link":"https:\/\/www.diarioimagen.net\/?p=546961","title":{"rendered":"Cultura de Paz, fundamental en la formaci\u00f3n de la comunidad UAEM\u00e9x"},"content":{"rendered":"<p><em>\u00a0<\/em><\/p>\n<ul>\n<li><em><strong>A trav\u00e9s de las funciones sustantivas de la Aut\u00f3noma mexiquense se busca incentivar un futuro sostenible, la educaci\u00f3n y la cultura para preparar a las y los universitarios para transformar un mundo hostil en un mundo posible y habitable, a trav\u00e9s de la cultura de paz<\/strong> <\/em><\/li>\n<\/ul>\n<p><strong>\u00a0<\/strong><\/p>\n<div id=\"attachment_547067\" style=\"width: 470px\" class=\"wp-caption aligncenter\"><a href=\"https:\/\/www.diarioimagen.net\/?attachment_id=547067\" rel=\"attachment wp-att-547067\"><img loading=\"lazy\" decoding=\"async\" aria-describedby=\"caption-attachment-547067\" class=\"size-full wp-image-547067\" src=\"https:\/\/www.diarioimagen.net\/wp-content\/uploads\/2022\/05\/uaem-12.jpg\" alt=\"\" width=\"460\" height=\"270\" \/><\/a><p id=\"caption-attachment-547067\" class=\"wp-caption-text\">Ad\u00e1n Garc\u00eda, Director Acad\u00e9mico del Museo de Memoria y Tolerancia de la Ciudad de M\u00e9xico, agradeci\u00f3 a la Aut\u00f3noma Mexiquense por hacer posible este espacio.<\/p><\/div>\n<p>&nbsp;<\/p>\n<p><strong>Toluca, Estado de M\u00e9xico.\u2014 <\/strong>Con el objetivo de difundir entre las y los universitarios la importancia de la tolerancia, la no violencia y los derechos humanos, creando conciencia a trav\u00e9s de la memoria hist\u00f3rica, fue inaugurado el T\u00fanel Memoria y Tolerancia, en el marco de las actividades de la Semana de Acceso a la Cultura de Paz de la Universidad Aut\u00f3noma del Estado de M\u00e9xico (UAEM\u00e9x) y el Poder Judicial del Estado de M\u00e9xico.<\/p>\n<p>El magistrado Enrique V\u00edctor Manuel Vega G\u00f3mez expres\u00f3 que en el marco del convenio de colaboraci\u00f3n entre la UAEM\u00e9x y el Poder Judicial del Estado de M\u00e9xico, con la intenci\u00f3n de unir esfuerzos para el acceso a una cultura de paz que es tan necesaria en el contexto internacional actual, se organiz\u00f3 esta exposici\u00f3n que busca fomentar valores e incidir en las juventudes para formar agentes de cambio social.<\/p>\n<p>En representaci\u00f3n de la secretaria de Difusi\u00f3n Cultural, Mar\u00eda de las Mercedes Portilla Luja, la directora de Patrimonio Cultural, Yuriko Rojas Moriyama, enfatiz\u00f3 que a trav\u00e9s de las funciones sustantivas de la M\u00e1xima Casa de Estudios mexiquense se busca incentivar un futuro sostenible, educaci\u00f3n y cultura, para preparar a las y los universitarios para transformar un mundo hostil en uno habitable, a trav\u00e9s de la cultura de paz.<\/p>\n<p>\u201cNecesitamos continuar con nuestra tarea de formar profesionistas integrales, comprometidos y emp\u00e1ticos con el mundo que les rodea\u201d, asegur\u00f3.<\/p>\n<p>Por su parte, la\u00a0 encargada del despacho de la direcci\u00f3n de la Facultad de Contadur\u00eda y Administraci\u00f3n, Mar\u00eda del Carmen Hern\u00e1ndez Silva, mencion\u00f3 que esta iniciativa itinerante en la lucha de los derechos humanos busca difundir entre las y los universitarios la importancia de la tolerancia y la cultura de la no violencia, refrendando el compromiso de la UAEM\u00e9x con la b\u00fasqueda de pr\u00e1cticas que fomenten la paz y el respeto de los Derechos Humanos.<\/p>\n<p>Durante el recorrido del T\u00fanel Memoria y Tolerancia, Ad\u00e1n Garc\u00eda, Director Acad\u00e9mico del Museo de Memoria y Tolerancia de la Ciudad de M\u00e9xico, agradeci\u00f3 a la Aut\u00f3noma Mexiquense por hacer posible este espacio, ya que el Museo Memoria y Tolerancia busca ser un puente de entendimiento, reflexi\u00f3n, di\u00e1logo y reconocimiento que sale de sus instalaciones para que las y los universitarios puedan recorrerlo para reflexionar en torno a temas como el holocausto, los genocidios y los derechos humanos universales.<\/p>\n<p>El T\u00fanel de Memoria y Tolerancia surge como un espacio itinerante que comenz\u00f3 en el a\u00f1o 2016, el cual es una herramienta pedag\u00f3gica integral que busca difundir el respeto a los Derechos Humanos.<\/p>\n<p>Desde su inicio y hasta la actualidad, este espacio ha estado presente en m\u00e1s de 15 instituciones educativas y espacios p\u00fablicos en M\u00e9xico, con el objetivo de observar la tolerancia como el \u00fanico camino de la paz, a trav\u00e9s de los temas como el holocausto, el nacismo, la Segunda Guerra Munidal, Conferencia de Wannsee, entre otros, y se encontrar\u00e1 disponible al p\u00fablico universitario hasta el 15 de junio.<\/p>\n","protected":false},"excerpt":{"rendered":"<p>Con el objetivo de difundir entre las y los universitarios la importancia de la tolerancia, la no violencia y los derechos humanos, creando conciencia a trav\u00e9s de la memoria hist\u00f3rica, fue inaugurado el T\u00fanel Memoria y Tolerancia, en el marco de las actividades de la Semana de Acceso a la Cultura de Paz de la Universidad Aut\u00f3noma del Estado de M\u00e9xico (UAEM\u00e9x) y el Poder Judicial del Estado de M\u00e9xico.\u00a0<\/p>\n","protected":false},"author":3,"featured_media":547067,"comment_status":"open","ping_status":"open","sticky":false,"template":"","format":"standard","meta":{"_monsterinsights_skip_tracking":false,"_monsterinsights_sitenote_active":false,"_monsterinsights_sitenote_note":"","_monsterinsights_sitenote_category":0,"footnotes":""},"categories":[5],"tags":[54813,43675,452,67878],"class_list":["post-546961","post","type-post","status-publish","format-standard","has-post-thumbnail","hentry","category-estado-de-mexico","tag-comunidad","tag-estado-de-mexico","tag-toluca","tag-uaemex"],"_links":{"self":[{"href":"https:\/\/www.diarioimagen.net\/index.php?rest_route=\/wp\/v2\/posts\/546961","targetHints":{"allow":["GET"]}}],"collection":[{"href":"https:\/\/www.diarioimagen.net\/index.php?rest_route=\/wp\/v2\/posts"}],"about":[{"href":"https:\/\/www.diarioimagen.net\/index.php?rest_route=\/wp\/v2\/types\/post"}],"author":[{"embeddable":true,"href":"https:\/\/www.diarioimagen.net\/index.php?rest_route=\/wp\/v2\/users\/3"}],"replies":[{"embeddable":true,"href":"https:\/\/www.diarioimagen.net\/index.php?rest_route=%2Fwp%2Fv2%2Fcomments&post=546961"}],"version-history":[{"count":0,"href":"https:\/\/www.diarioimagen.net\/index.php?rest_route=\/wp\/v2\/posts\/546961\/revisions"}],"wp:featuredmedia":[{"embeddable":true,"href":"https:\/\/www.diarioimagen.net\/index.php?rest_route=\/wp\/v2\/media\/547067"}],"wp:attachment":[{"href":"https:\/\/www.diarioimagen.net\/index.php?rest_route=%2Fwp%2Fv2%2Fmedia&parent=546961"}],"wp:term":[{"taxonomy":"category","embeddable":true,"href":"https:\/\/www.diarioimagen.net\/index.php?rest_route=%2Fwp%2Fv2%2Fcategories&post=546961"},{"taxonomy":"post_tag","embeddable":true,"href":"https:\/\/www.diarioimagen.net\/index.php?rest_route=%2Fwp%2Fv2%2Ftags&post=546961"}],"curies":[{"name":"wp","href":"https:\/\/api.w.org\/{rel}","templated":true}]}}