{"id":546972,"date":"2022-05-19T00:01:06","date_gmt":"2022-05-19T05:01:06","guid":{"rendered":"https:\/\/www.diarioimagen.net\/?p=546972"},"modified":"2022-05-19T03:09:24","modified_gmt":"2022-05-19T08:09:24","slug":"mujeres-impulsoras-de-la-paz-y-de-la-familia-la-luchadora-social-marina-salgado-de-parra","status":"publish","type":"post","link":"https:\/\/www.diarioimagen.net\/?p=546972","title":{"rendered":"Mujeres, impulsoras de la paz y de la familia: la luchadora social Marina Salgado de Parra"},"content":{"rendered":"<p>&nbsp;<\/p>\n<ul>\n<li><strong><em>Encuentro con madres naucalpenses<\/em><\/strong><\/li>\n<\/ul>\n<p>&nbsp;<\/p>\n<h6>Arturo Baena<\/h6>\n<p>&nbsp;<\/p>\n<div id=\"attachment_547055\" style=\"width: 470px\" class=\"wp-caption aligncenter\"><a href=\"https:\/\/www.diarioimagen.net\/?attachment_id=547055\" rel=\"attachment wp-att-547055\"><img loading=\"lazy\" decoding=\"async\" aria-describedby=\"caption-attachment-547055\" class=\"size-full wp-image-547055\" src=\"https:\/\/www.diarioimagen.net\/wp-content\/uploads\/2022\/05\/naucalpan1-3.jpg\" alt=\"\" width=\"460\" height=\"270\" \/><\/a><p id=\"caption-attachment-547055\" class=\"wp-caption-text\">La luchadora social Marina Salgado de Parra se reuni\u00f3 con mam\u00e1s naucalpenses a quienes exhort\u00f3 a seguir luchando por su empoderamiento y el de sus familias.<\/p><\/div>\n<p>&nbsp;<\/p>\n<p><strong>Naucalpan, Estado de M\u00e9xico.\u2014<\/strong> Uno de los retos m\u00e1s importantes de las mujeres en la actualidad es buscar su crecimiento personal en todos los aspectos de la vida para ejercer su derecho y se conviertan en impulsora de la paz en la familia y la propia sociedad.<\/p>\n<p>Afirm\u00f3 lo anterior la luchadora social Marina Salgado de Parra, durante un encuentro con mam\u00e1s naucalpenses, a quienes exhort\u00f3 a seguir luchando por su empoderamiento y el de sus familias.<\/p>\n<p>Acompa\u00f1ada de la regidora priista Silvia Rojas, as\u00ed como delegadas y Copacis, \u00a0la tambi\u00e9n licenciada en Ciencias de la Educaci\u00f3n, \u00a0Salgado de Parra, abund\u00f3 qu\u00e9 \u201cme queda claro que las mujeres debemos de asumir el rol que cualquier otro ser humano, porque tenemos los atributos, somos \u00a0capaces de pensar y discernir, pero sobre todo decidir sobre circunstancias de trascendencia social e importante para ayudar y contribuir a la toma de decisiones\u201d, dijo.<\/p>\n<p>Por otra parte, la catedr\u00e1tica, afirm\u00f3 que la equidad de g\u00e9nero es fundamental para mejorar las condiciones econ\u00f3micas, sociales, pol\u00edticas, sociales y culturales de la sociedad en su conjunto. Urgente resultar\u00eda su contribuci\u00f3n para lograr una ciudadan\u00eda m\u00e1s integral para fortalecer la gobernabilidad democr\u00e1tica\u201d, reiter\u00f3.<\/p>\n<p>Marina Salgado destac\u00f3, que para todos es del conocimiento que las mujeres han sido pilar fundamental para promover la paz y la justicia, tanto en sus lugares natales como en todo el mundo. \u201cSus acciones, esfuerzos y palabras ya quedaron plasmadas en la historia de la humanidad por su valent\u00eda, sus ideas claras y liderazgo en favor de los marginados e indefensos\u201d, abund\u00f3.<\/p>\n<p>Menciono como ejemplos a la Madre Teresa de Calcuta, a Rigoberta Menchu a Malala Yousafzai, siempre luchando por la dignidad de todos los seres humanos aun a costa de su propia vida. Mujeres que con hechos, muestran amor por su pr\u00f3jimo por lo tanto brilla la luz por sus grandes aportaciones humanitarias convertidas en esperanza de prosperidad.<\/p>\n","protected":false},"excerpt":{"rendered":"<p>Uno de los retos m\u00e1s importantes de las mujeres en la actualidad es buscar su crecimiento personal en todos los aspectos de la vida para ejercer su derecho y se conviertan en impulsora de la paz en la familia y la propia sociedad.<\/p>\n","protected":false},"author":3,"featured_media":547055,"comment_status":"open","ping_status":"open","sticky":false,"template":"","format":"standard","meta":{"_monsterinsights_skip_tracking":false,"_monsterinsights_sitenote_active":false,"_monsterinsights_sitenote_note":"","_monsterinsights_sitenote_category":0,"footnotes":""},"categories":[5],"tags":[43675,95502,95503,7254,970],"class_list":["post-546972","post","type-post","status-publish","format-standard","has-post-thumbnail","hentry","category-estado-de-mexico","tag-estado-de-mexico","tag-impulsora","tag-luchadora","tag-mujer","tag-naucalpan"],"_links":{"self":[{"href":"https:\/\/www.diarioimagen.net\/index.php?rest_route=\/wp\/v2\/posts\/546972","targetHints":{"allow":["GET"]}}],"collection":[{"href":"https:\/\/www.diarioimagen.net\/index.php?rest_route=\/wp\/v2\/posts"}],"about":[{"href":"https:\/\/www.diarioimagen.net\/index.php?rest_route=\/wp\/v2\/types\/post"}],"author":[{"embeddable":true,"href":"https:\/\/www.diarioimagen.net\/index.php?rest_route=\/wp\/v2\/users\/3"}],"replies":[{"embeddable":true,"href":"https:\/\/www.diarioimagen.net\/index.php?rest_route=%2Fwp%2Fv2%2Fcomments&post=546972"}],"version-history":[{"count":0,"href":"https:\/\/www.diarioimagen.net\/index.php?rest_route=\/wp\/v2\/posts\/546972\/revisions"}],"wp:featuredmedia":[{"embeddable":true,"href":"https:\/\/www.diarioimagen.net\/index.php?rest_route=\/wp\/v2\/media\/547055"}],"wp:attachment":[{"href":"https:\/\/www.diarioimagen.net\/index.php?rest_route=%2Fwp%2Fv2%2Fmedia&parent=546972"}],"wp:term":[{"taxonomy":"category","embeddable":true,"href":"https:\/\/www.diarioimagen.net\/index.php?rest_route=%2Fwp%2Fv2%2Fcategories&post=546972"},{"taxonomy":"post_tag","embeddable":true,"href":"https:\/\/www.diarioimagen.net\/index.php?rest_route=%2Fwp%2Fv2%2Ftags&post=546972"}],"curies":[{"name":"wp","href":"https:\/\/api.w.org\/{rel}","templated":true}]}}