{"id":546999,"date":"2022-05-19T00:04:43","date_gmt":"2022-05-19T05:04:43","guid":{"rendered":"https:\/\/www.diarioimagen.net\/?p=546999"},"modified":"2022-05-19T02:06:50","modified_gmt":"2022-05-19T07:06:50","slug":"medicos-y-maestros-los-mejores-salarios","status":"publish","type":"post","link":"https:\/\/www.diarioimagen.net\/?p=546999","title":{"rendered":"M\u00e9dicos y maestros, los mejores salarios"},"content":{"rendered":"<h2>Desde el portal<\/h2>\n<h5>\u00c1ngel Soriano<\/h5>\n<p>&nbsp;<\/p>\n<p>Luego de la pol\u00e9mica por la contrataci\u00f3n de 500 m\u00e9dicos cubanos, el presidente Andr\u00e9s Manuel L\u00f3pez Obrador anunci\u00f3 que el martes 24 de mayo se dar\u00e1 a conocer la convocatoria para la contrataci\u00f3n \u2014v\u00eda IMSS-ISSSTE\u2014, de m\u00e9dicos especialistas para ocupar plazas vacantes con los mejores sueldos y que dichas convocatorias se repiten y se repiten sin ser ocupadas.<\/p>\n<p>Desde luego que esta es una oportunidad para aclarar si, efectivamente, en nuestro pa\u00eds hay profesionales dispuestos a ir a las comunidades rurales a poner al servicio de los m\u00e1s pobres sus amplios conocimientos en la medicina y si el Estado mexicano dispone de los recursos suficientes para los requerimientos de esos servicios.<\/p>\n<p>De esa manera, los m\u00e9dicos -al igual que los maestros-, demostrar\u00e1n que su vocaci\u00f3n y preparaci\u00f3n est\u00e1 al servicio de la sociedad y que su formaci\u00f3n acad\u00e9mica se devuelve al pueblo, luego de recibir instrucci\u00f3n gratuita, aunque haya especialistas con otros estudios en el extranjero, pero dispuestos a servir.<\/p>\n<p>Con hechos habr\u00e1 de aclararse todo, lo cual es resultado de una decisi\u00f3n oficial: si los m\u00e9dicos o los maestros, no quieren ir a los pueblos, el gobierno puede contratar a profesionistas del exterior, pues tiene que cumplir con su prop\u00f3sito de otorgar salud y educaci\u00f3n gratuita al pueblo sea de la forma que fuere. Y si los mexicanos aceptan tal objetivo, bienvenidos.<\/p>\n<p><strong>Turbulencias<br \/>\nNo habr\u00e1 ruptura con EU, se\u00f1ala AMLO<\/strong><\/p>\n<p>El presidente Andr\u00e9s Manuel L\u00f3pez Obrador ha sido claro al indicar que su propuesta de acudir todos los pa\u00edses de la regi\u00f3n a la Cumbre a realizarse en Los \u00c1ngeles el mes pr\u00f3ximo, de ninguna manera provocar\u00e1 una ruptura con el gobierno estadounidense, porque el presidente Joe Biden es respetuoso de la diversidad de ideas y del ejercicio soberano del pueblo de M\u00e9xico. Incluso ya ha demostrado apertura hacia Cuba y ha quedado demostrado que el bloqueo pertenece a una pol\u00edtico primitiva que atenta contra los derechos humanos, que en la actualidad ya no debe existir. Sin embargo, ha se\u00f1alado el tabasque\u00f1o, hay quienes insisten en querer provocar una ruptura con posturas conservadoras que deben ser ya superadas\u2026 De los choques o confrontaciones que se dan en el pa\u00eds, ha quedado demostrado, son motivadas por la falta de informaci\u00f3n o manipulaci\u00f3n sobre los objetivos concretos. Los m\u00e9dicos cubanos no ir\u00e1n a ideologizar a las comunidades, pues esa etapa ya fue superada. Van a cumplir un objetivo humanitario de atender la salud en pueblos remotos que no tienen acceso a la salud y a donde, ahora si, no quer\u00edan ir los m\u00e9dicos mexicanos\u2026Tampoco se busca boicotear la Cumbre de las Am\u00e9ricas porque no es f\u00e1cil manipular pueblos o jefes de Estado, se trata de adoptar una pol\u00edtica congruente que consiste en que si se efect\u00faa una Cumbre de la regi\u00f3n debe hacerse con todos y no s\u00f3lo con los fieles. Estamos en tiempos de transformaci\u00f3n y las ideas anacr\u00f3nicas del pasado ya no tienen sustento\u2026 En ese sentido, el presidente L\u00f3pez Obrador abri\u00f3 el abanico de aspirantes a la candidatura presidencial de Morena a todo su gabinete, con la recomendaci\u00f3n de que s\u00f3lo participen en la encuesta quienes tengan posibilidades reales y no s\u00f3lo para curriculum. En esta circunstancia se inscribe la alzada de mano del gobernador Alejandro Murat que indica que participar\u00e1 en las filas del tricolor al lado de \u201cAlito\u201d Moreno y del senador Miguel \u00c1ngel Osorio Chong y de otros destacados dirigentes que tienen oportunidades reales de participar en la contienda bajo los colores del superviviente PRI\u2026 Y el que da bandazos a diestra y siniestra es el incendiario l\u00edder Flavio Sosa que cumple un cometido o una convicci\u00f3n personal, de estar siempre al lado del ganador. Dej\u00f3 ya a Susana Harp y ahora va con Salom\u00f3n Jara.<\/p>\n<p><u><a href=\"mailto:asorianocarrasco@yahoo.com\" target=\"_blank\" rel=\"noopener noreferrer\"><em>asorianocarrasco@yahoo.com<\/em><\/a><br \/>\n<em><a href=\"https:\/\/revistabrecha.com\" target=\"_blank\" rel=\"noopener noreferrer\">www.revistabrecha.com<\/a><br \/>\n<a href=\"https:\/\/twitter.com\/brecharevista\" target=\"_blank\" rel=\"noopener noreferrer\">@BrechaRevista<\/a><\/em><\/u><\/p>\n","protected":false},"excerpt":{"rendered":"<p><span style=\"color: #005497;\"><strong>\u00c1ngel Soriano<\/strong><\/span><\/p>\n","protected":false},"author":3,"featured_media":0,"comment_status":"open","ping_status":"open","sticky":false,"template":"","format":"standard","meta":{"_monsterinsights_skip_tracking":false,"_monsterinsights_sitenote_active":false,"_monsterinsights_sitenote_note":"","_monsterinsights_sitenote_category":0,"footnotes":""},"categories":[135],"tags":[85,86,43674],"class_list":["post-546999","post","type-post","status-publish","format-standard","hentry","category-angel-soriano-opinion","tag-angel-soriano","tag-desde-el-portal","tag-opinion"],"_links":{"self":[{"href":"https:\/\/www.diarioimagen.net\/index.php?rest_route=\/wp\/v2\/posts\/546999","targetHints":{"allow":["GET"]}}],"collection":[{"href":"https:\/\/www.diarioimagen.net\/index.php?rest_route=\/wp\/v2\/posts"}],"about":[{"href":"https:\/\/www.diarioimagen.net\/index.php?rest_route=\/wp\/v2\/types\/post"}],"author":[{"embeddable":true,"href":"https:\/\/www.diarioimagen.net\/index.php?rest_route=\/wp\/v2\/users\/3"}],"replies":[{"embeddable":true,"href":"https:\/\/www.diarioimagen.net\/index.php?rest_route=%2Fwp%2Fv2%2Fcomments&post=546999"}],"version-history":[{"count":0,"href":"https:\/\/www.diarioimagen.net\/index.php?rest_route=\/wp\/v2\/posts\/546999\/revisions"}],"wp:attachment":[{"href":"https:\/\/www.diarioimagen.net\/index.php?rest_route=%2Fwp%2Fv2%2Fmedia&parent=546999"}],"wp:term":[{"taxonomy":"category","embeddable":true,"href":"https:\/\/www.diarioimagen.net\/index.php?rest_route=%2Fwp%2Fv2%2Fcategories&post=546999"},{"taxonomy":"post_tag","embeddable":true,"href":"https:\/\/www.diarioimagen.net\/index.php?rest_route=%2Fwp%2Fv2%2Ftags&post=546999"}],"curies":[{"name":"wp","href":"https:\/\/api.w.org\/{rel}","templated":true}]}}